{"id":171040,"date":"2025-07-23T15:32:10","date_gmt":"2025-07-23T15:32:10","guid":{"rendered":"https:\/\/cordoba.gob.ar\/?p=79580"},"modified":"2025-07-23T15:32:10","modified_gmt":"2025-07-23T15:32:10","slug":"mas-de-7000-ninos-y-ninas-disfrutaron-de-las-vacaciones-de-invierno-en-los-parques-educativos-y-centros-de-encuentro-barriales","status":"publish","type":"post","link":"http:\/\/cordobadirecto.com\/index.php\/2025\/07\/23\/mas-de-7000-ninos-y-ninas-disfrutaron-de-las-vacaciones-de-invierno-en-los-parques-educativos-y-centros-de-encuentro-barriales\/","title":{"rendered":"M\u00e1s de 7000 ni\u00f1os y ni\u00f1as disfrutaron de las vacaciones de invierno en los Parques Educativos y Centros de Encuentro Barriales"},"content":{"rendered":"<div><img src=\"http:\/\/cordobadirecto.com\/wp-content\/uploads\/2025\/07\/mas-de-7000-ninos-y-ninas-disfrutaron-de-las-vacaciones-de-invierno-en-los-parques-educativos-y-centros-de-encuentro-barriales.jpg\" class=\"ff-og-image-inserted\"><\/div>\n<ul>\n<li><strong>Las propuestas incluyeron desde festivales y espect\u00e1culos art\u00edsticos hasta talleres de arte, actividades deportivas y jornadas ambientales y mucho m\u00e1s.<\/strong><\/li>\n<\/ul>\n<hr>\n<p>Durante el receso invernal, m\u00e1s de 7000 ni\u00f1os y ni\u00f1as de la ciudad participaron de m\u00e1s de 100 propuestas culturales, deportivas, art\u00edsticas y educativas en los seis Parques Educativos y Centros de Encuentro Barriales.<\/p>\n<p>Entre el 7 y el 18 de julio, se vivieron jornadas repletas de juegos, aprendizajes y experiencias para toda la familia, con acceso libre y gratuito.<\/p>\n<p>Las propuestas incluyeron desde festivales y espect\u00e1culos art\u00edsticos hasta talleres de arte, escuelas de invierno, actividades deportivas y jornadas ambientales.<\/p>\n<p>Tambi\u00e9n se realizaron kermeses, experiencias inmersivas de cultura digital en las Tecnotecas CREA y espacios de divulgaci\u00f3n cient\u00edfica y tecnol\u00f3gica.<\/p>\n<p>Adem\u00e1s, los participantes disfrutaron de visitas al Parque de la Biodiversidad, la Plaza Cielo Tierra, el Superpark y diversas salas teatrales. A su vez, se llevaron a cabo charlas y talleres especialmente pensados para personas mayores.<\/p>\n<p>Las actividades fueron organizadas por la Secretar\u00eda de Educaci\u00f3n, a trav\u00e9s de la Subsecretar\u00eda de Educaci\u00f3n Social, Cient\u00edfica y Tecnol\u00f3gica y la Direcci\u00f3n General de Educaci\u00f3n Social.<\/p>\n<p>\u201c<em>Las vacaciones de invierno son una oportunidad para aprender, disfrutar y encontrarnos a trav\u00e9s de propuestas inclusivas, accesibles y de calidad para todas las edades<\/em>\u201d, expres\u00f3 la subsecretaria de Educaci\u00f3n Social, Cient\u00edfica y Tecnol\u00f3gica, Eugenia Rotondi.<\/p>\n","protected":false},"excerpt":{"rendered":"<p>Las propuestas incluyeron desde festivales y espect\u00e1culos art\u00edsticos hasta talleres de arte, actividades deportivas y jornadas ambientales y mucho m\u00e1s. Durante el receso invernal, m\u00e1s de 7000 ni\u00f1os y ni\u00f1as de la ciudad participaron de m\u00e1s de 100 propuestas culturales, deportivas, art\u00edsticas y educativas en los seis Parques Educativos y Centros de Encuentro Barriales. Entre [&hellip;]<\/p>\n","protected":false},"author":1,"featured_media":171041,"comment_status":"closed","ping_status":"closed","sticky":false,"template":"","format":"standard","meta":[],"categories":[44],"tags":[],"_links":{"self":[{"href":"http:\/\/cordobadirecto.com\/index.php\/wp-json\/wp\/v2\/posts\/171040"}],"collection":[{"href":"http:\/\/cordobadirecto.com\/index.php\/wp-json\/wp\/v2\/posts"}],"about":[{"href":"http:\/\/cordobadirecto.com\/index.php\/wp-json\/wp\/v2\/types\/post"}],"author":[{"embeddable":true,"href":"http:\/\/cordobadirecto.com\/index.php\/wp-json\/wp\/v2\/users\/1"}],"replies":[{"embeddable":true,"href":"http:\/\/cordobadirecto.com\/index.php\/wp-json\/wp\/v2\/comments?post=171040"}],"version-history":[{"count":0,"href":"http:\/\/cordobadirecto.com\/index.php\/wp-json\/wp\/v2\/posts\/171040\/revisions"}],"wp:featuredmedia":[{"embeddable":true,"href":"http:\/\/cordobadirecto.com\/index.php\/wp-json\/wp\/v2\/media\/171041"}],"wp:attachment":[{"href":"http:\/\/cordobadirecto.com\/index.php\/wp-json\/wp\/v2\/media?parent=171040"}],"wp:term":[{"taxonomy":"category","embeddable":true,"href":"http:\/\/cordobadirecto.com\/index.php\/wp-json\/wp\/v2\/categories?post=171040"},{"taxonomy":"post_tag","embeddable":true,"href":"http:\/\/cordobadirecto.com\/index.php\/wp-json\/wp\/v2\/tags?post=171040"}],"curies":[{"name":"wp","href":"https:\/\/api.w.org\/{rel}","templated":true}]}}