{"id":171045,"date":"2025-07-24T21:11:50","date_gmt":"2025-07-24T21:11:50","guid":{"rendered":"http:\/\/cordobadirecto.com\/index.php\/2025\/07\/24\/los-gobernadores-de-la-region-centro-presionan-a-milei-la-nacion-mete-la-mano\/"},"modified":"2025-07-24T21:11:50","modified_gmt":"2025-07-24T21:11:50","slug":"los-gobernadores-de-la-region-centro-presionan-a-milei-la-nacion-mete-la-mano","status":"publish","type":"post","link":"http:\/\/cordobadirecto.com\/index.php\/2025\/07\/24\/los-gobernadores-de-la-region-centro-presionan-a-milei-la-nacion-mete-la-mano\/","title":{"rendered":"Los gobernadores de la Regi\u00f3n CENTRO presionan a MILEI: &quot;La Naci\u00f3n mete la mano&#8230;&quot;"},"content":{"rendered":"<p><b>Econom\u00eda<\/b> y Pol\u00edtica &middot; retenciones. Ad. Retenciones &#8230; A pesar de esto \u00faltimo, los mandatarios provinciales coincidieron en <b>C\u00f3rdoba<\/b> para una <b>nueva<\/b>&nbsp;&#8230; <\/p>\n","protected":false},"excerpt":{"rendered":"<p>Econom\u00eda y Pol\u00edtica &middot; retenciones. Ad. Retenciones &#8230; A pesar de esto \u00faltimo, los mandatarios provinciales coincidieron en C\u00f3rdoba para una nueva&nbsp;&#8230;<\/p>\n","protected":false},"author":1,"featured_media":0,"comment_status":"closed","ping_status":"closed","sticky":false,"template":"","format":"standard","meta":[],"categories":[40],"tags":[],"_links":{"self":[{"href":"http:\/\/cordobadirecto.com\/index.php\/wp-json\/wp\/v2\/posts\/171045"}],"collection":[{"href":"http:\/\/cordobadirecto.com\/index.php\/wp-json\/wp\/v2\/posts"}],"about":[{"href":"http:\/\/cordobadirecto.com\/index.php\/wp-json\/wp\/v2\/types\/post"}],"author":[{"embeddable":true,"href":"http:\/\/cordobadirecto.com\/index.php\/wp-json\/wp\/v2\/users\/1"}],"replies":[{"embeddable":true,"href":"http:\/\/cordobadirecto.com\/index.php\/wp-json\/wp\/v2\/comments?post=171045"}],"version-history":[{"count":0,"href":"http:\/\/cordobadirecto.com\/index.php\/wp-json\/wp\/v2\/posts\/171045\/revisions"}],"wp:attachment":[{"href":"http:\/\/cordobadirecto.com\/index.php\/wp-json\/wp\/v2\/media?parent=171045"}],"wp:term":[{"taxonomy":"category","embeddable":true,"href":"http:\/\/cordobadirecto.com\/index.php\/wp-json\/wp\/v2\/categories?post=171045"},{"taxonomy":"post_tag","embeddable":true,"href":"http:\/\/cordobadirecto.com\/index.php\/wp-json\/wp\/v2\/tags?post=171045"}],"curies":[{"name":"wp","href":"https:\/\/api.w.org\/{rel}","templated":true}]}}