{"id":171088,"date":"2025-07-24T23:31:31","date_gmt":"2025-07-24T23:31:31","guid":{"rendered":"https:\/\/www.ole.com.ar\/autos\/charles-leclerc-heladeria-helado-lec-argentina_0_up4CG4WKvY.html"},"modified":"2025-07-24T23:31:31","modified_gmt":"2025-07-24T23:31:31","slug":"charles-leclerc-hablo-del-dulce-de-leche-y-la-posible-llegada-de-su-marca-de-helados-a-argentina","status":"publish","type":"post","link":"http:\/\/cordobadirecto.com\/index.php\/2025\/07\/24\/charles-leclerc-hablo-del-dulce-de-leche-y-la-posible-llegada-de-su-marca-de-helados-a-argentina\/","title":{"rendered":"Charles Leclerc habl\u00f3 del dulce de leche y la posible llegada de su marca de helados a Argentina"},"content":{"rendered":"<p><time class=\"createDate\" datetime=\"2025-07-24T20:31:31-03:00\">24\/07\/2025 20:31hs.<\/time><\/p>\n<div id=\"storyBody\">\n<div class=\"custom-text \" readability=\"38.639455782313\">\n<p>En la antesala del <strong>Gran Premio de B\u00e9lgica, <a href=\"https:\/\/www.ole.com.ar\/tema\/charles-leclerc.html\" target=\"_self\" title=\"Charles Leclerc\" alt=\"Charles Leclerc\" rel=\"noopener\">Charles Leclerc<\/a><\/strong> hizo una pausa en su rutina de velocidad y circuitos para hablar de un proyecto muy distinto al automovilismo: <strong>Lec, su propia marca de helados.<\/strong> Una vez consolidada en el mercado europeo, la idea es expandirla a nivel global. Consultado <strong>sobre una posible llegada a la Argentina, el hombre de Ferrari dej\u00f3 abierta la posibilidad<\/strong>, y hasta se anim\u00f3 a tirar un sabor nacional t\u00edpico.<\/p>\n<\/div>\n<div class=\"custom-text \" readability=\"41\">\n<p>Juan Fossaroli, periodista de ESPN presente en Francorchamps, le consult\u00f3 al piloto sobre su reciente faceta como heladero y cu\u00e1ndo llegar\u00e1n sus productos al pa\u00eds. El monegasco, haciendo gala de su personalidad, se anim\u00f3 a responder en espa\u00f1ol: <strong>\u201cNecesitamos un poco de tiempo.<\/strong> Antes, necesitamos desarrollarnos en Europa. De a poquito, como hablo este idioma\u201d.<\/p>\n<\/div>\n<div class=\"sc-e7b891c4-0 ifHnQL image-embed\"><img alt=\"Leclerc, con los helados de su marca Lec.(Foto: @Lec)\" loading=\"lazy\" width=\"720\" height=\"100\" decoding=\"async\" data-nimg=\"1\" src=\"http:\/\/cordobadirecto.com\/wp-content\/uploads\/2025\/07\/charles-leclerc-hablo-del-dulce-de-leche-y-la-posible-llegada-de-su-marca-de-helados-a-argentina.jpg\"><span class=\"epigraphe\">Leclerc, con los helados de su marca Lec.(Foto: @Lec)<\/span><\/div>\n<div class=\"custom-text \" readability=\"38\">\n<p>Un gusto cl\u00e1sico que no suele faltar en la mesa de los argentinos es el <strong>dulce de leche.<\/strong> Ante la consulta sobre si conoce ese sabor, <strong>Leclerc no dud\u00f3: \u201cS\u00ed, claro.<\/strong> No lo tengo para hoy&#8230; pero en el futuro, <strong>cuando Lec est\u00e9 en Argentina, \u00bfpor qu\u00e9 no?\u201d.<\/strong><\/p>\n<\/div>\n<p><h2>Leclerc tambi\u00e9n incursion\u00f3 en el mundo de la moda<\/h2>\n<\/p>\n<div class=\"custom-text \" readability=\"37\">\n<p><strong>El logo de Ferrari es uno de los m\u00e1s reconocidos en el mundo.<\/strong> La imagen del caballo evoca inmediatamente a la marca, que tambi\u00e9n se identifica por su caracter\u00edstico color rojo. Esto va m\u00e1s all\u00e1 de los fierros: <strong>en Italia<\/strong> -de donde es oriundo el Cavallino Rampante- <strong>la moda est\u00e1 a la orden del d\u00eda. Por eso mismo, la firma lanz\u00f3 una l\u00ednea de ropa urbana.<\/strong><\/p>\n<\/div>\n<div class=\"custom-text \" readability=\"43\">\n<p>M\u00f3naco no se queda atr\u00e1s en lo que a glamour se refiere, por lo que <strong>Rocco Iannone,<\/strong> director creativo de la etiqueta, <strong>no dud\u00f3 en ofrecerle a Leclerc una colaboraci\u00f3n. El monegasco acept\u00f3 e incluso actu\u00f3 como modelo<\/strong> para presentar la indumentaria, que incluy\u00f3 su\u00e9teres, remeras, pantalones, camperas y camisas. En cuanto a los precios, las distintas prendas se pueden adquirir desde 270 hasta 2.100 euros.<\/p>\n<\/div>\n<div class=\"sc-e7b891c4-0 ifHnQL image-embed\"><img alt=\"El monegasco pos\u00f3 para las c\u00e1maras en su colaboraci\u00f3n con Ferrari Style. (Foto: @Charles_Leclerc)\" loading=\"lazy\" width=\"720\" height=\"100\" decoding=\"async\" data-nimg=\"1\" src=\"http:\/\/cordobadirecto.com\/wp-content\/uploads\/2025\/07\/charles-leclerc-hablo-del-dulce-de-leche-y-la-posible-llegada-de-su-marca-de-helados-a-argentina-1.jpg\"><span class=\"epigraphe\">El monegasco pos\u00f3 para las c\u00e1maras en su colaboraci\u00f3n con Ferrari Style. (Foto: @Charles_Leclerc)<\/span><\/div>\n<div class=\"sc-a7166897-0 eoLsBE\" readability=\"6\">\n<section readability=\"2\"><picture><img alt=\"Video: as\u00ed fue el recibimiento de los hinchas argentinos a Colapinto en Spa\" loading=\"lazy\" width=\"290\" height=\"290\" decoding=\"async\" data-nimg=\"1\" src=\"http:\/\/cordobadirecto.com\/wp-content\/uploads\/2025\/07\/charles-leclerc-hablo-del-dulce-de-leche-y-la-posible-llegada-de-su-marca-de-helados-a-argentina-2.jpg\"><\/picture>\n<p><span>Mir\u00e1 tambi\u00e9n<\/span><\/p>\n<hr>\n<h3>Video: as\u00ed fue el recibimiento de los hinchas argentinos a Colapinto en Spa<\/h3>\n<\/p>\n<\/section>\n<\/div>\n<div class=\"sc-a7166897-0 eoLsBE\" readability=\"6.5\">\n<section readability=\"3\"><picture><img alt=\"Qu\u00e9 dijo Franco Colapinto de la fallida largada en Silverstone y lo que trabajaron para que no suceda en el GP de B\u00e9lgica\" loading=\"lazy\" width=\"290\" height=\"290\" decoding=\"async\" data-nimg=\"1\" src=\"http:\/\/cordobadirecto.com\/wp-content\/uploads\/2025\/07\/charles-leclerc-hablo-del-dulce-de-leche-y-la-posible-llegada-de-su-marca-de-helados-a-argentina-3.jpg\"><\/picture>\n<p><span>Mir\u00e1 tambi\u00e9n<\/span><\/p>\n<hr>\n<h3>Qu\u00e9 dijo Franco Colapinto de la fallida largada en Silverstone y lo que trabajaron para que no suceda en el GP de B\u00e9lgica<\/h3>\n<\/p>\n<\/section>\n<\/div>\n<div class=\"sc-a7166897-0 eoLsBE\" readability=\"6\">\n<section readability=\"2\"><picture><img alt=\"El tricampe\u00f3n del TC 2000 que sali\u00f3 a bancar a Franco Colapinto\" loading=\"lazy\" width=\"290\" height=\"290\" decoding=\"async\" data-nimg=\"1\" src=\"http:\/\/cordobadirecto.com\/wp-content\/uploads\/2025\/07\/charles-leclerc-hablo-del-dulce-de-leche-y-la-posible-llegada-de-su-marca-de-helados-a-argentina-4.jpg\"><\/picture>\n<p><span>Mir\u00e1 tambi\u00e9n<\/span><\/p>\n<hr>\n<h3>El tricampe\u00f3n del TC 2000 que sali\u00f3 a bancar a Franco Colapinto<\/h3>\n<\/p>\n<\/section>\n<\/div>\n<\/div>\n","protected":false},"excerpt":{"rendered":"<p>24\/07\/2025 20:31hs. En la antesala del Gran Premio de B\u00e9lgica, Charles Leclerc hizo una pausa en su rutina de velocidad y circuitos para hablar de un proyecto muy distinto al automovilismo: Lec, su propia marca de helados. Una vez consolidada en el mercado europeo, la idea es expandirla a nivel global. Consultado sobre una posible [&hellip;]<\/p>\n","protected":false},"author":1,"featured_media":171089,"comment_status":"closed","ping_status":"closed","sticky":false,"template":"","format":"standard","meta":[],"categories":[21],"tags":[],"_links":{"self":[{"href":"http:\/\/cordobadirecto.com\/index.php\/wp-json\/wp\/v2\/posts\/171088"}],"collection":[{"href":"http:\/\/cordobadirecto.com\/index.php\/wp-json\/wp\/v2\/posts"}],"about":[{"href":"http:\/\/cordobadirecto.com\/index.php\/wp-json\/wp\/v2\/types\/post"}],"author":[{"embeddable":true,"href":"http:\/\/cordobadirecto.com\/index.php\/wp-json\/wp\/v2\/users\/1"}],"replies":[{"embeddable":true,"href":"http:\/\/cordobadirecto.com\/index.php\/wp-json\/wp\/v2\/comments?post=171088"}],"version-history":[{"count":0,"href":"http:\/\/cordobadirecto.com\/index.php\/wp-json\/wp\/v2\/posts\/171088\/revisions"}],"wp:featuredmedia":[{"embeddable":true,"href":"http:\/\/cordobadirecto.com\/index.php\/wp-json\/wp\/v2\/media\/171089"}],"wp:attachment":[{"href":"http:\/\/cordobadirecto.com\/index.php\/wp-json\/wp\/v2\/media?parent=171088"}],"wp:term":[{"taxonomy":"category","embeddable":true,"href":"http:\/\/cordobadirecto.com\/index.php\/wp-json\/wp\/v2\/categories?post=171088"},{"taxonomy":"post_tag","embeddable":true,"href":"http:\/\/cordobadirecto.com\/index.php\/wp-json\/wp\/v2\/tags?post=171088"}],"curies":[{"name":"wp","href":"https:\/\/api.w.org\/{rel}","templated":true}]}}