{"id":171090,"date":"2025-07-24T20:41:26","date_gmt":"2025-07-24T20:41:26","guid":{"rendered":"https:\/\/www.ole.com.ar\/autos\/recibimiento-argentino-franco-colapinto-bandera-f1-formula-1-alpine-posteo-juego-gasly-gp-belgica_0_MWuTfhS24N.html"},"modified":"2025-07-24T20:41:26","modified_gmt":"2025-07-24T20:41:26","slug":"video-asi-fue-el-recibimiento-de-los-hinchas-argentinos-a-colapinto-en-spa","status":"publish","type":"post","link":"http:\/\/cordobadirecto.com\/index.php\/2025\/07\/24\/video-asi-fue-el-recibimiento-de-los-hinchas-argentinos-a-colapinto-en-spa\/","title":{"rendered":"Video: as\u00ed fue el recibimiento de los hinchas argentinos a Colapinto en Spa"},"content":{"rendered":"<p><time class=\"createDate\" datetime=\"2025-07-24T17:41:26-03:00\">24\/07\/2025 17:41hs.<\/time><\/p>\n<div id=\"storyBody\">\n<div class=\"custom-text \" readability=\"34.745591939547\">\n<p>Menos de 24 horas separan a las escuder\u00edas y sus pilotos de salir a probar el asfalto del circuito de <strong>Spa-Francorchamps,<\/strong> <strong>por el Gran Premio de B\u00e9lgica. <\/strong><a href=\"https:\/\/www.ole.com.ar\/tema\/alpine.html\" target=\"_self\" title=\"Alpine\" alt=\"Alpine\" rel=\"noopener\">Alpine<\/a> ya tiene todo preparado, y tanto <a href=\"https:\/\/www.ole.com.ar\/tema\/franco-colapinto.html\" target=\"_self\" title=\"Franco Colapinto\" alt=\"Franco Colapinto\" rel=\"noopener\">Franco Colapinto<\/a> como <a href=\"https:\/\/www.ole.com.ar\/tema\/pierre-gasly.html\" target=\"_self\" title=\"Pierre Gasly\" alt=\"Pierre Gasly\" rel=\"noopener\">Pierre Gasly<\/a> est\u00e1n junto a todo el equipo en el pa\u00eds. En el tradicional media day previo a las FP1, la escuder\u00eda francesa subi\u00f3 <strong>dos videos donde el argentino es el protagonista.<\/strong><\/p>\n<\/div>\n<div class=\"custom-text \" readability=\"38.6425\">\n<p>Y s\u00ed, adem\u00e1s de estar en las <a href=\"https:\/\/www.ole.com.ar\/autos\/franco-colapinto-conferencia-prensa-media-day-argentina-formula-1_0_rn6bnmQylt.html\" target=\"_self\" title=\"conferencias de prensa,\" alt=\"conferencias de prensa,\" rel=\"noopener\">conferencias de prensa,<\/a> <strong>el pilarense se hace tiempo para estar con los hinchas y divertirse,<\/strong> como se ve en las publicaciones de su equipo. En la primera de ellas se lo ve a <strong>Franco saludando desde el A525,<\/strong> y luego la toma pasa a enfocar a hinchas albicelestes que ten\u00edan una bandera nacional con la frase:<strong> &#8220;Es argentino, no lo entender\u00edas&#8221;, junto a la cara del piloto.<\/strong><\/p>\n<\/div>\n<p><h3><strong>La bandera argentina en el recibimiento a Franco Colapinto en B\u00e9lgica<\/strong><\/h3>\n<\/p>\n<div class=\"sc-3c5a76cc-1 idjLTd\" readability=\"7\">\n<div class=\"sc-d00d9e74-0 hnHYbk\" type=\"embed\">\n<div class=\"sc-d00d9e74-1 iKVbz videoText\" id=\"contentTitleembedxwRbLw9D\" type=\"embed\"><svg fill=\"#ffffff\"><symbol id=\"play\" viewBox=\"0 0 512 512\"><path d=\"M512 256C512 397.4 397.4 512 256 512C114.6 512 0 397.4 0 256C0 114.6 114.6 0 256 0C397.4 0 512 114.6 512 256zM176 168V344C176 352.7 180.7 360.7 188.3 364.9C195.8 369.2 205.1 369 212.5 364.5L356.5 276.5C363.6 272.1 368 264.4 368 256C368 247.6 363.6 239.9 356.5 235.5L212.5 147.5C205.1 142.1 195.8 142.8 188.3 147.1C180.7 151.3 176 159.3 176 168V168z\" \/><\/symbol><use xlink:href=\"#play\" \/><\/svg><\/p>\n<div class=\"right\">\n<p>Franco Colapinto<!-- --> &#8211; <span>&nbsp;<\/span><\/p>\n<h2 class=\"title-vid\">Los hinchas argentinos coparon Spa para alentar a Franco Colapinto en la previa del GP de B\u00e9lgica.<\/h2>\n<\/div>\n<\/div>\n<p><span class=\"back\" id=\"spanBackembedxwRbLw9D\"><\/span><\/div>\n<div class=\"JWvideoNota_title\" readability=\"9\">\n<p>Con banderas celestes y blancas, hinchas argentinos recibieron al pilarense en la previa del fin de semana en el circuito belga.<\/p>\n<\/div>\n<\/div>\n<div class=\"custom-text \" readability=\"39\">\n<p>Un rato antes, hab\u00edan hecho un posteo un poco distinto: <strong>un test de reflejos<\/strong> que termin\u00f3 convirti\u00e9ndose en uno de <strong>paciencia. <\/strong>En \u00e9l, los participantes fueron los dos pilotos de Alpine, <strong>Colapinto y Gasly.<\/strong> El argentino se fue frustrado por no obtener un buen resultado, pero el franc\u00e9s termin\u00f3 conforme.<\/p>\n<\/div>\n<p><h3>El test de reflejos y paciencia al que se sometieron Colapinto y Gasly<\/h3>\n<\/p>\n<div class=\"sc-3c5a76cc-1 idjLTd\" readability=\"7\">\n<div class=\"sc-d00d9e74-0 hnHYbk\" type=\"embed\">\n<div class=\"sc-d00d9e74-1 iKVbz videoText\" id=\"contentTitleembed2YASyI9n\" type=\"embed\"><svg fill=\"#ffffff\"><symbol id=\"play\" viewBox=\"0 0 512 512\"><path d=\"M512 256C512 397.4 397.4 512 256 512C114.6 512 0 397.4 0 256C0 114.6 114.6 0 256 0C397.4 0 512 114.6 512 256zM176 168V344C176 352.7 180.7 360.7 188.3 364.9C195.8 369.2 205.1 369 212.5 364.5L356.5 276.5C363.6 272.1 368 264.4 368 256C368 247.6 363.6 239.9 356.5 235.5L212.5 147.5C205.1 142.1 195.8 142.8 188.3 147.1C180.7 151.3 176 159.3 176 168V168z\" \/><\/symbol><use xlink:href=\"#play\" \/><\/svg><\/p>\n<div class=\"right\">\n<p>Franco Colapinto<!-- --> &#8211; <span>&nbsp;<\/span><\/p>\n<h2 class=\"title-vid\">Colapinto y Gasly se midieron en un test de reflejos antes del GP de B\u00e9lgica<\/h2>\n<\/div>\n<\/div>\n<p><span class=\"back\" id=\"spanBackembed2YASyI9n\"><\/span><\/div>\n<div class=\"JWvideoNota_title\" readability=\"9\">\n<p>El pilarense y el franc\u00e9s participaron de un divertido juego de reflejos organizado por Alpine, en la previa al arranque de la actividad en pista en el circuito belga.<\/p>\n<\/div>\n<\/div>\n<p><h2>Cu\u00e1ndo corre Franco Colapinto y qu\u00e9 dijo en la previa del GP de B\u00e9lgica<\/h2>\n<\/p>\n<div class=\"custom-text \" readability=\"39\">\n<p><strong>Este viernes comienza la actividad del Gran Premio de B\u00e9lgica<\/strong> en el circuito de Spa-Francorchamps. La jornada abrir\u00e1 con la primera pr\u00e1ctica libre a las 7.30, seguida por la <strong>clasificaci\u00f3n del sprint a las 11.30.<\/strong> El s\u00e1bado se disputar\u00e1<strong> la carrera corta a las 7<\/strong> y, m\u00e1s tarde, <strong>la qualy para la final a las 11.<\/strong> El domingo,<strong> la carrera principal<\/strong> se largar\u00e1 <strong>a las 10.<\/strong> Toda la acci\u00f3n podr\u00e1 verse<strong> por Disney + Premium y la se\u00f1al de Fox Sports.<\/strong><\/p>\n<\/div>\n<div class=\"sc-e7b891c4-0 ifHnQL image-embed\"><img alt=\"Colapinto en la conferencia previa al GP de B\u00e9lgica. (REUTER)\" loading=\"lazy\" width=\"720\" height=\"100\" decoding=\"async\" data-nimg=\"1\" src=\"http:\/\/cordobadirecto.com\/wp-content\/uploads\/2025\/07\/video-asi-fue-el-recibimiento-de-los-hinchas-argentinos-a-colapinto-en-spa.jpg\"><span class=\"epigraphe\">Colapinto en la conferencia previa al GP de B\u00e9lgica. (REUTER)<\/span><\/div>\n<div class=\"custom-text \" readability=\"39\">\n<p><strong>Antes de salir por primera vez a pista en la pr\u00e1ctica,<\/strong> <strong>Colapinto<\/strong> cont\u00f3 sus sensaciones y expectativas para el finde: \u201cAlgunos circuitos tuvieron debilidades, algunas buenas tandas largas, pero nos estamos centrando en el rendimiento con menos combustible\u201d. Y agreg\u00f3: <strong>\u201cTenemos que aprovechar la oportunidad, aunque no ser\u00e1 f\u00e1cil con el sprint y el clima que se viene\u201d.<\/strong><\/p>\n<\/div>\n<div class=\"custom-text \" readability=\"36\">\n<p>Luego, cont\u00f3 c\u00f3mo se prepar\u00f3 tras su paso fallido por <strong>Silverstone<\/strong> en la \u00faltima fecha: \u201cSegu\u00ed trabajando en la f\u00e1brica con los ingenieros e hicimos un buen trabajo. <strong>Fue bueno tomar un descanso, recargar energ\u00edas y estar listo para Spa\u201d.<\/strong> \u00bfPodr\u00e1 sumar sus primeros puntos con Alpine?<\/p>\n<\/div>\n<div class=\"sc-e7b891c4-0 ifHnQL image-embed\"><img alt=\"En Silverstone, Colapinto no corri\u00f3 por un problema t\u00e9cnico de su auto. \" loading=\"lazy\" width=\"720\" height=\"100\" decoding=\"async\" data-nimg=\"1\" src=\"http:\/\/cordobadirecto.com\/wp-content\/uploads\/2025\/07\/video-asi-fue-el-recibimiento-de-los-hinchas-argentinos-a-colapinto-en-spa-1.jpg\"><span class=\"epigraphe\">En Silverstone, Colapinto no corri\u00f3 por un problema t\u00e9cnico de su auto. <\/span><\/div>\n<div class=\"sc-a7166897-0 eoLsBE\" readability=\"6.5\">\n<section readability=\"3\"><picture><img alt=\"Qu\u00e9 dijo Franco Colapinto de la fallida largada en Silverstone y lo que trabajaron para que no suceda en el GP de B\u00e9lgica\" loading=\"lazy\" width=\"290\" height=\"290\" decoding=\"async\" data-nimg=\"1\" src=\"http:\/\/cordobadirecto.com\/wp-content\/uploads\/2025\/07\/video-asi-fue-el-recibimiento-de-los-hinchas-argentinos-a-colapinto-en-spa-2.jpg\"><\/picture>\n<p><span>Mir\u00e1 tambi\u00e9n<\/span><\/p>\n<hr>\n<h3>Qu\u00e9 dijo Franco Colapinto de la fallida largada en Silverstone y lo que trabajaron para que no suceda en el GP de B\u00e9lgica<\/h3>\n<\/p>\n<\/section>\n<\/div>\n<div class=\"sc-a7166897-0 eoLsBE\" readability=\"6\">\n<section readability=\"2\"><picture><img alt=\"El tricampe\u00f3n del TC 2000 que sali\u00f3 a bancar a Franco Colapinto\" loading=\"lazy\" width=\"290\" height=\"290\" decoding=\"async\" data-nimg=\"1\" src=\"http:\/\/cordobadirecto.com\/wp-content\/uploads\/2025\/07\/video-asi-fue-el-recibimiento-de-los-hinchas-argentinos-a-colapinto-en-spa-3.jpg\"><\/picture>\n<p><span>Mir\u00e1 tambi\u00e9n<\/span><\/p>\n<hr>\n<h3>El tricampe\u00f3n del TC 2000 que sali\u00f3 a bancar a Franco Colapinto<\/h3>\n<\/p>\n<\/section>\n<\/div>\n<div class=\"sc-a7166897-0 eoLsBE\" readability=\"6.5\">\n<section readability=\"3\"><picture><img alt=\"Franco Colapinto habl\u00f3 antes del arranque del GP de B\u00e9lgica: lo que busca mejorar y el sue\u00f1o del regreso de la F1 a la Argentina\" loading=\"lazy\" width=\"290\" height=\"290\" decoding=\"async\" data-nimg=\"1\" src=\"http:\/\/cordobadirecto.com\/wp-content\/uploads\/2025\/07\/video-asi-fue-el-recibimiento-de-los-hinchas-argentinos-a-colapinto-en-spa-4.jpg\"><\/picture>\n<p><span>Mir\u00e1 tambi\u00e9n<\/span><\/p>\n<hr>\n<h3>Franco Colapinto habl\u00f3 antes del arranque del GP de B\u00e9lgica: lo que busca mejorar y el sue\u00f1o del regreso de la F1 a la Argentina<\/h3>\n<\/p>\n<\/section>\n<\/div>\n<\/div>\n","protected":false},"excerpt":{"rendered":"<p>24\/07\/2025 17:41hs. Menos de 24 horas separan a las escuder\u00edas y sus pilotos de salir a probar el asfalto del circuito de Spa-Francorchamps, por el Gran Premio de B\u00e9lgica. Alpine ya tiene todo preparado, y tanto Franco Colapinto como Pierre Gasly est\u00e1n junto a todo el equipo en el pa\u00eds. En el tradicional media day [&hellip;]<\/p>\n","protected":false},"author":1,"featured_media":171091,"comment_status":"closed","ping_status":"closed","sticky":false,"template":"","format":"standard","meta":[],"categories":[21],"tags":[],"_links":{"self":[{"href":"http:\/\/cordobadirecto.com\/index.php\/wp-json\/wp\/v2\/posts\/171090"}],"collection":[{"href":"http:\/\/cordobadirecto.com\/index.php\/wp-json\/wp\/v2\/posts"}],"about":[{"href":"http:\/\/cordobadirecto.com\/index.php\/wp-json\/wp\/v2\/types\/post"}],"author":[{"embeddable":true,"href":"http:\/\/cordobadirecto.com\/index.php\/wp-json\/wp\/v2\/users\/1"}],"replies":[{"embeddable":true,"href":"http:\/\/cordobadirecto.com\/index.php\/wp-json\/wp\/v2\/comments?post=171090"}],"version-history":[{"count":0,"href":"http:\/\/cordobadirecto.com\/index.php\/wp-json\/wp\/v2\/posts\/171090\/revisions"}],"wp:featuredmedia":[{"embeddable":true,"href":"http:\/\/cordobadirecto.com\/index.php\/wp-json\/wp\/v2\/media\/171091"}],"wp:attachment":[{"href":"http:\/\/cordobadirecto.com\/index.php\/wp-json\/wp\/v2\/media?parent=171090"}],"wp:term":[{"taxonomy":"category","embeddable":true,"href":"http:\/\/cordobadirecto.com\/index.php\/wp-json\/wp\/v2\/categories?post=171090"},{"taxonomy":"post_tag","embeddable":true,"href":"http:\/\/cordobadirecto.com\/index.php\/wp-json\/wp\/v2\/tags?post=171090"}],"curies":[{"name":"wp","href":"https:\/\/api.w.org\/{rel}","templated":true}]}}