{"id":171092,"date":"2025-07-25T02:01:33","date_gmt":"2025-07-25T02:01:33","guid":{"rendered":"https:\/\/www.ole.com.ar\/futbol-ascenso\/ascenso-primera-nacional-gimnasia-mendoza-ariel-broggi-nuevo-entrenador_0_pvcmudBRx6.html"},"modified":"2025-07-25T02:01:33","modified_gmt":"2025-07-25T02:01:33","slug":"fue-campeon-del-futbol-argentino-y-es-nuevo-entrenador-de-un-club-del-ascenso","status":"publish","type":"post","link":"http:\/\/cordobadirecto.com\/index.php\/2025\/07\/25\/fue-campeon-del-futbol-argentino-y-es-nuevo-entrenador-de-un-club-del-ascenso\/","title":{"rendered":"Fue campe\u00f3n del f\u00fatbol argentino y es nuevo entrenador de un club del Ascenso"},"content":{"rendered":"<p><time class=\"createDate\" datetime=\"2025-07-24T18:43:09-03:00\">24\/07\/2025 18:43hs.<\/time><\/p>\n<div id=\"storyBody\">\n<div class=\"custom-text \" readability=\"31.56338028169\">\n<p><a href=\"https:\/\/www.ole.com.ar\/tema\/gimnasia-de-mendoza.html\" title=\"Gimnasia de Mendoza\" alt=\"Gimnasia de Mendoza\" class=\"slug\">Gimnasia de Mendoza<\/a> est\u00e1 siendo protagonista en la <a href=\"https:\/\/www.ole.com.ar\/tema\/primera-nacional.html\" title=\"Primera Nacional\" alt=\"Primera Nacional\" class=\"slug\">Primera Nacional<\/a>, luchando entre los primeros puestos de la tabla de la Zona B. Pero a pesar de este buen momento, <strong>la dirigencia del Lobo tom\u00f3 una decisi\u00f3n que sorprendi\u00f3<\/strong> a todo el mundo del Ascenso: <strong>despidi\u00f3 a Ezequiel Medr\u00e1n.<\/strong><\/p>\n<\/div>\n<div class=\"custom-text \" readability=\"35.51256281407\">\n<p>Seg\u00fan lo que se conoci\u00f3, en la interna blanquinegra <strong>no convencen las formas del equipo y creen que es el momento de dar un salto de calidad<\/strong>. Debido a esto, la Comisi\u00f3n Directiva tuvo que poner manos a la obra para encontrar un t\u00e9cnico que pueda aumentar el nivel futbol\u00edstico del equipo. Por lo que <strong>decidi\u00f3 llamar a un t\u00e9cnico joven y con un reciente paso por un club de la <a href=\"https:\/\/www.ole.com.ar\/tema\/liga-profesional.html\" title=\"Liga Profesional\" alt=\"Liga Profesional\" class=\"slug\">Liga Profesional<\/a>.<\/strong><\/p>\n<\/div>\n<div class=\"custom-text \" readability=\"31.36\">\n<p>Se trata de<strong> <a href=\"https:\/\/www.ole.com.ar\/tema\/ariel-broggi.html\" title=\"Ariel Broggi\" alt=\"Ariel Broggi\" class=\"slug\">Ariel Broggi<\/a><\/strong>, exjugador y ahora entrenador que <strong>llega para mejorar el funcionamiento y subir la competitividad<\/strong> del conjunto mendocino de cara a lo que resta del Nacional, <strong>pensando en el Ascenso a <a href=\"https:\/\/www.ole.com.ar\/tema\/primera-division.html\" title=\"Primera Divisi\u00f3n\" alt=\"Primera Divisi\u00f3n\" class=\"slug\">Primera Divisi\u00f3n<\/a>.<\/strong><\/p>\n<\/div>\n<div class=\"sc-e7b891c4-0 ifHnQL image-embed\"><img alt=\"Ariel Broggi es nuevo DT de Gimnasia de Mendoza.\" loading=\"lazy\" width=\"720\" height=\"100\" decoding=\"async\" data-nimg=\"1\" src=\"http:\/\/cordobadirecto.com\/wp-content\/uploads\/2025\/07\/fue-campeon-del-futbol-argentino-y-es-nuevo-entrenador-de-un-club-del-ascenso.jpg\"><span class=\"epigraphe\">Ariel Broggi es nuevo DT de Gimnasia de Mendoza.<\/span><\/div>\n<p><h2><strong>El comunicado del Lobo mendocino<\/strong><\/h2>\n<\/p>\n<div class=\"custom-text \" readability=\"34\">\n<p>Ariel Broggi ya se puso el buzo de t\u00e9cnico de Gimnasia. El flamante entrenador <strong>trabaja junto a Cristian Bardaro, Walter Grazziosi (ayudantes de campo) y Emanuel Lillini (preparador f\u00edsico).<\/strong><\/p>\n<\/div>\n<div class=\"custom-embedhtml\" readability=\"7.9942693409742\">\n<blockquote class=\"twitter-tweet\" readability=\"9.7707736389685\">\n<p lang=\"es\" dir=\"ltr\">\ud83d\udd1b \u00a1Pusimos primera! \ud83d\udcaf<\/p>\n<p>Ariel Broggi ya se puso el buzo de t\u00e9cnico de Gimnasia. El flamante entrenador trabaja junto a Cristian Bardaro, Walter Grazziosi (ayudantes de campo) y Emanuel Lillini (preparador f\u00edsico).<\/p>\n<p>Siempre para adelante \ud83d\udd25\ud83d\udc3a <a href=\"https:\/\/t.co\/zWyPUOXfFI\">pic.twitter.com\/zWyPUOXfFI<\/a><\/p>\n<p>\u2014 Gimnasia y Esgrima Mza 8\ufe0f\u20e3\u2665\ufe0f (@GimnasiaMendoza) <a href=\"https:\/\/twitter.com\/GimnasiaMendoza\/status\/1948455504918790560?ref_src=twsrc%5Etfw\">July 24, 2025<\/a><\/p><\/blockquote><\/div>\n<p><h2><strong>De salir campe\u00f3n en el f\u00fatbol argentino a las primeras experiencias como DT <\/strong><\/h2>\n<\/p>\n<div class=\"custom-text \" readability=\"38\">\n<p>Como jugador, <strong>debut\u00f3 en V\u00e9lez<\/strong>, club en el cual consigui\u00f3 <strong>el campeonato del Torneo Clausura 2005<\/strong>, siendo uno de los pilares de aquel equipo . Luego, l<strong>e toc\u00f3 jugar en Banfield<\/strong> donde tambi\u00e9n form\u00f3 parte del plantel que <strong>se consagr\u00f3 por primera vez en el Torneo Apertura 2009<\/strong>.<\/p>\n<\/div>\n<div class=\"sc-e7b891c4-0 ifHnQL image-embed\"><img alt=\"Ariel Broggi logr\u00f3 el campeonato con Banfield en 2009.\" loading=\"lazy\" width=\"720\" height=\"100\" decoding=\"async\" data-nimg=\"1\" src=\"http:\/\/cordobadirecto.com\/wp-content\/uploads\/2025\/07\/fue-campeon-del-futbol-argentino-y-es-nuevo-entrenador-de-un-club-del-ascenso-1.jpg\"><span class=\"epigraphe\">Ariel Broggi logr\u00f3 el campeonato con Banfield en 2009.<\/span><\/div>\n<div class=\"custom-text \" readability=\"39\">\n<p>En enero de 2017, Broggi empez\u00f3 su carrera como entrenador, estando a cargo de la <strong>reserva de Banfield<\/strong>. En diciembre del mismo a\u00f1o, <strong>Eduardo Coudet lo convoc\u00f3 para formar parte de su cuerpo t\u00e9cnic<\/strong>o como ayudante de campo durante su etapa en <strong>Racing<\/strong>. Tambi\u00e9n lo acompa\u00f1\u00f3 en su paso por <strong>Inter de Porto Alegre, Celta de Vigo y Atl\u00e9tico Mineiro.<\/strong><\/p>\n<\/div>\n<div class=\"sc-e7b891c4-0 ifHnQL image-embed\"><img alt=\"Broggi como DT de Banfield (Prensa Banfield)\" loading=\"lazy\" width=\"720\" height=\"100\" decoding=\"async\" data-nimg=\"1\" src=\"http:\/\/cordobadirecto.com\/wp-content\/uploads\/2025\/07\/fue-campeon-del-futbol-argentino-y-es-nuevo-entrenador-de-un-club-del-ascenso-2.jpg\"><span class=\"epigraphe\">Broggi como DT de Banfield (Prensa Banfield)<\/span><\/div>\n<div class=\"custom-text \" readability=\"39\">\n<p>El 11 de diciembre de 2024, <strong>tuvo su primera experiencia como det\u00e9 de Banfield<\/strong>, club donde estuvo hasta abril de 2025. Ahora, ante la destituci\u00f3n del Profe Medr\u00e1n, Broggi agarra un equipo muy bien posicionado en el Nacional y tendr\u00e1 la tarea de mantener el buen nivel para lo que se viene. <strong>\u00bfPodr\u00e1 mantenerlo? <\/strong><\/p>\n<\/div>\n<div class=\"sc-a7166897-0 eoLsBE\" readability=\"6\">\n<section readability=\"2\"><picture><img alt=\"El video especial de River para darles la bienvenida a Portillo y Galarza Fonda\" loading=\"lazy\" width=\"290\" height=\"290\" decoding=\"async\" data-nimg=\"1\" src=\"http:\/\/cordobadirecto.com\/wp-content\/uploads\/2025\/07\/fue-campeon-del-futbol-argentino-y-es-nuevo-entrenador-de-un-club-del-ascenso-3.jpg\"><\/picture>\n<p><span>Mir\u00e1 tambi\u00e9n<\/span><\/p>\n<hr>\n<h3>El video especial de River para darles la bienvenida a Portillo y Galarza Fonda<\/h3>\n<\/p>\n<\/section>\n<\/div>\n<div class=\"sc-a7166897-0 eoLsBE\" readability=\"6\">\n<section readability=\"2\"><picture><img alt=\"Denuncia penal a la UEFA por el penal anulado a Juli\u00e1n \u00c1lvarez\" loading=\"lazy\" width=\"290\" height=\"290\" decoding=\"async\" data-nimg=\"1\" src=\"http:\/\/cordobadirecto.com\/wp-content\/uploads\/2025\/07\/fue-campeon-del-futbol-argentino-y-es-nuevo-entrenador-de-un-club-del-ascenso-4.jpg\"><\/picture>\n<p><span>Mir\u00e1 tambi\u00e9n<\/span><\/p>\n<hr>\n<h3>Denuncia penal a la UEFA por el penal anulado a Juli\u00e1n \u00c1lvarez<\/h3>\n<\/p>\n<\/section>\n<\/div>\n<\/div>\n","protected":false},"excerpt":{"rendered":"<p>24\/07\/2025 18:43hs. Gimnasia de Mendoza est\u00e1 siendo protagonista en la Primera Nacional, luchando entre los primeros puestos de la tabla de la Zona B. Pero a pesar de este buen momento, la dirigencia del Lobo tom\u00f3 una decisi\u00f3n que sorprendi\u00f3 a todo el mundo del Ascenso: despidi\u00f3 a Ezequiel Medr\u00e1n. Seg\u00fan lo que se conoci\u00f3, [&hellip;]<\/p>\n","protected":false},"author":1,"featured_media":171093,"comment_status":"closed","ping_status":"closed","sticky":false,"template":"","format":"standard","meta":[],"categories":[21],"tags":[],"_links":{"self":[{"href":"http:\/\/cordobadirecto.com\/index.php\/wp-json\/wp\/v2\/posts\/171092"}],"collection":[{"href":"http:\/\/cordobadirecto.com\/index.php\/wp-json\/wp\/v2\/posts"}],"about":[{"href":"http:\/\/cordobadirecto.com\/index.php\/wp-json\/wp\/v2\/types\/post"}],"author":[{"embeddable":true,"href":"http:\/\/cordobadirecto.com\/index.php\/wp-json\/wp\/v2\/users\/1"}],"replies":[{"embeddable":true,"href":"http:\/\/cordobadirecto.com\/index.php\/wp-json\/wp\/v2\/comments?post=171092"}],"version-history":[{"count":0,"href":"http:\/\/cordobadirecto.com\/index.php\/wp-json\/wp\/v2\/posts\/171092\/revisions"}],"wp:featuredmedia":[{"embeddable":true,"href":"http:\/\/cordobadirecto.com\/index.php\/wp-json\/wp\/v2\/media\/171093"}],"wp:attachment":[{"href":"http:\/\/cordobadirecto.com\/index.php\/wp-json\/wp\/v2\/media?parent=171092"}],"wp:term":[{"taxonomy":"category","embeddable":true,"href":"http:\/\/cordobadirecto.com\/index.php\/wp-json\/wp\/v2\/categories?post=171092"},{"taxonomy":"post_tag","embeddable":true,"href":"http:\/\/cordobadirecto.com\/index.php\/wp-json\/wp\/v2\/tags?post=171092"}],"curies":[{"name":"wp","href":"https:\/\/api.w.org\/{rel}","templated":true}]}}