{"id":171103,"date":"2025-07-25T13:12:26","date_gmt":"2025-07-25T13:12:26","guid":{"rendered":"https:\/\/cordoba.gob.ar\/?p=79610"},"modified":"2025-07-25T13:12:26","modified_gmt":"2025-07-25T13:12:26","slug":"olimpiada-matematica-nandu-casi-la-mitad-de-los-estudiantes-de-la-capital-clasificados-para-la-ronda-provincial-provienen-de-escuelas-municipales","status":"publish","type":"post","link":"http:\/\/cordobadirecto.com\/index.php\/2025\/07\/25\/olimpiada-matematica-nandu-casi-la-mitad-de-los-estudiantes-de-la-capital-clasificados-para-la-ronda-provincial-provienen-de-escuelas-municipales\/","title":{"rendered":"Olimpiada Matem\u00e1tica \u00d1and\u00fa: casi la mitad de los estudiantes de la Capital clasificados para la ronda provincial provienen de escuelas municipales"},"content":{"rendered":"<div><img src=\"http:\/\/cordobadirecto.com\/wp-content\/uploads\/2025\/07\/olimpiada-matematica-nandu-casi-la-mitad-de-los-estudiantes-de-la-capital-clasificados-para-la-ronda-provincial-provienen-de-escuelas-municipales.jpg\" class=\"ff-og-image-inserted\"><\/div>\n<ul>\n<li><strong>Participaron instituciones nacionales, privadas y p\u00fablicas.<\/strong><\/li>\n<li><strong>La instancia se llevar\u00e1 a cabo del 12 al 14 de agosto en la localidad de Valle Hermoso.<\/strong><\/li>\n<\/ul>\n<hr>\n<p>El 43% de los estudiantes de la capital que avanzaron a la instancia provincial de la Olimpiada Matem\u00e1tica \u00d1and\u00fa pertenecen al sistema educativo municipal.<\/p>\n<p>De un total de 126 estudiantes de quinto y sexto grado, 54 formarte parte de 20 escuelas municipales. Esto significa que el 52% de los 38 establecimientos educativos municipales estar\u00e1n representados en la pr\u00f3xima instancia provincial.<\/p>\n<p>La etapa zonal reuni\u00f3 a estudiantes de diversas escuelas primarias, tanto p\u00fablicas como privadas, en una competencia que desafi\u00f3 su capacidad para resolver problemas y su razonamiento matem\u00e1tico.<\/p>\n<p>La pr\u00f3xima etapa tendr\u00e1 lugar del 12 al 14 de agosto en la localidad de Valle Hermoso, donde los y las participantes compartir\u00e1n tres jornadas de trabajo, desaf\u00edos y aprendizajes en un entorno formativo, colaborativo y amistoso que reunir\u00e1 a los mejores talentos matem\u00e1ticos de la provincia.<\/p>\n<p>Este logro representa no solo un reconocimiento al m\u00e9rito acad\u00e9mico individual y colectivo, sino tambi\u00e9n un fuerte protagonismo de las escuelas municipales en el \u00e1mbito educativo.<\/p>\n<p>Si bien esta ronda no es eliminatoria, en ella se definir\u00e1n los campeones provinciales de cada nivel. Adem\u00e1s, quienes acceden a esta etapa tambi\u00e9n podr\u00e1n participar de la ronda regional, prevista para el 28 de agosto en la Universidad Siglo XXI. De all\u00ed saldr\u00e1n los representantes de la regi\u00f3n centro que competir\u00e1n en la gran final nacional.<\/p>\n<p>La instancia nacional de la Olimpiada \u00d1and\u00fa, prevista para el mes de octubre, reunir\u00e1 a los 100 mejores estudiantes de 5to y 6to grado del pa\u00eds.<\/p>\n","protected":false},"excerpt":{"rendered":"<p>Participaron instituciones nacionales, privadas y p\u00fablicas. La instancia se llevar\u00e1 a cabo del 12 al 14 de agosto en la localidad de Valle Hermoso. El 43% de los estudiantes de la capital que avanzaron a la instancia provincial de la Olimpiada Matem\u00e1tica \u00d1and\u00fa pertenecen al sistema educativo municipal. De un total de 126 estudiantes de [&hellip;]<\/p>\n","protected":false},"author":1,"featured_media":171104,"comment_status":"closed","ping_status":"closed","sticky":false,"template":"","format":"standard","meta":[],"categories":[44],"tags":[],"_links":{"self":[{"href":"http:\/\/cordobadirecto.com\/index.php\/wp-json\/wp\/v2\/posts\/171103"}],"collection":[{"href":"http:\/\/cordobadirecto.com\/index.php\/wp-json\/wp\/v2\/posts"}],"about":[{"href":"http:\/\/cordobadirecto.com\/index.php\/wp-json\/wp\/v2\/types\/post"}],"author":[{"embeddable":true,"href":"http:\/\/cordobadirecto.com\/index.php\/wp-json\/wp\/v2\/users\/1"}],"replies":[{"embeddable":true,"href":"http:\/\/cordobadirecto.com\/index.php\/wp-json\/wp\/v2\/comments?post=171103"}],"version-history":[{"count":0,"href":"http:\/\/cordobadirecto.com\/index.php\/wp-json\/wp\/v2\/posts\/171103\/revisions"}],"wp:featuredmedia":[{"embeddable":true,"href":"http:\/\/cordobadirecto.com\/index.php\/wp-json\/wp\/v2\/media\/171104"}],"wp:attachment":[{"href":"http:\/\/cordobadirecto.com\/index.php\/wp-json\/wp\/v2\/media?parent=171103"}],"wp:term":[{"taxonomy":"category","embeddable":true,"href":"http:\/\/cordobadirecto.com\/index.php\/wp-json\/wp\/v2\/categories?post=171103"},{"taxonomy":"post_tag","embeddable":true,"href":"http:\/\/cordobadirecto.com\/index.php\/wp-json\/wp\/v2\/tags?post=171103"}],"curies":[{"name":"wp","href":"https:\/\/api.w.org\/{rel}","templated":true}]}}