{"id":171105,"date":"2025-07-25T20:36:04","date_gmt":"2025-07-25T20:36:04","guid":{"rendered":"http:\/\/cordobadirecto.com\/index.php\/2025\/07\/25\/llega-una-nueva-edicion-del-ciclo-de-degustaciones-de-la-bodega-a-tu-resto\/"},"modified":"2025-07-25T20:36:04","modified_gmt":"2025-07-25T20:36:04","slug":"llega-una-nueva-edicion-del-ciclo-de-degustaciones-de-la-bodega-a-tu-resto","status":"publish","type":"post","link":"http:\/\/cordobadirecto.com\/index.php\/2025\/07\/25\/llega-una-nueva-edicion-del-ciclo-de-degustaciones-de-la-bodega-a-tu-resto\/","title":{"rendered":"Llega una <b>nueva<\/b> edici\u00f3n del ciclo de degustaciones &quot;De la bodega a tu rest\u00f3&quot;"},"content":{"rendered":"<p>Ser\u00e1 el pr\u00f3ximo 31 de julio, en El Aromo a las Brasas Restaurant, con la participaci\u00f3n de la Bodega Valencia. Se requiere inscripci\u00f3n previa. <\/p>\n","protected":false},"excerpt":{"rendered":"<p>Ser\u00e1 el pr\u00f3ximo 31 de julio, en El Aromo a las Brasas Restaurant, con la participaci\u00f3n de la Bodega Valencia. Se requiere inscripci\u00f3n previa.<\/p>\n","protected":false},"author":1,"featured_media":0,"comment_status":"closed","ping_status":"closed","sticky":false,"template":"","format":"standard","meta":[],"categories":[40],"tags":[],"_links":{"self":[{"href":"http:\/\/cordobadirecto.com\/index.php\/wp-json\/wp\/v2\/posts\/171105"}],"collection":[{"href":"http:\/\/cordobadirecto.com\/index.php\/wp-json\/wp\/v2\/posts"}],"about":[{"href":"http:\/\/cordobadirecto.com\/index.php\/wp-json\/wp\/v2\/types\/post"}],"author":[{"embeddable":true,"href":"http:\/\/cordobadirecto.com\/index.php\/wp-json\/wp\/v2\/users\/1"}],"replies":[{"embeddable":true,"href":"http:\/\/cordobadirecto.com\/index.php\/wp-json\/wp\/v2\/comments?post=171105"}],"version-history":[{"count":0,"href":"http:\/\/cordobadirecto.com\/index.php\/wp-json\/wp\/v2\/posts\/171105\/revisions"}],"wp:attachment":[{"href":"http:\/\/cordobadirecto.com\/index.php\/wp-json\/wp\/v2\/media?parent=171105"}],"wp:term":[{"taxonomy":"category","embeddable":true,"href":"http:\/\/cordobadirecto.com\/index.php\/wp-json\/wp\/v2\/categories?post=171105"},{"taxonomy":"post_tag","embeddable":true,"href":"http:\/\/cordobadirecto.com\/index.php\/wp-json\/wp\/v2\/tags?post=171105"}],"curies":[{"name":"wp","href":"https:\/\/api.w.org\/{rel}","templated":true}]}}