{"id":171140,"date":"2025-07-26T00:00:31","date_gmt":"2025-07-26T00:00:31","guid":{"rendered":"https:\/\/puntoapunto.com.ar\/?p=375305"},"modified":"2025-07-26T00:00:31","modified_gmt":"2025-07-26T00:00:31","slug":"atenti-emprendedores-como-es-la-linea-de-la-provincia-que-presta-hasta-4-millones-y-a-tasa-0","status":"publish","type":"post","link":"http:\/\/cordobadirecto.com\/index.php\/2025\/07\/26\/atenti-emprendedores-como-es-la-linea-de-la-provincia-que-presta-hasta-4-millones-y-a-tasa-0\/","title":{"rendered":"Atenti emprendedores: c\u00f3mo es la l\u00ednea de la Provincia que presta hasta $4 millones y a tasa 0%"},"content":{"rendered":"<p>&nbsp;<!-- \u00a1O bien no hay banners, estan desactivados o no estan programados para esta ubicaci\u00f3n! -->\n<\/p>\n<p>&nbsp;\n<\/p>\n<p>El gobernador Martin Llaryora anunci\u00f3 la puesta en marcha de una l\u00ednea de cr\u00e9ditos a tasa cero para emprendedores cordobeses por un total de 3.400 millones de pesos. La asistencia contempla l\u00edneas de 2,8 millones de pesos y 4 millones de pesos, con un cupo inicial de 1.000 pr\u00e9stamos.\n<\/p>\n<p>Llaryora asisti\u00f3 al evento anual Emprende Day, que se desarroll\u00f3 en el Centro de Convenciones C\u00f3rdoba, con la participaci\u00f3n de m\u00e1s de 4.000 emprendedores, innovadores y l\u00edderes del sector, provenientes de distintos puntos de la provincia. El encuentro organizado por el Ministerio de Desarrollo Social y Promoci\u00f3n del Empleo, en articulaci\u00f3n con C\u00f3rdoba Emprendedora y Fundaci\u00f3n Banco de C\u00f3rdoba, es el m\u00e1s importante del a\u00f1o dedicado a potenciar ideas, conectar talentos y abrir nuevas oportunidades de negocio.\n<\/p>\n<p>El gobernador resalt\u00f3 la vitalidad del ecosistema emprendedor local. \u201cEn C\u00f3rdoba, el ADN emprendedor est\u00e1 y late siempre\u201d, afirm\u00f3 y agreg\u00f3 que esto hizo posible el desarrollo de una importante comunidad de hacedores que se consolid\u00f3 en los \u00faltimos a\u00f1os.<!-- \u00a1O bien no hay banners, estan desactivados o no estan programados para esta ubicaci\u00f3n! -->\n<\/p>\n<p>Llaryora defini\u00f3 el papel del Estado como un socio que debe \u00abapalancar ideas\u00bb y \u00abfinanciar proyectos de riesgo\u00bb. La asistencia financiera anunciada busca precisamente apoyar a los emprendedores locales, en un contexto econ\u00f3mico desafiante. El mandatario adelant\u00f3 que la Fundaci\u00f3n Banco de C\u00f3rdoba tendr\u00e1 a su cargo la puesta en marcha de la l\u00ednea de cr\u00e9ditos a tasa cero, cuya devoluci\u00f3n ser\u00e1 en 21 cuotas y con tres meses de gracia.<\/p>\n<p><iframe id=\"_ytid_47879\" width=\"480\" height=\"270\" data-origwidth=\"480\" data-origheight=\"270\" src=\"https:\/\/www.youtube.com\/embed\/EdILmCHOmsc?enablejsapi=1&amp;autoplay=0&amp;cc_load_policy=0&amp;cc_lang_pref=&amp;iv_load_policy=1&amp;loop=0&amp;rel=0&amp;fs=1&amp;playsinline=0&amp;autohide=2&amp;theme=dark&amp;color=red&amp;controls=1&amp;\" class=\"__youtube_prefs__ epyt-is-override no-lazyload\" title=\"YouTube player\" allow=\"fullscreen; accelerometer; autoplay; clipboard-write; encrypted-media; gyroscope; picture-in-picture\" allowfullscreen data-no-lazy=\"1\" data-skipgform_ajax_framebjll>[embedded content]<\/iframe>\n<\/p>\n<p>En otro tramo de su mensaje, Llaryora se\u00f1al\u00f3 que frente a un contexto de cambio tecnol\u00f3gico acelerado, con sectores din\u00e1micos impulsados por la Inteligencia Artificial y la Internet 4.0, hace falta desarrollar nuevas habilidades. \u00abVa a haber que acostumbrarse a la capacitaci\u00f3n constante y a emprender constantemente\u00bb, se\u00f1al\u00f3.\n<\/p>\n<p>En este sentido, rescat\u00f3 el impulso de quienes inician nuevos proyectos, porque \u00abal destino hay que ir a buscarlo, todos los d\u00edas y nunca bajar los brazos\u00bb. En tanto, la ministra de Desarrollo Social y Promoci\u00f3n del Empleo, Laura Jure, se\u00f1al\u00f3 que la jornada forma parte del programa C\u00f3rdoba Emprendedora, concebido como una herramienta para la profesionalizaci\u00f3n del sector, impulsando la actividad de los hacedores locales y la creaci\u00f3n de comunidad.\n<\/p>\n<p>\u201cEl emprendedor es un pilar clave de la econom\u00eda provincial, que genera empleo e invierte, contribuyendo directamente al crecimiento de C\u00f3rdoba\u201d, se\u00f1al\u00f3.\n<\/p>\n<p>La ministra subray\u00f3 que el acto de emprender forma parte de la identidad cordobesa. Y agreg\u00f3 que para llevar adelante un proyecto se requiere \u00abesfuerzo, talento, empuje y pelear d\u00eda a d\u00eda\u00bb. Emprende Day es el encuentro del a\u00f1o para emprendedores de la provincia de C\u00f3rdoba. Una oportunidad \u00fanica para conectar, intercambiar experiencias y seguir creciendo en comunidad.\n<\/p>\n<p>Los participantes tuvieron la oportunidad de presenciar charlas y talleres dictados por especialistas en diversas tem\u00e1ticas, con foco en habilidades blandas, como el desarrollo personal, el liderazgo y la resiliencia; as\u00ed como tambi\u00e9n en herramientas y t\u00e9cnicas de gesti\u00f3n de negocios.\n<\/p>\n<p>Adem\u00e1s, speakers compartieron historias inspiradoras, y espacios de networking con l\u00edderes del ecosistema emprendedor local y nacional.\n<\/p>\n<p><img loading=\"lazy\" decoding=\"async\" class=\"aligncenter wp-image-375307 size-large\" src=\"http:\/\/cordobadirecto.com\/wp-content\/uploads\/2025\/07\/atenti-emprendedores-como-es-la-linea-de-la-provincia-que-presta-hasta-4-millones-y-a-tasa-0.jpg\" alt width=\"1024\" height=\"682\" srcset=\"http:\/\/cordobadirecto.com\/wp-content\/uploads\/2025\/07\/atenti-emprendedores-como-es-la-linea-de-la-provincia-que-presta-hasta-4-millones-y-a-tasa-0.jpg 1024w, http:\/\/cordobadirecto.com\/wp-content\/uploads\/2025\/07\/atenti-emprendedores-como-es-la-linea-de-la-provincia-que-presta-hasta-4-millones-y-a-tasa-0-1.jpg 300w, http:\/\/cordobadirecto.com\/wp-content\/uploads\/2025\/07\/atenti-emprendedores-como-es-la-linea-de-la-provincia-que-presta-hasta-4-millones-y-a-tasa-0-2.jpg 768w, http:\/\/cordobadirecto.com\/wp-content\/uploads\/2025\/07\/atenti-emprendedores-como-es-la-linea-de-la-provincia-que-presta-hasta-4-millones-y-a-tasa-0-3.jpg 750w, http:\/\/cordobadirecto.com\/wp-content\/uploads\/2025\/07\/atenti-emprendedores-como-es-la-linea-de-la-provincia-que-presta-hasta-4-millones-y-a-tasa-0-4.jpg 1140w, http:\/\/cordobadirecto.com\/wp-content\/uploads\/2025\/07\/atenti-emprendedores-como-es-la-linea-de-la-provincia-que-presta-hasta-4-millones-y-a-tasa-0-5.jpg 1280w\" sizes=\"auto, (max-width: 1024px) 100vw, 1024px\">\n<\/p>\n<p><strong>En primera persona<br \/><\/strong>Claudia Z\u00fa\u00f1iga, del emprendimiento Claudia Lombardi Showroom, destac\u00f3 el valor de participar en la jornada y asegur\u00f3 que este tipo de iniciativas representa un gran impulso para los emprendedores.\n<\/p>\n<p>\u201cAl ser tantos los que intentamos vender nuestra producci\u00f3n, es muy positivo contar con nuevas herramientas. Me parece una excelente forma de brindarnos recursos para seguir creciendo y trabajando\u201d, afirm\u00f3.\n<\/p>\n<p>Federico Sim\u00f3n Hollenberg Horsmann, del emprendimiento WH Accessories, dedicado a la joyer\u00eda con piedras naturales y cristal, puso en valor la importancia de las capacitaciones y los recursos que acompa\u00f1an a nuevos microemprendimientos.\n<\/p>\n<p>\u201cConsidero que todo lo relacionado con el proceso de intercambio es fundamental. El hecho de poder conocer a otros emprendedores de distintas partes del pa\u00eds enriquece much\u00edsimo, porque permite construir y fortalecer redes\u201d, dijo.\n<\/p>\n<p>Para Ver\u00f3nica Goren, del proyecto Cascaritas Fotograf\u00eda, este tipo de convocatorias son claves para consolidar al sector. \u201cSomos emprendedores que queremos salir adelante y est\u00e1 buen\u00edsimo que se acuerden de nosotros y nos den herramientas\u00bb, afirm\u00f3.\n<\/p>\n<p>Fernanda Giorgetti, a cargo de Lluvia de Algodones, destac\u00f3 el papel de la Provincia al impulsar estas iniciativas. \u201cEs un programa gratuito para que los emprendedores tengamos el acceso a esta capacitaci\u00f3n; nos dan muchas herramientas para que sigamos creciendo y nos mantengamos actualizados\u201d, coment\u00f3.\n<\/p>\n<p>Por \u00faltimo, Jorgelina Baroni, de la firma Cer\u00e1mica JB, rescat\u00f3 que el apoyo del Gobierno es clave para vincular a los emprendedores con las empresas. \u201cHay lugares donde uno no puede acceder por cuenta propia, entonces a m\u00ed me parece genial este tipo de instancias\u00bb, cerr\u00f3.\n<\/p>\n<div class=\"g g-38\">\n<div class=\"g-dyn a-12 c-1\"><a class=\"gofollow\" data-track=\"MTIsMzgsMSw2MA==\" href=\"https:\/\/hospitalprivado.com.ar\/\" target=\"_blank\" rel=\"noopener\"><img src=\"http:\/\/cordobadirecto.com\/wp-content\/uploads\/2025\/07\/atenti-emprendedores-como-es-la-linea-de-la-provincia-que-presta-hasta-4-millones-y-a-tasa-0.gif\" loading=\"lazy\"><\/a><\/div>\n<\/div>\n","protected":false},"excerpt":{"rendered":"<p>&nbsp; &nbsp; El gobernador Martin Llaryora anunci\u00f3 la puesta en marcha de una l\u00ednea de cr\u00e9ditos a tasa cero para emprendedores cordobeses por un total de 3.400 millones de pesos. La asistencia contempla l\u00edneas de 2,8 millones de pesos y 4 millones de pesos, con un cupo inicial de 1.000 pr\u00e9stamos. Llaryora asisti\u00f3 al evento [&hellip;]<\/p>\n","protected":false},"author":1,"featured_media":171141,"comment_status":"closed","ping_status":"closed","sticky":false,"template":"","format":"standard","meta":[],"categories":[25],"tags":[],"_links":{"self":[{"href":"http:\/\/cordobadirecto.com\/index.php\/wp-json\/wp\/v2\/posts\/171140"}],"collection":[{"href":"http:\/\/cordobadirecto.com\/index.php\/wp-json\/wp\/v2\/posts"}],"about":[{"href":"http:\/\/cordobadirecto.com\/index.php\/wp-json\/wp\/v2\/types\/post"}],"author":[{"embeddable":true,"href":"http:\/\/cordobadirecto.com\/index.php\/wp-json\/wp\/v2\/users\/1"}],"replies":[{"embeddable":true,"href":"http:\/\/cordobadirecto.com\/index.php\/wp-json\/wp\/v2\/comments?post=171140"}],"version-history":[{"count":0,"href":"http:\/\/cordobadirecto.com\/index.php\/wp-json\/wp\/v2\/posts\/171140\/revisions"}],"wp:featuredmedia":[{"embeddable":true,"href":"http:\/\/cordobadirecto.com\/index.php\/wp-json\/wp\/v2\/media\/171141"}],"wp:attachment":[{"href":"http:\/\/cordobadirecto.com\/index.php\/wp-json\/wp\/v2\/media?parent=171140"}],"wp:term":[{"taxonomy":"category","embeddable":true,"href":"http:\/\/cordobadirecto.com\/index.php\/wp-json\/wp\/v2\/categories?post=171140"},{"taxonomy":"post_tag","embeddable":true,"href":"http:\/\/cordobadirecto.com\/index.php\/wp-json\/wp\/v2\/tags?post=171140"}],"curies":[{"name":"wp","href":"https:\/\/api.w.org\/{rel}","templated":true}]}}