{"id":171142,"date":"2025-07-25T22:30:57","date_gmt":"2025-07-25T22:30:57","guid":{"rendered":"https:\/\/www.ole.com.ar\/autos\/carrera-sprint-formato-franco-colapinto-alpine-formula-1-f1_0_JLl2Iu0ofv.html"},"modified":"2025-07-25T22:30:57","modified_gmt":"2025-07-25T22:30:57","slug":"que-es-la-carrera-sprint-con-franco-colapinto-corriendola-por-tercera-vez-en-la-formula-1","status":"publish","type":"post","link":"http:\/\/cordobadirecto.com\/index.php\/2025\/07\/25\/que-es-la-carrera-sprint-con-franco-colapinto-corriendola-por-tercera-vez-en-la-formula-1\/","title":{"rendered":"Qu\u00e9 es la carrera Sprint, con Franco Colapinto corri\u00e9ndola por tercera vez en la F\u00f3rmula 1"},"content":{"rendered":"<p><time class=\"createDate\" datetime=\"2025-07-25T19:30:57-03:00\">25\/07\/2025 19:30hs.<\/time><\/p>\n<div id=\"storyBody\">\n<div class=\"custom-text \" readability=\"41.260606060606\">\n<p>Despu\u00e9s de tres semanas, volvi\u00f3 la <strong><a href=\"https:\/\/www.ole.com.ar\/tema\/formula-1.html\" title=\"F\u00f3rmula 1\" alt=\"F\u00f3rmula 1\" class=\"slug\">F\u00f3rmula 1<\/a><\/strong> con el <strong>Gran Premio de B\u00e9lgica <\/strong>y lo hizo con formato doble, o sea, de dos carreras. Una es la del domingo, la tradicional, y la otra es la denominada <strong>Sprint<\/strong>, que se corre el s\u00e1bado<strong> y ser\u00e1 la tercera que<\/strong> <strong><a href=\"https:\/\/www.ole.com.ar\/tema\/franco-colapinto.html\" title=\"Franco Colapinto\" alt=\"Franco Colapinto\" class=\"slug\">Franco Colapinto<\/a> disputar\u00e1 en la M\u00e1xima<\/strong>. Claro que este evento cuenta con una clasificaci\u00f3n, la cual ya se defini\u00f3 con pole para un hombre de McLaren, <strong>Oscar Piastri<\/strong>, en tanto que el argentino, que <a href=\"https:\/\/www.ole.com.ar\/autos\/franco-colapinto-hoy-vivo-gran-premio-belgica-f1-formula-1-hora-ver-tv-online_0_S3gpTonGkN.html\" target=\"_blank\" title=\"no tuvo una buena jornada\" alt=\"no tuvo una buena jornada\" rel=\"noopener\">no tuvo una buena jornada<\/a>, <strong>largar\u00e1 19\u00b0<\/strong>.<\/p>\n<\/div>\n<div class=\"custom-text \" readability=\"38\">\n<p>Este tipo de modalidad <strong>comenz\u00f3 a ponerse en pr\u00e1ctica desde el 2021<\/strong>, con algunas cr\u00edticas y posteriores cambios. Por ejemplo, el n\u00famero de competencias larg\u00f3 con tres y ahora son seis; los pilotos que sumaban puntos eran tres y ahora ocho; antes la carrera clasificaba para la del d\u00eda siguiente, y ahora no.<\/p>\n<\/div>\n<p><h2>C\u00f3mo son las carreras Sprint de la F\u00f3rmula 1<\/h2>\n<\/p>\n<div class=\"custom-text \" readability=\"41\">\n<p>B\u00e1sicamente <strong>son carreras que se disputan los s\u00e1bados, de la misma manera que las de los domingos, pero m\u00e1s cortas, un tercio de las habituales<\/strong>. Su duraci\u00f3n es de una hora para recorrer 100 kil\u00f3metros. Tiene su clasificaci\u00f3n los viernes (tres tandas: de 12, 10 y 8 minutos) y propio sistema de puntuaci\u00f3n: mientras que las de los domingos (llamadas Feature) premian al top 10, la Sprint da unidades del 1\u00b0 al 8\u00b0, de 8 a 1 puntos sucesivamente.<\/p>\n<\/div>\n<div class=\"custom-text \" readability=\"39\">\n<p>Se corre a tope aunque tratando de no romper el auto para el domingo. La largada es con los autos detenidos y el sem\u00e1foro de siempre (se apagan las luces y arrancan) y<strong> no hay entradas a boxes programadas, o sea que se corre con un juego de neum\u00e1ticos, los medios (amarillos)<\/strong>. En B\u00e9lgica ser\u00e1 a 18 vueltas, mientras que el domingo se correr\u00e1 a 44. Ya se hizo as\u00ed en China y Miami. Quedar\u00e1n las de Austin (18 de octubre), Brasil (8 de noviembre) y Qatar (29 de noviembre). Max Verstappen es el m\u00e1ximo ganador en la historia con 11 triunfos en este formato.<\/p>\n<\/div>\n<p><h2>C\u00f3mo sigue el cronograma en Spa-Francorchamps<\/h2>\n<\/p>\n<div class=\"custom-text \" readability=\"39\">\n<p>Tras la primera pr\u00e1ctica y la clasificaci\u00f3n para la Sprint, la actividad continuar\u00e1 el <strong>s\u00e1bado 26 de julio<\/strong>, desde las <strong>7.00<\/strong>, con la carrera corta, mientras que la qualy principal ser\u00e1 a las <strong>11<\/strong>. El planto fuerte se llevar\u00e1 a cabo el <strong>domingo 27<\/strong> y largar\u00e1 a las <strong>10<\/strong>. Todo se podr\u00e1 ver en vivo a trav\u00e9s de la plataforma de streaming <strong>Disney + Premium<\/strong> y en<strong> Fox Sports<\/strong>.<\/p>\n<\/div>\n<p><h2>C\u00f3mo le fue a Franco Colapinto en sus primeras dos carreras Sprint<\/h2>\n<\/p>\n<div class=\"custom-text \" readability=\"36\">\n<p>Las primeras dos experiencias de Colapinto en este tipo de formato fueron en <strong>Austin <\/strong>y <strong>San Pablo<\/strong>. Ambas, bajo la tutela de Williams. \u00bfC\u00f3mo termin\u00f3? <strong>12\u00b0 en cada una<\/strong>, habiendo largado 10\u00b0 en Estados Unidos y 14\u00b0 en Brasil.<\/p>\n<\/div>\n<p><h2>Los ganadores de todas las carreras Sprint de la F\u00f3rmula 1<\/h2>\n<\/p>\n<div class=\"sc-e7b891c4-0 ifHnQL image-embed\"><img alt=\"Max Verstappen, el m\u00e1ximo ganador de las Sprint en F1.\" loading=\"lazy\" width=\"720\" height=\"100\" decoding=\"async\" data-nimg=\"1\" src=\"http:\/\/cordobadirecto.com\/wp-content\/uploads\/2025\/07\/que-es-la-carrera-sprint-con-franco-colapinto-corriendola-por-tercera-vez-en-la-formula-1.jpg\"><span class=\"epigraphe\">Max Verstappen, el m\u00e1ximo ganador de las Sprint en F1.<\/span><\/div>\n<p><h3>Temporada 2021<\/h3>\n<\/p>\n<div class=\"custom-text \">\n<ul>\n<li>Silverstone, Inglaterra: Max Verstappen (Red Bull)<\/li>\n<li>Monza, Italia: Max Verstappen (Red Bull)<\/li>\n<li>Sao Paulo, Brasil: Valtteri Bottas (Mercedes)<\/li>\n<\/ul>\n<\/div>\n<p><h3>Temporada 2022<\/h3>\n<\/p>\n<div class=\"custom-text \">\n<ul>\n<li>Emilia Roma\u00f1a, Italia: Max Verstappen (Red Bull)<\/li>\n<li>Red Bull Ring, Austria: Max Verstappen (Red Bull)<\/li>\n<li>Sao Paulo, Brasil: George Russell (Mercedes)<\/li>\n<\/ul>\n<\/div>\n<p><h3>Temporada 2023<\/h3>\n<\/p>\n<div class=\"custom-text \">\n<ul>\n<li>Bak\u00fa, Azerbaiy\u00e1n: Sergio P\u00e9rez (Red Bull)<\/li>\n<li>Red Bull Ring, Austria: Max Verstappen (Red Bull)<\/li>\n<li>Spa, B\u00e9lgica: Max Verstappen (Red Bull)<\/li>\n<li>Losail, Qatar: Oscar Piastri (McLaren)<\/li>\n<li>Austin, EE.UU.: Max Verstappen (Red Bull)<\/li>\n<li>Sao Paulo, Brasil: Max Verstappen (Red Bull)<\/li>\n<\/ul>\n<\/div>\n<p><h3>Temporada 2024<\/h3>\n<\/p>\n<div class=\"custom-text \">\n<ul>\n<li>Shangai, China: Max Verstappen (Red Bull)<\/li>\n<li>Miami, EE.UU: Max Verstappen (Red Bull)<\/li>\n<li>Austin, EE.UU.: Max Verstappen (Red Bull)<\/li>\n<li>Sao Paulo, Brasil: Lando Norris (McLaren)<\/li>\n<li>Losail, Qatar: Oscar Piastri (McLaren)<\/li>\n<\/ul>\n<\/div>\n<p><h3>Temporada 2025<\/h3>\n<\/p>\n<div class=\"custom-text \">\n<ul>\n<li>Shangai, China: Lewis Hamilton (Ferrari)<\/li>\n<li>Miami, EE.UU: Lando Norris (McLaren)<\/li>\n<\/ul>\n<\/div>\n<div class=\"sc-a7166897-0 eoLsBE\" readability=\"7\">\n<section readability=\"4\"><picture><img alt=\"Franco Colapinto, tras la qualy para la Sprint del GP de B\u00e9lgica: &quot;No fue lo que quer\u00edamos&quot;\" loading=\"lazy\" width=\"290\" height=\"290\" decoding=\"async\" data-nimg=\"1\" src=\"http:\/\/cordobadirecto.com\/wp-content\/uploads\/2025\/07\/que-es-la-carrera-sprint-con-franco-colapinto-corriendola-por-tercera-vez-en-la-formula-1-1.jpg\"><\/picture>\n<p><span>Mir\u00e1 tambi\u00e9n<\/span><\/p>\n<hr>\n<h3>Franco Colapinto, tras la qualy para la Sprint del GP de B\u00e9lgica: &#8220;No fue lo que quer\u00edamos&#8221;<\/h3>\n<\/p>\n<\/section>\n<\/div>\n<div class=\"sc-a7166897-0 eoLsBE\" readability=\"7.5\">\n<section readability=\"5\"><picture><img alt=\"Qu\u00e9 dijo Pierre Gasly, compa\u00f1ero de Colapinto, despu\u00e9s de un gran viernes en B\u00e9lgica\" loading=\"lazy\" width=\"290\" height=\"290\" decoding=\"async\" data-nimg=\"1\" src=\"http:\/\/cordobadirecto.com\/wp-content\/uploads\/2025\/07\/que-es-la-carrera-sprint-con-franco-colapinto-corriendola-por-tercera-vez-en-la-formula-1-2.jpg\"><\/picture>\n<p><span>Mir\u00e1 tambi\u00e9n<\/span><\/p>\n<hr>\n<h3>Qu\u00e9 dijo Pierre Gasly, compa\u00f1ero de Colapinto, despu\u00e9s de un gran viernes en B\u00e9lgica<\/h3>\n<\/p>\n<\/section>\n<\/div>\n<div class=\"sc-a7166897-0 eoLsBE\" readability=\"6.5\">\n<section readability=\"3\"><picture><img alt=\"El nuevo jefe de Red Bull habl\u00f3 de la continuidad de Max Verstappen: &quot;Si conseguimos un coche r\u00e1pido...&quot;\" loading=\"lazy\" width=\"290\" height=\"290\" decoding=\"async\" data-nimg=\"1\" src=\"http:\/\/cordobadirecto.com\/wp-content\/uploads\/2025\/07\/que-es-la-carrera-sprint-con-franco-colapinto-corriendola-por-tercera-vez-en-la-formula-1-3.jpg\"><\/picture>\n<p><span>Mir\u00e1 tambi\u00e9n<\/span><\/p>\n<hr>\n<h3>El nuevo jefe de Red Bull habl\u00f3 de la continuidad de Max Verstappen: &#8220;Si conseguimos un coche r\u00e1pido&#8230;&#8221;<\/h3>\n<\/p>\n<\/section>\n<\/div>\n<\/div>\n","protected":false},"excerpt":{"rendered":"<p>25\/07\/2025 19:30hs. Despu\u00e9s de tres semanas, volvi\u00f3 la F\u00f3rmula 1 con el Gran Premio de B\u00e9lgica y lo hizo con formato doble, o sea, de dos carreras. Una es la del domingo, la tradicional, y la otra es la denominada Sprint, que se corre el s\u00e1bado y ser\u00e1 la tercera que Franco Colapinto disputar\u00e1 en [&hellip;]<\/p>\n","protected":false},"author":1,"featured_media":171143,"comment_status":"closed","ping_status":"closed","sticky":false,"template":"","format":"standard","meta":[],"categories":[21],"tags":[],"_links":{"self":[{"href":"http:\/\/cordobadirecto.com\/index.php\/wp-json\/wp\/v2\/posts\/171142"}],"collection":[{"href":"http:\/\/cordobadirecto.com\/index.php\/wp-json\/wp\/v2\/posts"}],"about":[{"href":"http:\/\/cordobadirecto.com\/index.php\/wp-json\/wp\/v2\/types\/post"}],"author":[{"embeddable":true,"href":"http:\/\/cordobadirecto.com\/index.php\/wp-json\/wp\/v2\/users\/1"}],"replies":[{"embeddable":true,"href":"http:\/\/cordobadirecto.com\/index.php\/wp-json\/wp\/v2\/comments?post=171142"}],"version-history":[{"count":0,"href":"http:\/\/cordobadirecto.com\/index.php\/wp-json\/wp\/v2\/posts\/171142\/revisions"}],"wp:featuredmedia":[{"embeddable":true,"href":"http:\/\/cordobadirecto.com\/index.php\/wp-json\/wp\/v2\/media\/171143"}],"wp:attachment":[{"href":"http:\/\/cordobadirecto.com\/index.php\/wp-json\/wp\/v2\/media?parent=171142"}],"wp:term":[{"taxonomy":"category","embeddable":true,"href":"http:\/\/cordobadirecto.com\/index.php\/wp-json\/wp\/v2\/categories?post=171142"},{"taxonomy":"post_tag","embeddable":true,"href":"http:\/\/cordobadirecto.com\/index.php\/wp-json\/wp\/v2\/tags?post=171142"}],"curies":[{"name":"wp","href":"https:\/\/api.w.org\/{rel}","templated":true}]}}