{"id":171144,"date":"2025-07-25T21:48:50","date_gmt":"2025-07-25T21:48:50","guid":{"rendered":"https:\/\/www.ole.com.ar\/autos\/laurent-mekies-declaraciones-continuidad-max-verstappen-christian-horner-red-bull-formula-1-f1_0_it0NeA6xW5.html"},"modified":"2025-07-25T21:48:50","modified_gmt":"2025-07-25T21:48:50","slug":"el-nuevo-jefe-de-red-bull-hablo-de-la-continuidad-de-max-verstappen-si-conseguimos-un-coche-rapido","status":"publish","type":"post","link":"http:\/\/cordobadirecto.com\/index.php\/2025\/07\/25\/el-nuevo-jefe-de-red-bull-hablo-de-la-continuidad-de-max-verstappen-si-conseguimos-un-coche-rapido\/","title":{"rendered":"El nuevo jefe de Red Bull habl\u00f3 de la continuidad de Max Verstappen: &#8220;Si conseguimos un coche r\u00e1pido&#8230;&#8221;"},"content":{"rendered":"<p><time class=\"createDate\" datetime=\"2025-07-25T18:48:50-03:00\">25\/07\/2025 18:48hs.<\/time><\/p>\n<div id=\"storyBody\">\n<div class=\"custom-text \" readability=\"40.378600823045\">\n<p>Despu\u00e9s de tres semanas de espera, la <strong><a href=\"https:\/\/www.ole.com.ar\/tema\/formula-1.html\" title=\"F\u00f3rmula 1\" alt=\"F\u00f3rmula 1\" class=\"slug\">F\u00f3rmula 1<\/a><\/strong> retom\u00f3 la actividad con el <strong>Gran Premio de B\u00e9lgica<\/strong>, que se correr\u00e1 hasta el 27 de julio. Durante ese lapso, los rumores no descansaron y se llevaron el protagonismo, m\u00e1s a\u00fan cuando involucran a un tetracampe\u00f3n como <strong><a href=\"https:\/\/www.ole.com.ar\/tema\/max-verstappen.html\" title=\"Max Verstappen\" alt=\"Max Verstappen\" class=\"slug\">Max Verstappe<\/a><a href=\"https:\/\/www.ole.com.ar\/tema\/max-verstappen.html\" title=\"Max Verstappen\" alt=\"Max Verstappen\" class=\"slug\">n<\/a>, quien, se dice, podr\u00eda pasar a <a href=\"https:\/\/www.ole.com.ar\/tema\/mercedes-benz.html\" title=\"Mercedes Benz\" alt=\"Mercedes Benz\" class=\"slug\">Mercedes<\/a><\/strong>. Sobre este posible movimiento se pronunci\u00f3 <strong>Laurent Mekies, flamante jefe de <a href=\"https:\/\/www.ole.com.ar\/tema\/red-bull.html\" title=\"Red Bull\" alt=\"Red Bull\" class=\"slug\">Red Bull<\/a><\/strong>, en su primera conferencia de prensa tras la salida de Christian Horner.<\/p>\n<\/div>\n<div class=\"custom-text \" readability=\"39\">\n<p>Al ser consultado por el porvenir de su piloto estrella, el director del equipo austriaco respondi\u00f3: &#8220;\u00c9l quiere un auto r\u00e1pido. <strong>Si le conseguimos uno, anulamos todas las dem\u00e1s consideraciones<\/strong>. El objetivo es terminar de conocer la estructura lo antes posible para ver c\u00f3mo podemos apoyarlo e impulsar su competitividad y, de esta manera, <strong>facilitarle la decisi\u00f3n<\/strong>&#8220;.<\/p>\n<\/div>\n<div class=\"sc-e7b891c4-0 ifHnQL image-embed\"><img alt=\"En B\u00e9lgica, Mekies est\u00e1 viviendo su primer Gran Premio al mando de Red Bull. (REUTERS\/Manon Cruz)\" loading=\"lazy\" width=\"720\" height=\"100\" decoding=\"async\" data-nimg=\"1\" src=\"http:\/\/cordobadirecto.com\/wp-content\/uploads\/2025\/07\/el-nuevo-jefe-de-red-bull-hablo-de-la-continuidad-de-max-verstappen-si-conseguimos-un-coche-rapido.jpg\"><span class=\"epigraphe\">En B\u00e9lgica, Mekies est\u00e1 viviendo su primer Gran Premio al mando de Red Bull. (REUTERS\/Manon Cruz)<\/span><\/div>\n<div class=\"custom-text \" readability=\"42\">\n<p>Adem\u00e1s, afirm\u00f3 que habl\u00f3 con su predecesor, Horner, antes de su primer carrera: &#8220;Hemos hablado. <strong>Ha sido un apoyo incondicional, incluso en un contexto extremadamente dif\u00edcil para \u00e9l<\/strong>. Fue el primero en escribirme y en llamarme. Creo que, de nuevo, esta ma\u00f1ana o ayer volvimos a escribirnos. Su respaldo es muy impresionante teniendo en cuenta el contexto. Nadie va a reemplazar su car\u00e1cter. Llegu\u00e9 para desempe\u00f1ar el cargo de Director Ejecutivo y de la escuder\u00eda. <strong>\u00bfHay alguna manera de que alguien pueda hacerlo de la misma manera que Christian? No. O al menos, yo no<\/strong>&#8220;. <\/p>\n<\/div>\n<p><h2>La palabra de Laurent Mekies sobre su c\u00f3mo fue su llegada a Red Bull<\/h2>\n<\/p>\n<div class=\"custom-text \" readability=\"37\">\n<p>La salida de Christian Horner de Red Bull no solo fue sorpresiva, sino que se efectu\u00f3 sin explicar el porqu\u00e9. El impacto es mayor si se considera que <strong>fue el \u00fanico director que tuvo la escuder\u00eda<\/strong> austriaca desde su fundaci\u00f3n en 2005; en consecuencia, es uno de los principales responsables de los <strong>seis t\u00edtulos de constructores y ocho de pilotos<\/strong> (cuatro de Vettel y cuatro de Verstappen).<\/p>\n<\/div>\n<div class=\"sc-e7b891c4-0 ifHnQL image-embed\"><img alt=\"De un d\u00eda para el otro, Red Bull anunci\u00f3 la salida de Horner. (REUTERS\/Andrew Boyers\/File Photo)\" loading=\"lazy\" width=\"720\" height=\"100\" decoding=\"async\" data-nimg=\"1\" src=\"http:\/\/cordobadirecto.com\/wp-content\/uploads\/2025\/07\/el-nuevo-jefe-de-red-bull-hablo-de-la-continuidad-de-max-verstappen-si-conseguimos-un-coche-rapido-1.jpg\"><span class=\"epigraphe\">De un d\u00eda para el otro, Red Bull anunci\u00f3 la salida de Horner. (REUTERS\/Andrew Boyers\/File Photo)<\/span><\/div>\n<div class=\"custom-text \" readability=\"42\">\n<p>Laurent Mekies, ahora exdirector de Racing Bulls, coment\u00f3 <strong>c\u00f3mo fue su reacci\u00f3n al recibir el llamado mediante el que se le ofreci\u00f3 su puesto actual<\/strong>: &#8220;Oliver Mintzlaff y Helmut Marko se comunicaron conmigo y me preguntaron si estaba interesado en el puesto. Todo fue muy repentino. Estaba en el Reino Unido, en VCARB, y me llamaron de forma totalmente inesperada. Les ped\u00ed que lo pensaran un par de horas y colgu\u00e9. Fue dif\u00edcil de digerir. Pero lo primero que me vino a la mente fue: <strong>&#8216;Momento. Es Red Bull&#8217;<\/strong>. Te llaman, te piden que te encargues de ese trabajo con todo lo que significa&#8230; <strong>As\u00ed es como contestas: &#8216;Por supuesto, es un honor, un privilegio&#8217;<\/strong>&#8220;.<\/p>\n<\/div>\n<div class=\"custom-text \" readability=\"46\">\n<p>&#8220;Obviamente, en este momento, pienso en Christian, porque no era algo que pudiera haber esperado. <strong>Y \u00e9l me sostuvo much\u00edsimo en estos dos \u00faltimos a\u00f1os<\/strong>. No es ning\u00fan secreto que fue \u00e9l, junto con Mintzlaff y Marko, quien me trajo de vuelta a este equipo hace un par de a\u00f1os. Siento una mezcla de emociones en este momento. Pero, como dije, <strong>lo predominante es qui\u00e9n me est\u00e1 llamando<\/strong>. Supongo que es una cuesti\u00f3n de lealtad simplemente decir: &#8216;Por supuesto, <strong>si creen que me necesitan, ir\u00e9&#8217;<\/strong>&#8220;, sentenci\u00f3 el franc\u00e9s, que vivir\u00e1 en B\u00e9lgica su primer Gran Premio al frente del Toro Rojo.<\/p>\n<\/div>\n<div class=\"sc-a7166897-0 eoLsBE\" readability=\"6.5\">\n<section readability=\"3\"><picture><img alt=\"C\u00f3mo le fue a Franco Colapinto en el Sprint Shootout y en qu\u00e9 posici\u00f3n va a largar la carrera corta del GP de B\u00e9lgica\" loading=\"lazy\" width=\"290\" height=\"290\" decoding=\"async\" data-nimg=\"1\" src=\"http:\/\/cordobadirecto.com\/wp-content\/uploads\/2025\/07\/el-nuevo-jefe-de-red-bull-hablo-de-la-continuidad-de-max-verstappen-si-conseguimos-un-coche-rapido-2.jpg\"><\/picture>\n<p><span>Mir\u00e1 tambi\u00e9n<\/span><\/p>\n<hr>\n<h3>C\u00f3mo le fue a Franco Colapinto en el Sprint Shootout y en qu\u00e9 posici\u00f3n va a largar la carrera corta del GP de B\u00e9lgica<\/h3>\n<\/p>\n<\/section>\n<\/div>\n<div class=\"sc-a7166897-0 eoLsBE\" readability=\"7\">\n<section readability=\"4\"><picture><img alt=\"Franco Colapinto, tras la qualy para la Sprint del GP de B\u00e9lgica: &quot;No fue lo que quer\u00edamos&quot;\" loading=\"lazy\" width=\"290\" height=\"290\" decoding=\"async\" data-nimg=\"1\" src=\"http:\/\/cordobadirecto.com\/wp-content\/uploads\/2025\/07\/el-nuevo-jefe-de-red-bull-hablo-de-la-continuidad-de-max-verstappen-si-conseguimos-un-coche-rapido-3.jpg\"><\/picture>\n<p><span>Mir\u00e1 tambi\u00e9n<\/span><\/p>\n<hr>\n<h3>Franco Colapinto, tras la qualy para la Sprint del GP de B\u00e9lgica: &#8220;No fue lo que quer\u00edamos&#8221;<\/h3>\n<\/p>\n<\/section>\n<\/div>\n<div class=\"sc-a7166897-0 eoLsBE\" readability=\"7.5\">\n<section readability=\"5\"><picture><img alt=\"Qu\u00e9 dijo Pierre Gasly, compa\u00f1ero de Colapinto, despu\u00e9s de un gran viernes en B\u00e9lgica\" loading=\"lazy\" width=\"290\" height=\"290\" decoding=\"async\" data-nimg=\"1\" src=\"http:\/\/cordobadirecto.com\/wp-content\/uploads\/2025\/07\/el-nuevo-jefe-de-red-bull-hablo-de-la-continuidad-de-max-verstappen-si-conseguimos-un-coche-rapido-4.jpg\"><\/picture>\n<p><span>Mir\u00e1 tambi\u00e9n<\/span><\/p>\n<hr>\n<h3>Qu\u00e9 dijo Pierre Gasly, compa\u00f1ero de Colapinto, despu\u00e9s de un gran viernes en B\u00e9lgica<\/h3>\n<\/p>\n<\/section>\n<\/div>\n<\/div>\n","protected":false},"excerpt":{"rendered":"<p>25\/07\/2025 18:48hs. Despu\u00e9s de tres semanas de espera, la F\u00f3rmula 1 retom\u00f3 la actividad con el Gran Premio de B\u00e9lgica, que se correr\u00e1 hasta el 27 de julio. Durante ese lapso, los rumores no descansaron y se llevaron el protagonismo, m\u00e1s a\u00fan cuando involucran a un tetracampe\u00f3n como Max Verstappen, quien, se dice, podr\u00eda pasar [&hellip;]<\/p>\n","protected":false},"author":1,"featured_media":171145,"comment_status":"closed","ping_status":"closed","sticky":false,"template":"","format":"standard","meta":[],"categories":[21],"tags":[],"_links":{"self":[{"href":"http:\/\/cordobadirecto.com\/index.php\/wp-json\/wp\/v2\/posts\/171144"}],"collection":[{"href":"http:\/\/cordobadirecto.com\/index.php\/wp-json\/wp\/v2\/posts"}],"about":[{"href":"http:\/\/cordobadirecto.com\/index.php\/wp-json\/wp\/v2\/types\/post"}],"author":[{"embeddable":true,"href":"http:\/\/cordobadirecto.com\/index.php\/wp-json\/wp\/v2\/users\/1"}],"replies":[{"embeddable":true,"href":"http:\/\/cordobadirecto.com\/index.php\/wp-json\/wp\/v2\/comments?post=171144"}],"version-history":[{"count":0,"href":"http:\/\/cordobadirecto.com\/index.php\/wp-json\/wp\/v2\/posts\/171144\/revisions"}],"wp:featuredmedia":[{"embeddable":true,"href":"http:\/\/cordobadirecto.com\/index.php\/wp-json\/wp\/v2\/media\/171145"}],"wp:attachment":[{"href":"http:\/\/cordobadirecto.com\/index.php\/wp-json\/wp\/v2\/media?parent=171144"}],"wp:term":[{"taxonomy":"category","embeddable":true,"href":"http:\/\/cordobadirecto.com\/index.php\/wp-json\/wp\/v2\/categories?post=171144"},{"taxonomy":"post_tag","embeddable":true,"href":"http:\/\/cordobadirecto.com\/index.php\/wp-json\/wp\/v2\/tags?post=171144"}],"curies":[{"name":"wp","href":"https:\/\/api.w.org\/{rel}","templated":true}]}}