{"id":171165,"date":"2025-07-26T21:19:25","date_gmt":"2025-07-26T21:19:25","guid":{"rendered":"http:\/\/cordobadirecto.com\/index.php\/2025\/07\/26\/milei-anuncio-reducciones-en-las-retenciones-no-tendran-vuelta-atras-pagina12\/"},"modified":"2025-07-26T21:19:25","modified_gmt":"2025-07-26T21:19:25","slug":"milei-anuncio-reducciones-en-las-retenciones-no-tendran-vuelta-atras-pagina12","status":"publish","type":"post","link":"http:\/\/cordobadirecto.com\/index.php\/2025\/07\/26\/milei-anuncio-reducciones-en-las-retenciones-no-tendran-vuelta-atras-pagina12\/","title":{"rendered":"Milei anunci\u00f3 reducciones en las retenciones | &quot;No tendr\u00e1n vuelta atr\u00e1s&quot; &#8211; P\u00e1gina12"},"content":{"rendered":"<p>&#8230; <b>econom\u00eda<\/b> de <b>C\u00f3rdoba<\/b>. Valoramos la vocaci\u00f3n de reducir impuestos para el &#8230; <b>Nueva<\/b> marcha de jubilados: movilizaci\u00f3n contra el veto y el&nbsp;&#8230; <\/p>\n","protected":false},"excerpt":{"rendered":"<p>&#8230; econom\u00eda de C\u00f3rdoba. Valoramos la vocaci\u00f3n de reducir impuestos para el &#8230; Nueva marcha de jubilados: movilizaci\u00f3n contra el veto y el&nbsp;&#8230;<\/p>\n","protected":false},"author":1,"featured_media":0,"comment_status":"closed","ping_status":"closed","sticky":false,"template":"","format":"standard","meta":[],"categories":[40],"tags":[],"_links":{"self":[{"href":"http:\/\/cordobadirecto.com\/index.php\/wp-json\/wp\/v2\/posts\/171165"}],"collection":[{"href":"http:\/\/cordobadirecto.com\/index.php\/wp-json\/wp\/v2\/posts"}],"about":[{"href":"http:\/\/cordobadirecto.com\/index.php\/wp-json\/wp\/v2\/types\/post"}],"author":[{"embeddable":true,"href":"http:\/\/cordobadirecto.com\/index.php\/wp-json\/wp\/v2\/users\/1"}],"replies":[{"embeddable":true,"href":"http:\/\/cordobadirecto.com\/index.php\/wp-json\/wp\/v2\/comments?post=171165"}],"version-history":[{"count":0,"href":"http:\/\/cordobadirecto.com\/index.php\/wp-json\/wp\/v2\/posts\/171165\/revisions"}],"wp:attachment":[{"href":"http:\/\/cordobadirecto.com\/index.php\/wp-json\/wp\/v2\/media?parent=171165"}],"wp:term":[{"taxonomy":"category","embeddable":true,"href":"http:\/\/cordobadirecto.com\/index.php\/wp-json\/wp\/v2\/categories?post=171165"},{"taxonomy":"post_tag","embeddable":true,"href":"http:\/\/cordobadirecto.com\/index.php\/wp-json\/wp\/v2\/tags?post=171165"}],"curies":[{"name":"wp","href":"https:\/\/api.w.org\/{rel}","templated":true}]}}