{"id":171210,"date":"2025-07-26T22:54:55","date_gmt":"2025-07-26T22:54:55","guid":{"rendered":"https:\/\/www.ole.com.ar\/autos\/lionel-scaloni-eligio-piloto-favorito-formula-1-franco-colapinto_0_ZMbb9Kwvje.html"},"modified":"2025-07-26T22:54:55","modified_gmt":"2025-07-26T22:54:55","slug":"video-lionel-scaloni-eligio-a-su-piloto-favorito-de-la-formula-1","status":"publish","type":"post","link":"http:\/\/cordobadirecto.com\/index.php\/2025\/07\/26\/video-lionel-scaloni-eligio-a-su-piloto-favorito-de-la-formula-1\/","title":{"rendered":"Video: Lionel Scaloni eligi\u00f3 a su piloto favorito de la F\u00f3rmula 1"},"content":{"rendered":"<p><time class=\"createDate\" datetime=\"2025-07-26T19:54:55-03:00\">26\/07\/2025 19:54hs.<\/time><\/p>\n<div id=\"storyBody\">\n<div class=\"custom-text \" readability=\"39.51051625239\">\n<p><strong>Desde la llegada de <a href=\"https:\/\/www.ole.com.ar\/tema\/franco-colapinto.html\" title=\"Franco Colapinto\" alt=\"Franco Colapinto\" class=\"slug\">Franco Colapinto<\/a> a la F\u00f3rmula 1, <\/strong>el v\u00ednculo entre la M\u00e1xima y el deporte argentino se hizo cada vez m\u00e1s visible. <strong>Este s\u00e1bado, <\/strong>el que se lo vio por el paddock de la categor\u00eda reina de los monoplazas <strong>en Spa-Francorchamps, en B\u00e9lgica,<\/strong> fue ni m\u00e1s ni menos que el entrenador de la Selecci\u00f3n Argentina, <strong><a href=\"https:\/\/www.ole.com.ar\/tema\/lionel-scaloni.html\" title=\"Lionel Scaloni\" alt=\"Lionel Scaloni\" class=\"slug\">Lionel Scaloni.<\/a> <\/strong>El conductor de La Scaloneta aprovech\u00f3 la ocasi\u00f3n para acercarse al mundo fierrero y, en la previa a la clasificaci\u00f3n del domingo, hasta se anim\u00f3 a elegir a su piloto preferido.<\/p>\n<\/div>\n<div class=\"custom-text \" readability=\"31.714285714286\">\n<p><strong>No es la primera vez que una figura del deporte argentino dice presente <\/strong>en un circuito de la M\u00e1xima. El a\u00f1o pasado, por ejemplo, <strong><a href=\"https:\/\/www.ole.com.ar\/autos\/formula1-kun-aguero-visito-sauber_0_nehgeHttJH.html\" target=\"_self\" title=\"Sergio &quot;Kun&quot; Ag\u00fcero estuvo en Abu Dhabi\" alt=\"Sergio &quot;Kun&quot; Ag\u00fcero estuvo en Abu Dhabi\" rel=\"noopener\">Sergio &#8220;Kun&#8221; Ag\u00fcero estuvo en Abu Dhabi<\/a><\/strong> acompa\u00f1ando a Colapinto y recorriendo el paddock. <strong>En esta nota, todos los detalles de la visita de Scaloni.<\/strong><\/p>\n<\/div>\n<div class=\"sc-e7b891c4-0 ifHnQL image-embed\"><img alt=\"Lionel Scaloni presente en el GP de B\u00e9lgica. (FOTO: Captura)\" loading=\"lazy\" width=\"720\" height=\"100\" decoding=\"async\" data-nimg=\"1\" src=\"http:\/\/cordobadirecto.com\/wp-content\/uploads\/2025\/07\/video-lionel-scaloni-eligio-a-su-piloto-favorito-de-la-formula-1.jpg\"><span class=\"epigraphe\">Lionel Scaloni presente en el GP de B\u00e9lgica. (FOTO: Captura)<\/span><\/div>\n<p><h2><strong>Cu\u00e1l es el piloto de F\u00f3rmula 1 preferido de Scaloni<\/strong><\/h2>\n<\/p>\n<div class=\"custom-text \" readability=\"47\">\n<p><strong>Scaloni, mientras caminaba por el paddock de la F\u00f3rmula 1 en Spa-Francorchamps,<\/strong> fue interceptado por la transmisi\u00f3n oficial para Espa\u00f1a. Los cronistas que se encontraban all\u00ed le consultaron si ten\u00eda alg\u00fan piloto favorito y, en di\u00e1logo con DAZN, contest\u00f3: <strong>&#8220;Bueno, a m\u00ed sinceramente siempre me gust\u00f3, aparte de Fernando Alonso<\/strong> -que creo que es el mejor de la parrilla, que a veces hace milagros-, <strong>Max Verstappen, que es el que est\u00e1 combatiendo con los naranjas,<\/strong> \u00bfno? Con los McLaren, que hoy son los coches a batir, sin entender mucho. Creo que ma\u00f1ana (domingo) la lucha por la carrera ser\u00e1 entre ellos&#8221;.<\/p>\n<\/div>\n<div class=\"sc-3c5a76cc-1 idjLTd\" readability=\"6.5\">\n<div class=\"sc-d00d9e74-0 hnHYbk\" type=\"embed\">\n<div class=\"sc-d00d9e74-1 iKVbz videoText\" id=\"contentTitleembedkbjgqW97\" type=\"embed\"><svg fill=\"#ffffff\"><symbol id=\"play\" viewBox=\"0 0 512 512\"><path d=\"M512 256C512 397.4 397.4 512 256 512C114.6 512 0 397.4 0 256C0 114.6 114.6 0 256 0C397.4 0 512 114.6 512 256zM176 168V344C176 352.7 180.7 360.7 188.3 364.9C195.8 369.2 205.1 369 212.5 364.5L356.5 276.5C363.6 272.1 368 264.4 368 256C368 247.6 363.6 239.9 356.5 235.5L212.5 147.5C205.1 142.1 195.8 142.8 188.3 147.1C180.7 151.3 176 159.3 176 168V168z\" \/><\/symbol><use xlink:href=\"#play\" \/><\/svg><\/p>\n<div class=\"right\">\n<p>Lionel Scaloni<!-- --> &#8211; <span>&nbsp;<\/span><\/p>\n<h2 class=\"title-vid\">Lionel Scaloni, presente en Spa-Francorchamps, eligi\u00f3 a su piloto favorito de la F\u00f3rmula 1<\/h2>\n<\/div>\n<\/div>\n<p><span class=\"back\" id=\"spanBackembedkbjgqW97\"><\/span><\/div>\n<div class=\"JWvideoNota_title\" readability=\"8\">\n<p>El DT de Argentina estuvo este s\u00e1bado en el circuito belga y se anim\u00f3 a revelar su corredor preferido de la M\u00e1xima. Cr\u00e9ditos: DAZN F1 para Espa\u00f1a.<\/p>\n<\/div>\n<\/div>\n<div class=\"custom-text \" readability=\"43\">\n<p><strong>A su vez, el conductor de La Scaloneta<\/strong> fue consultado sobre si se puede comparar el hecho de dirigir un team de F\u00f3rmula 1 con gestionar un equipo de f\u00fatbol. Sin dudarlo, comparti\u00f3 su visi\u00f3n: &#8220;<strong>Bueno, en cierto modo es parecido. Ser un jefe de equipo implica lidiar con cosas muy similares.<\/strong> Los resultados, al final, son los que mandan y hay todo tipo de presiones. En las competiciones de primer nivel, de m\u00e1xima rivalidad,<strong> son parecidas, entonces entiendo que sea similar a ser entrenador&#8221;.<\/strong><\/p>\n<\/div>\n<p><h2><strong>Cu\u00e1ndo y por d\u00f3nde ver el GP de B\u00e9lgica de este domingo<\/strong><\/h2>\n<\/p>\n<div class=\"custom-text \" readability=\"42\">\n<p>Luego de un fin de semana sumamente exigente con el formato sprint, <strong>Lando Norris se impuso en la clasificaci\u00f3n a bordo de su McLaren<\/strong> con un tiempo de 1m40s562, logrando as\u00ed <strong>la cuarta pole<\/strong> de la temporada. Lo siguieron su compa\u00f1ero de equipo, Oscar Piastri, a quien le sac\u00f3 85 mil\u00e9simas, y Charles Leclerc, con su Ferrari. <strong>En tanto, Franco Colapinto largar\u00e1 desde el puesto 17\u00b0.<\/strong><\/p>\n<\/div>\n<div class=\"custom-text \" readability=\"35\">\n<p><strong>La actividad en el circuito de Spa contin\u00faa este domingo a las 10, <\/strong>cuando se apaguen los cinco sem\u00e1foros rojos ubicados en la recta principal del trazado belga. La competencia est\u00e1 pactada a <strong>44 vueltas<\/strong> y ser\u00e1 transmitida en vivo <strong>por Disney + Premium y Fox Sports.<\/strong><\/p>\n<\/div>\n<div class=\"sc-e7b891c4-0 ifHnQL image-embed\"><img alt=\"Franco Colapinto en acci\u00f3n durante la qualy del GP de B\u00e9lgica.\n(REUTERS\/Manon Cruz)\" loading=\"lazy\" width=\"720\" height=\"100\" decoding=\"async\" data-nimg=\"1\" src=\"http:\/\/cordobadirecto.com\/wp-content\/uploads\/2025\/07\/video-lionel-scaloni-eligio-a-su-piloto-favorito-de-la-formula-1-1.jpg\"><span class=\"epigraphe\">Franco Colapinto en acci\u00f3n durante la qualy del GP de B\u00e9lgica.<br \/>\n(REUTERS\/Manon Cruz)<\/span><\/div>\n<div class=\"sc-a7166897-0 eoLsBE\" readability=\"7.5\">\n<section readability=\"5\"><picture><img alt=\"Pierre Gasly, compa\u00f1ero de Colapinto, tras la clasificaci\u00f3n en B\u00e9lgica: &quot;Fue un d\u00eda dif\u00edcil&quot;\" loading=\"lazy\" width=\"290\" height=\"290\" decoding=\"async\" data-nimg=\"1\" src=\"http:\/\/cordobadirecto.com\/wp-content\/uploads\/2025\/07\/video-lionel-scaloni-eligio-a-su-piloto-favorito-de-la-formula-1-2.jpg\"><\/picture>\n<p><span>Mir\u00e1 tambi\u00e9n<\/span><\/p>\n<hr>\n<h3>Pierre Gasly, compa\u00f1ero de Colapinto, tras la clasificaci\u00f3n en B\u00e9lgica: &#8220;Fue un d\u00eda dif\u00edcil&#8221;<\/h3>\n<\/p>\n<\/section>\n<\/div>\n<div class=\"sc-a7166897-0 eoLsBE\" readability=\"6.5\">\n<section readability=\"3\"><picture><img alt=\"En qu\u00e9 posici\u00f3n larga Franco Colapinto y c\u00f3mo qued\u00f3 la parrilla para la carrera de la F1 en B\u00e9lgica\" loading=\"lazy\" width=\"290\" height=\"290\" decoding=\"async\" data-nimg=\"1\" src=\"http:\/\/cordobadirecto.com\/wp-content\/uploads\/2025\/07\/video-lionel-scaloni-eligio-a-su-piloto-favorito-de-la-formula-1-3.jpg\"><\/picture>\n<p><span>Mir\u00e1 tambi\u00e9n<\/span><\/p>\n<hr>\n<h3>En qu\u00e9 posici\u00f3n larga Franco Colapinto y c\u00f3mo qued\u00f3 la parrilla para la carrera de la F1 en B\u00e9lgica<\/h3>\n<\/p>\n<\/section>\n<\/div>\n<div class=\"sc-a7166897-0 eoLsBE\" readability=\"7\">\n<section readability=\"4\"><picture><img alt=\"Franco Colapinto, entre el malestar y la ilusi\u00f3n de cara al GP de B\u00e9lgica: &quot;Lo podemos revertir&quot;\" loading=\"lazy\" width=\"290\" height=\"290\" decoding=\"async\" data-nimg=\"1\" src=\"http:\/\/cordobadirecto.com\/wp-content\/uploads\/2025\/07\/video-lionel-scaloni-eligio-a-su-piloto-favorito-de-la-formula-1-4.jpg\"><\/picture>\n<p><span>Mir\u00e1 tambi\u00e9n<\/span><\/p>\n<hr>\n<h3>Franco Colapinto, entre el malestar y la ilusi\u00f3n de cara al GP de B\u00e9lgica: &#8220;Lo podemos revertir&#8221;<\/h3>\n<\/p>\n<\/section>\n<\/div>\n<\/div>\n","protected":false},"excerpt":{"rendered":"<p>26\/07\/2025 19:54hs. Desde la llegada de Franco Colapinto a la F\u00f3rmula 1, el v\u00ednculo entre la M\u00e1xima y el deporte argentino se hizo cada vez m\u00e1s visible. Este s\u00e1bado, el que se lo vio por el paddock de la categor\u00eda reina de los monoplazas en Spa-Francorchamps, en B\u00e9lgica, fue ni m\u00e1s ni menos que el [&hellip;]<\/p>\n","protected":false},"author":1,"featured_media":171211,"comment_status":"closed","ping_status":"closed","sticky":false,"template":"","format":"standard","meta":[],"categories":[21],"tags":[],"_links":{"self":[{"href":"http:\/\/cordobadirecto.com\/index.php\/wp-json\/wp\/v2\/posts\/171210"}],"collection":[{"href":"http:\/\/cordobadirecto.com\/index.php\/wp-json\/wp\/v2\/posts"}],"about":[{"href":"http:\/\/cordobadirecto.com\/index.php\/wp-json\/wp\/v2\/types\/post"}],"author":[{"embeddable":true,"href":"http:\/\/cordobadirecto.com\/index.php\/wp-json\/wp\/v2\/users\/1"}],"replies":[{"embeddable":true,"href":"http:\/\/cordobadirecto.com\/index.php\/wp-json\/wp\/v2\/comments?post=171210"}],"version-history":[{"count":0,"href":"http:\/\/cordobadirecto.com\/index.php\/wp-json\/wp\/v2\/posts\/171210\/revisions"}],"wp:featuredmedia":[{"embeddable":true,"href":"http:\/\/cordobadirecto.com\/index.php\/wp-json\/wp\/v2\/media\/171211"}],"wp:attachment":[{"href":"http:\/\/cordobadirecto.com\/index.php\/wp-json\/wp\/v2\/media?parent=171210"}],"wp:term":[{"taxonomy":"category","embeddable":true,"href":"http:\/\/cordobadirecto.com\/index.php\/wp-json\/wp\/v2\/categories?post=171210"},{"taxonomy":"post_tag","embeddable":true,"href":"http:\/\/cordobadirecto.com\/index.php\/wp-json\/wp\/v2\/tags?post=171210"}],"curies":[{"name":"wp","href":"https:\/\/api.w.org\/{rel}","templated":true}]}}