{"id":171212,"date":"2025-07-26T19:14:53","date_gmt":"2025-07-26T19:14:53","guid":{"rendered":"https:\/\/www.ole.com.ar\/autos\/pierre-gasly-companero-franco-colapinto-clasificacion-belgica_0_Hqg4Q2z0NV.html"},"modified":"2025-07-26T19:14:53","modified_gmt":"2025-07-26T19:14:53","slug":"pierre-gasly-companero-de-colapinto-tras-la-clasificacion-en-belgica-fue-un-dia-dificil","status":"publish","type":"post","link":"http:\/\/cordobadirecto.com\/index.php\/2025\/07\/26\/pierre-gasly-companero-de-colapinto-tras-la-clasificacion-en-belgica-fue-un-dia-dificil\/","title":{"rendered":"Pierre Gasly, compa\u00f1ero de Colapinto, tras la clasificaci\u00f3n en B\u00e9lgica: &#8220;Fue un d\u00eda dif\u00edcil&#8221;"},"content":{"rendered":"<p><time class=\"createDate\" datetime=\"2025-07-26T16:14:53-03:00\">26\/07\/2025 16:14hs.<\/time><\/p>\n<div id=\"storyBody\">\n<div class=\"custom-text \" readability=\"40.127701375246\">\n<p>El fin de semana de <strong><a href=\"https:\/\/www.ole.com.ar\/tema\/pierre-gasly.html\" title=\"Pierre Gasly\" alt=\"Pierre Gasly\" class=\"slug\">Pierre Gasly<\/a><\/strong>, compa\u00f1ero de <a href=\"https:\/\/www.ole.com.ar\/tema\/franco-colapinto.html\" title=\"Franco Colapinto\" alt=\"Franco Colapinto\" class=\"slug\">Franco Colapinto<\/a> en <a href=\"https:\/\/www.ole.com.ar\/tema\/alpine.html\" title=\"Alpine\" alt=\"Alpine\" class=\"slug\">Alpine<\/a>, fue un sube y baja. El viernes comenz\u00f3 de forma inmejorable, ya que se meti\u00f3 entre los 10 m\u00e1s r\u00e1pidos de la clasificaci\u00f3n Sprint; el s\u00e1bado arranc\u00f3 de la peor manera posible, con una falla mec\u00e1nica que no le permiti\u00f3 largar normalmente, y termin\u00f3 algo mejor, con un ingreso a la Q2 en la qualy. Terminada la actividad, y de cara al \u00faltimo evento del <strong>GP de B\u00e9lgica<\/strong>, el franc\u00e9s transmiti\u00f3 sus sensaciones ante los medios.<\/p>\n<\/div>\n<div class=\"custom-text \" readability=\"41\">\n<p><strong>&#8220;Fue un d\u00eda dif\u00edcil entre la carrera Sprint y la clasificaci\u00f3n&#8221;<\/strong>, comenz\u00f3 el galo, que no termin\u00f3 la carrera corta y se clasific\u00f3 13\u00b0 en la tanda cronometrada. En cuanto a la Sprint, explic\u00f3: &#8220;De manera frustrante,<strong> la Sprint termin\u00f3 antes de que comenzara por una p\u00e9rdida de agua camino a la grilla<\/strong>. El equipo se las arregl\u00f3 para repararlo y pudimos dar algunas vueltas, fue como una FP3 para nosotros, <strong>pero no nos sirvi\u00f3 de mucho al final<\/strong>. Estas cosas pasan y el equipo hizo un gran trabajo para revertir la situaci\u00f3n y poder tener algo de tiempo en pista&#8221;.<\/p>\n<\/div>\n<div class=\"sc-e7b891c4-0 ifHnQL image-embed\"><img alt=\"Pierre Gasly se recuper\u00f3 de un arranque complicado del s\u00e1bado. (REUTERS\/Yves Herman)\" loading=\"lazy\" width=\"720\" height=\"100\" decoding=\"async\" data-nimg=\"1\" src=\"http:\/\/cordobadirecto.com\/wp-content\/uploads\/2025\/07\/pierre-gasly-companero-de-colapinto-tras-la-clasificacion-en-belgica-fue-un-dia-dificil.jpg\"><span class=\"epigraphe\">Pierre Gasly se recuper\u00f3 de un arranque complicado del s\u00e1bado. (REUTERS\/Yves Herman)<\/span><\/div>\n<div class=\"custom-text \" readability=\"38.003565062389\">\n<p>Luego, Gasly se meti\u00f3 en la clasificaci\u00f3n, en la que super\u00f3 a Colapinto (<a href=\"https:\/\/www.ole.com.ar\/autos\/franco-colapinto-gp-belgica-hoy-vivo-hora-clasificacion-ver-tv-formula-1_0_d7VqujHMN0.html\" target=\"_self\" title=\"el pibe no pas\u00f3 la Q1 y result\u00f3 17\u00b0\" alt=\"el pibe no pas\u00f3 la Q1 y result\u00f3 17\u00b0\" rel=\"noopener\">el pibe no pas\u00f3 de la Q1 y result\u00f3 17\u00b0<\/a>): &#8220;<strong>Todo se sinti\u00f3 bastante bien<\/strong>. Pasamos la Q1 y luego, en la Q2, la \u00faltima vuelta fue decente. Probablemente habr\u00edamos necesitado que alguien estuviera delante para hacernos remolque, pero fuimos el primer auto en pista as\u00ed que nos lo perdimos. <strong>Veremos qu\u00e9 podemos hacer ma\u00f1ana. <\/strong>Sabemos que algunos equipos optaron por distintos set ups, nosotros nos enfocaremos en lo nuestro y <strong>lo daremos todo para obtener el mejor resultado posible<\/strong>&#8220;.<\/p>\n<\/div>\n<div class=\"custom-text \" readability=\"33.947368421053\">\n<p>Franco fue otro que, aun decepcionado por no haber podido avanzar en la qualy, <a href=\"https:\/\/www.ole.com.ar\/autos\/dijo-franco-colapinto-malestar-ilusion-gp-belgica-f1_0_bjbZt86NS3.html\" target=\"_self\" title=\"se esperanz\u00f3 de cara a la carrera del domingo\" alt=\"se esperanz\u00f3 de cara a la carrera del domingo\" rel=\"noopener\">se esperanz\u00f3 de cara a la carrera del domingo<\/a>: &#8220;<strong>Creo que ma\u00f1ana lo podemos revertir.<\/strong> Me sent\u00ed mejor que ayer, que es importante. Con estos cambios, el auto mejor\u00f3, y con eso estoy contento. <strong>Ojal\u00e1 tengamos un mejor d\u00eda<\/strong>&#8220;.<\/p>\n<\/div>\n<div class=\"sc-e7b891c4-0 ifHnQL image-embed\"><img alt=\"El compa\u00f1ero de Colapinto partir\u00e1 desde una buena ubicaci\u00f3n. (REUTERS\/Stephanie Lecocq)\" loading=\"lazy\" width=\"720\" height=\"100\" decoding=\"async\" data-nimg=\"1\" src=\"http:\/\/cordobadirecto.com\/wp-content\/uploads\/2025\/07\/pierre-gasly-companero-de-colapinto-tras-la-clasificacion-en-belgica-fue-un-dia-dificil-1.jpg\"><span class=\"epigraphe\">El compa\u00f1ero de Colapinto partir\u00e1 desde una buena ubicaci\u00f3n. (REUTERS\/Stephanie Lecocq)<\/span><\/div>\n<p><h2>A qu\u00e9 hora corre Franco Colapinto en B\u00e9lgica y d\u00f3nde se podr\u00e1 ver<\/h2>\n<\/p>\n<div class=\"custom-text \" readability=\"35\">\n<p>La carrera definitiva de la F\u00f3rmula 1 en Spa-Francorchamps se disputar\u00e1 <strong>este domingo a las 10.00 <\/strong>(horario argentino) y ser\u00e1 transmitida por <strong>Fox Sports <\/strong>y <strong>Disney+ Premium<\/strong>. Asimismo, vas a poder seguirla en directo en la web de Ol\u00e9.<\/p>\n<\/div>\n<div class=\"sc-a7166897-0 eoLsBE\" readability=\"6.5\">\n<section readability=\"3\"><picture><img alt=\"En qu\u00e9 posici\u00f3n larga Franco Colapinto y c\u00f3mo qued\u00f3 la parrilla para la carrera de la F1 en B\u00e9lgica\" loading=\"lazy\" width=\"290\" height=\"290\" decoding=\"async\" data-nimg=\"1\" src=\"http:\/\/cordobadirecto.com\/wp-content\/uploads\/2025\/07\/pierre-gasly-companero-de-colapinto-tras-la-clasificacion-en-belgica-fue-un-dia-dificil-2.jpg\"><\/picture>\n<p><span>Mir\u00e1 tambi\u00e9n<\/span><\/p>\n<hr>\n<h3>En qu\u00e9 posici\u00f3n larga Franco Colapinto y c\u00f3mo qued\u00f3 la parrilla para la carrera de la F1 en B\u00e9lgica<\/h3>\n<\/p>\n<\/section>\n<\/div>\n<div class=\"sc-a7166897-0 eoLsBE\" readability=\"6.5\">\n<section readability=\"3\"><picture><img alt=\"El piloto de 18 a\u00f1os que perdi\u00f3 la confianza y qued\u00f3 al borde del llanto: \u00bfqu\u00e9 le pasa a Kimi Antonelli?\" loading=\"lazy\" width=\"290\" height=\"290\" decoding=\"async\" data-nimg=\"1\" src=\"http:\/\/cordobadirecto.com\/wp-content\/uploads\/2025\/07\/pierre-gasly-companero-de-colapinto-tras-la-clasificacion-en-belgica-fue-un-dia-dificil-3.jpg\"><\/picture>\n<p><span>Mir\u00e1 tambi\u00e9n<\/span><\/p>\n<hr>\n<h3>El piloto de 18 a\u00f1os que perdi\u00f3 la confianza y qued\u00f3 al borde del llanto: \u00bfqu\u00e9 le pasa a Kimi Antonelli?<\/h3>\n<\/p>\n<\/section>\n<\/div>\n<div class=\"sc-a7166897-0 eoLsBE\" readability=\"7\">\n<section readability=\"4\"><picture><img alt=\"Tras la resoluci\u00f3n del incidente con Hulkenberg, as\u00ed qued\u00f3 la parrilla definitiva del GP de B\u00e9lgica\" loading=\"lazy\" width=\"290\" height=\"290\" decoding=\"async\" data-nimg=\"1\" src=\"http:\/\/cordobadirecto.com\/wp-content\/uploads\/2025\/07\/pierre-gasly-companero-de-colapinto-tras-la-clasificacion-en-belgica-fue-un-dia-dificil-4.jpg\"><\/picture>\n<p><span>Mir\u00e1 tambi\u00e9n<\/span><\/p>\n<hr>\n<h3>Tras la resoluci\u00f3n del incidente con Hulkenberg, as\u00ed qued\u00f3 la parrilla definitiva del GP de B\u00e9lgica<\/h3>\n<\/p>\n<\/section>\n<\/div>\n<div class=\"sc-a7166897-0 eoLsBE\" readability=\"7\">\n<section readability=\"4\"><picture><img alt=\"Franco Colapinto, entre el malestar y la ilusi\u00f3n de cara al GP de B\u00e9lgica: &quot;Lo podemos revertir&quot;\" loading=\"lazy\" width=\"290\" height=\"290\" decoding=\"async\" data-nimg=\"1\" src=\"http:\/\/cordobadirecto.com\/wp-content\/uploads\/2025\/07\/pierre-gasly-companero-de-colapinto-tras-la-clasificacion-en-belgica-fue-un-dia-dificil-5.jpg\"><\/picture>\n<p><span>Mir\u00e1 tambi\u00e9n<\/span><\/p>\n<hr>\n<h3>Franco Colapinto, entre el malestar y la ilusi\u00f3n de cara al GP de B\u00e9lgica: &#8220;Lo podemos revertir&#8221;<\/h3>\n<\/p>\n<\/section>\n<\/div>\n<div class=\"sc-a7166897-0 eoLsBE\" readability=\"6.5\">\n<section readability=\"3\"><picture><img alt=\"Lionel Scaloni alent\u00f3 a Franco Colapinto en la clasificaci\u00f3n del Gran Premio de B\u00e9lgica\" loading=\"lazy\" width=\"290\" height=\"290\" decoding=\"async\" data-nimg=\"1\" src=\"http:\/\/cordobadirecto.com\/wp-content\/uploads\/2025\/07\/pierre-gasly-companero-de-colapinto-tras-la-clasificacion-en-belgica-fue-un-dia-dificil-6.jpg\"><\/picture>\n<p><span>Mir\u00e1 tambi\u00e9n<\/span><\/p>\n<hr>\n<h3>Lionel Scaloni alent\u00f3 a Franco Colapinto en la clasificaci\u00f3n del Gran Premio de B\u00e9lgica<\/h3>\n<\/p>\n<\/section>\n<\/div>\n<div class=\"sc-a7166897-0 eoLsBE\" readability=\"6.5\">\n<section readability=\"3\"><picture><img alt=\"Franco Colapinto mejor\u00f3 pero no pudo clasificarse a la Q2 en la qualy del GP de B\u00e9lgica \" loading=\"lazy\" width=\"290\" height=\"290\" decoding=\"async\" data-nimg=\"1\" src=\"http:\/\/cordobadirecto.com\/wp-content\/uploads\/2025\/07\/pierre-gasly-companero-de-colapinto-tras-la-clasificacion-en-belgica-fue-un-dia-dificil-7.jpg\"><\/picture>\n<p><span>Mir\u00e1 tambi\u00e9n<\/span><\/p>\n<hr>\n<h3>Franco Colapinto mejor\u00f3 pero no pudo clasificarse a la Q2 en la qualy del GP de B\u00e9lgica<br \/>\n<\/h3>\n<\/p>\n<\/section>\n<\/div>\n<\/div>\n","protected":false},"excerpt":{"rendered":"<p>26\/07\/2025 16:14hs. El fin de semana de Pierre Gasly, compa\u00f1ero de Franco Colapinto en Alpine, fue un sube y baja. El viernes comenz\u00f3 de forma inmejorable, ya que se meti\u00f3 entre los 10 m\u00e1s r\u00e1pidos de la clasificaci\u00f3n Sprint; el s\u00e1bado arranc\u00f3 de la peor manera posible, con una falla mec\u00e1nica que no le permiti\u00f3 [&hellip;]<\/p>\n","protected":false},"author":1,"featured_media":171213,"comment_status":"closed","ping_status":"closed","sticky":false,"template":"","format":"standard","meta":[],"categories":[21],"tags":[],"_links":{"self":[{"href":"http:\/\/cordobadirecto.com\/index.php\/wp-json\/wp\/v2\/posts\/171212"}],"collection":[{"href":"http:\/\/cordobadirecto.com\/index.php\/wp-json\/wp\/v2\/posts"}],"about":[{"href":"http:\/\/cordobadirecto.com\/index.php\/wp-json\/wp\/v2\/types\/post"}],"author":[{"embeddable":true,"href":"http:\/\/cordobadirecto.com\/index.php\/wp-json\/wp\/v2\/users\/1"}],"replies":[{"embeddable":true,"href":"http:\/\/cordobadirecto.com\/index.php\/wp-json\/wp\/v2\/comments?post=171212"}],"version-history":[{"count":0,"href":"http:\/\/cordobadirecto.com\/index.php\/wp-json\/wp\/v2\/posts\/171212\/revisions"}],"wp:featuredmedia":[{"embeddable":true,"href":"http:\/\/cordobadirecto.com\/index.php\/wp-json\/wp\/v2\/media\/171213"}],"wp:attachment":[{"href":"http:\/\/cordobadirecto.com\/index.php\/wp-json\/wp\/v2\/media?parent=171212"}],"wp:term":[{"taxonomy":"category","embeddable":true,"href":"http:\/\/cordobadirecto.com\/index.php\/wp-json\/wp\/v2\/categories?post=171212"},{"taxonomy":"post_tag","embeddable":true,"href":"http:\/\/cordobadirecto.com\/index.php\/wp-json\/wp\/v2\/tags?post=171212"}],"curies":[{"name":"wp","href":"https:\/\/api.w.org\/{rel}","templated":true}]}}