{"id":171214,"date":"2025-07-27T02:21:02","date_gmt":"2025-07-27T02:21:02","guid":{"rendered":"https:\/\/www.ole.com.ar\/futbol-ascenso\/ascenso-primera-nacional-colegiales-quilmes_0_MnwGjTGNCP.html"},"modified":"2025-07-27T02:21:02","modified_gmt":"2025-07-27T02:21:02","slug":"colegiales-gano-y-hundio-a-un-cervecero-que-no-levanta-en-el-nacional","status":"publish","type":"post","link":"http:\/\/cordobadirecto.com\/index.php\/2025\/07\/27\/colegiales-gano-y-hundio-a-un-cervecero-que-no-levanta-en-el-nacional\/","title":{"rendered":"Colegiales gan\u00f3 y hundi\u00f3 a un Cervecero que no levanta en el Nacional"},"content":{"rendered":"<p><span class=\"createDate\">26\/07\/2025 00:29hs.<\/span><time class=\"modificatedDate\" datetime=\"2025-07-26T07:26:34-03:00\"> Actualizado al 26\/07\/2025 07:26hs.<\/time><\/p>\n<div id=\"storyBody\">\n<div class=\"custom-text \" readability=\"31.616314199396\">\n<p>El regreso a la victoria ante <a href=\"https:\/\/www.ole.com.ar\/tema\/arsenal-de-sarandi.html\" title=\"Arsenal de Sarand\u00ed\" alt=\"Arsenal de Sarand\u00ed\" class=\"slug\">Arsenal<\/a> ilusionaba a la gente de un <a href=\"https:\/\/www.ole.com.ar\/tema\/quilmes.html\" title=\"Quilmes\" alt=\"Quilmes\" class=\"slug\">Cervecero<\/a> que llegaba al Libertarios Unidos con la intenci\u00f3n de sumar y empezar a pensar en el acceso al Reducido de la <a href=\"https:\/\/www.ole.com.ar\/tema\/primera-nacional.html\" title=\"Primera Nacional\" alt=\"Primera Nacional\" class=\"slug\">Primera Nacional<\/a>. Una idea que fue truncada en un primer tiempo que tuvo mucho roce y fue muy accidentado: <strong>tanto dentro como fuera de la cancha.<\/strong><\/p>\n<\/div>\n<div class=\"custom-text \" readability=\"34.834008097166\">\n<p>S\u00ed, porque <strong>Iv\u00e1n Ram\u00edrez tuvo que ser atendido<\/strong> por un corte en un choque de cabezas <strong>y un hincha del <a href=\"https:\/\/www.ole.com.ar\/tema\/colegiales.html\" title=\"Colegiales\" alt=\"Colegiales\" class=\"slug\">Tricolor<\/a> descompensado tambi\u00e9n fue asistido<\/strong> por el equipo m\u00e9dico. As\u00ed, los primeros 45 minutos pasaron sin pena ni gloria en lo futbol\u00edstico.<\/p>\n<\/div>\n<div class=\"sc-e7b891c4-0 ifHnQL image-embed\"><img alt=\"El momento del cabezazo de Iv\u00e1n Ram\u00edrez.\" loading=\"lazy\" width=\"720\" height=\"100\" decoding=\"async\" data-nimg=\"1\" src=\"http:\/\/cordobadirecto.com\/wp-content\/uploads\/2025\/07\/colegiales-gano-y-hundio-a-un-cervecero-que-no-levanta-en-el-nacional.jpg\"><span class=\"epigraphe\">El momento del cabezazo de Iv\u00e1n Ram\u00edrez.<\/span><\/div>\n<div class=\"custom-text \" readability=\"38\">\n<p><strong>El segundo tiempo fue la perdici\u00f3n para el Cervecero<\/strong>: a los cinco minutos y tras un centro desde la izquierda, <strong>se le escap\u00f3 la pelota a Glellel y Ian Rasso defini\u00f3 frente al arco vac\u00edo: 1-0<\/strong>. Intentando ponerse en partido, los players de Duscher (reemplaz\u00f3 a Rondina) fueron adelante, tuvieron oportunidades pero ninguna entr\u00f3. <strong>Los de Leo Fern\u00e1ndez se replegaron y aguantaron el resultado todo lo que qued\u00f3 del match.<\/strong><\/p>\n<\/div>\n<div class=\"sc-e7b891c4-0 ifHnQL image-embed\"><img alt=\"El festejo de gol de Colegiales.\" loading=\"lazy\" width=\"720\" height=\"100\" decoding=\"async\" data-nimg=\"1\" src=\"http:\/\/cordobadirecto.com\/wp-content\/uploads\/2025\/07\/colegiales-gano-y-hundio-a-un-cervecero-que-no-levanta-en-el-nacional-1.jpg\"><span class=\"epigraphe\">El festejo de gol de Colegiales.<\/span><\/div>\n<div class=\"custom-text \" readability=\"36\">\n<p>De esta forma, los del Sur se fueron con las manos vac\u00edas en su visita a Munro y tendr\u00e1n que buscar el triunfo en cancha de Deportivo Madryn. Un panorama complicado para el Cervecero, <strong>\u00bflograr\u00e1 volver a la victoria?<\/strong><\/p>\n<\/div>\n<p><h2><strong>As\u00ed se juega la fecha 24 de la Primera Nacional<\/strong><\/h2>\n<\/p>\n<p><h2><strong>Zona A<\/strong><\/h2>\n<\/p>\n<div class=\"custom-text \">\n<ul>\n<li>Trist\u00e1n Su\u00e1rez vs. Los Andes, s\u00e1bado 26 de julio a las 14:45.<\/li>\n<li>Deportivo Madryn vs. Patronato, s\u00e1bado 26 de julio a las 15.<\/li>\n<li>All Boys vs. Almagro, s\u00e1bado 26 de julio a las 15:30.<\/li>\n<\/ul>\n<ul>\n<li>Arsenal vs. San Miguel, domingo 27 de julio a las 13:35.<\/li>\n<li>Alvarado vs Ferro, domingo 27 de julio a las 15.<\/li>\n<li>Deportivo Maip\u00fa vs. G\u00fcemes, domingo 27 de julio a las 15:30.<\/li>\n<\/ul>\n<ul>\n<li>Atlanta vs. Racing, lunes 28 de julio a las 21:10.<\/li>\n<\/ul>\n<\/div>\n<p><h2><strong>Zona B<\/strong><\/h2>\n<\/p>\n<div class=\"custom-text \">\n<ul>\n<li>Talleres de Escalada vs. Defensores de Belgrano, s\u00e1bado 26 de julio a las 15:30.<\/li>\n<li>Deportivo Mor\u00f3n vs. Chacarita, s\u00e1bado 26 de julio a las 17:00.<\/li>\n<li>Estudiantes vs. San Telmo, s\u00e1bado 26 de julio a las 19:05.<\/li>\n<\/ul>\n<ul>\n<li>Defensores Unidos vs. Agropecuario, domingo 27 de julio a las 15:30.<\/li>\n<li>Temperley vs. Gimnasia de Jujuy, domingo 27 de julio a las 15:30.<\/li>\n<li>Mitre (SdE) vs. Central Norte, domingo 27 de julio a las 15:30.<\/li>\n<li>Col\u00f3n vs Gimnasia de Mendoza, domingo 27 de julio a las 15:40.<\/li>\n<li>Estudiantes de R\u00edo Cuarto vs. Nueva Chicago, domingo 27 de julio a las 16:00.<\/li>\n<li>Chaco For Ever vs. Almirante Brown, domingo 27 de julio a las 16:30.<\/li>\n<\/ul>\n<\/div>\n<div class=\"sc-a7166897-0 eoLsBE\" readability=\"7\">\n<section readability=\"4\"><picture><img alt=\"Ins\u00f3lito: le hizo el gol del triunfo al l\u00edder Midland, lo expulsaron en el festejo y se pele\u00f3 con el t\u00e9cnico \" loading=\"lazy\" width=\"290\" height=\"290\" decoding=\"async\" data-nimg=\"1\" src=\"http:\/\/cordobadirecto.com\/wp-content\/uploads\/2025\/07\/colegiales-gano-y-hundio-a-un-cervecero-que-no-levanta-en-el-nacional-2.jpg\"><\/picture>\n<p><span>Mir\u00e1 tambi\u00e9n<\/span><\/p>\n<hr>\n<h3>Ins\u00f3lito: le hizo el gol del triunfo al l\u00edder Midland, lo expulsaron en el festejo y se pele\u00f3 con el t\u00e9cnico <\/h3>\n<\/p>\n<\/section>\n<\/div>\n<div class=\"sc-a7166897-0 eoLsBE\" readability=\"6.5\">\n<section readability=\"3\"><picture><img alt=\"Instituto en alerta: el refuerzo que deber\u00e1 rehacer la revisi\u00f3n m\u00e9dica por un inconveniente card\u00edaco\" loading=\"lazy\" width=\"290\" height=\"290\" decoding=\"async\" data-nimg=\"1\" src=\"http:\/\/cordobadirecto.com\/wp-content\/uploads\/2025\/07\/colegiales-gano-y-hundio-a-un-cervecero-que-no-levanta-en-el-nacional-3.jpg\"><\/picture>\n<p><span>Mir\u00e1 tambi\u00e9n<\/span><\/p>\n<hr>\n<h3>Instituto en alerta: el refuerzo que deber\u00e1 rehacer la revisi\u00f3n m\u00e9dica por un inconveniente card\u00edaco<\/h3>\n<\/p>\n<\/section>\n<\/div>\n<\/div>\n","protected":false},"excerpt":{"rendered":"<p>26\/07\/2025 00:29hs. Actualizado al 26\/07\/2025 07:26hs. El regreso a la victoria ante Arsenal ilusionaba a la gente de un Cervecero que llegaba al Libertarios Unidos con la intenci\u00f3n de sumar y empezar a pensar en el acceso al Reducido de la Primera Nacional. Una idea que fue truncada en un primer tiempo que tuvo mucho [&hellip;]<\/p>\n","protected":false},"author":1,"featured_media":171215,"comment_status":"closed","ping_status":"closed","sticky":false,"template":"","format":"standard","meta":[],"categories":[21],"tags":[],"_links":{"self":[{"href":"http:\/\/cordobadirecto.com\/index.php\/wp-json\/wp\/v2\/posts\/171214"}],"collection":[{"href":"http:\/\/cordobadirecto.com\/index.php\/wp-json\/wp\/v2\/posts"}],"about":[{"href":"http:\/\/cordobadirecto.com\/index.php\/wp-json\/wp\/v2\/types\/post"}],"author":[{"embeddable":true,"href":"http:\/\/cordobadirecto.com\/index.php\/wp-json\/wp\/v2\/users\/1"}],"replies":[{"embeddable":true,"href":"http:\/\/cordobadirecto.com\/index.php\/wp-json\/wp\/v2\/comments?post=171214"}],"version-history":[{"count":0,"href":"http:\/\/cordobadirecto.com\/index.php\/wp-json\/wp\/v2\/posts\/171214\/revisions"}],"wp:featuredmedia":[{"embeddable":true,"href":"http:\/\/cordobadirecto.com\/index.php\/wp-json\/wp\/v2\/media\/171215"}],"wp:attachment":[{"href":"http:\/\/cordobadirecto.com\/index.php\/wp-json\/wp\/v2\/media?parent=171214"}],"wp:term":[{"taxonomy":"category","embeddable":true,"href":"http:\/\/cordobadirecto.com\/index.php\/wp-json\/wp\/v2\/categories?post=171214"},{"taxonomy":"post_tag","embeddable":true,"href":"http:\/\/cordobadirecto.com\/index.php\/wp-json\/wp\/v2\/tags?post=171214"}],"curies":[{"name":"wp","href":"https:\/\/api.w.org\/{rel}","templated":true}]}}