{"id":171223,"date":"2025-07-25T14:55:58","date_gmt":"2025-07-25T14:55:58","guid":{"rendered":"https:\/\/cordoba.gob.ar\/?p=79643"},"modified":"2025-07-25T14:55:58","modified_gmt":"2025-07-25T14:55:58","slug":"el-cementerio-san-jeronimo-un-resumen-de-la-ciudad-en-cinco-hectareas","status":"publish","type":"post","link":"http:\/\/cordobadirecto.com\/index.php\/2025\/07\/25\/el-cementerio-san-jeronimo-un-resumen-de-la-ciudad-en-cinco-hectareas\/","title":{"rendered":"El Cementerio San Jer\u00f3nimo: un resumen de la ciudad en cinco hect\u00e1reas"},"content":{"rendered":"<div><img src=\"http:\/\/cordobadirecto.com\/wp-content\/uploads\/2025\/07\/el-cementerio-san-jeronimo-un-resumen-de-la-ciudad-en-cinco-hectareas.jpg\" class=\"ff-og-image-inserted\"><\/div>\n<ul>\n<li><strong>\u201cLos barrios y la historia de nuestra ciudad a trav\u00e9s del San Jer\u00f3nimo\u201d ser\u00e1 el recorrido del \u00faltimo fin de semana de julio. S\u00e1bado a las 09:00, 11:00 y 15:00 horas.<\/strong><\/li>\n<\/ul>\n<hr>\n<p>Durante el \u00faltimo fin de semana de julio, los vecinos y vecinas podr\u00e1n disfrutar de \u201cLos barrios y la historia de nuestra ciudad a trav\u00e9s del San Jer\u00f3nimo\u201d, un recorrido para entender y asociar ambas ciudades, la que habitan y la que representa el Cementerio San Jer\u00f3nimo.<\/p>\n<p>El trayecto, se podr\u00e1 realizar a las 09:00, 11:00 y 15:00 y tiene una duraci\u00f3n de dos horas. La ciudad de C\u00f3rdoba se encuentra resumida de manera casi perfecta en las cinco hect\u00e1reas que ocupa el cementerio.<\/p>\n<p>En el camposanto se pueden encontrar nombres de barrios, sus creadores y fundadores, nombres de instituciones, avenidas, colegios, plazas, etc, y todas ellas tienen su correlato dentro del cementerio. Barrio Gral Paz, Nueva C\u00f3rdoba, Alta C\u00f3rdoba, San Vicente, tienen que ver con el Cementerio y viceversa.<\/p>\n<p>Las visitas partir\u00e1n desde el hall de ingreso principal del cementerio, ubicado en Dr. Pedro Chutro 551 de barrio Alberdi, 15 minutos antes del inicio de cada recorrido.<\/p>\n<p>Se recomienda a quienes deseen realizar el recorrido, concurrir con ropa y calzado c\u00f3modo, botella de agua para hidratarse y repelente para mosquitos.<\/p>\n","protected":false},"excerpt":{"rendered":"<p>\u201cLos barrios y la historia de nuestra ciudad a trav\u00e9s del San Jer\u00f3nimo\u201d ser\u00e1 el recorrido del \u00faltimo fin de semana de julio. S\u00e1bado a las 09:00, 11:00 y 15:00 horas. Durante el \u00faltimo fin de semana de julio, los vecinos y vecinas podr\u00e1n disfrutar de \u201cLos barrios y la historia de nuestra ciudad a [&hellip;]<\/p>\n","protected":false},"author":1,"featured_media":171224,"comment_status":"closed","ping_status":"closed","sticky":false,"template":"","format":"standard","meta":[],"categories":[44],"tags":[],"_links":{"self":[{"href":"http:\/\/cordobadirecto.com\/index.php\/wp-json\/wp\/v2\/posts\/171223"}],"collection":[{"href":"http:\/\/cordobadirecto.com\/index.php\/wp-json\/wp\/v2\/posts"}],"about":[{"href":"http:\/\/cordobadirecto.com\/index.php\/wp-json\/wp\/v2\/types\/post"}],"author":[{"embeddable":true,"href":"http:\/\/cordobadirecto.com\/index.php\/wp-json\/wp\/v2\/users\/1"}],"replies":[{"embeddable":true,"href":"http:\/\/cordobadirecto.com\/index.php\/wp-json\/wp\/v2\/comments?post=171223"}],"version-history":[{"count":0,"href":"http:\/\/cordobadirecto.com\/index.php\/wp-json\/wp\/v2\/posts\/171223\/revisions"}],"wp:featuredmedia":[{"embeddable":true,"href":"http:\/\/cordobadirecto.com\/index.php\/wp-json\/wp\/v2\/media\/171224"}],"wp:attachment":[{"href":"http:\/\/cordobadirecto.com\/index.php\/wp-json\/wp\/v2\/media?parent=171223"}],"wp:term":[{"taxonomy":"category","embeddable":true,"href":"http:\/\/cordobadirecto.com\/index.php\/wp-json\/wp\/v2\/categories?post=171223"},{"taxonomy":"post_tag","embeddable":true,"href":"http:\/\/cordobadirecto.com\/index.php\/wp-json\/wp\/v2\/tags?post=171223"}],"curies":[{"name":"wp","href":"https:\/\/api.w.org\/{rel}","templated":true}]}}