{"id":171272,"date":"2025-07-27T20:15:09","date_gmt":"2025-07-27T20:15:09","guid":{"rendered":"https:\/\/www.ole.com.ar\/autos\/scaloni-orgullo-tener-colapinto-formula1_0_Fgu8eDLwGl.html"},"modified":"2025-07-27T20:15:09","modified_gmt":"2025-07-27T20:15:09","slug":"el-elogio-de-scaloni-a-franco-colapinto-es-un-orgullo-tenerlo-en-la-formula-1","status":"publish","type":"post","link":"http:\/\/cordobadirecto.com\/index.php\/2025\/07\/27\/el-elogio-de-scaloni-a-franco-colapinto-es-un-orgullo-tenerlo-en-la-formula-1\/","title":{"rendered":"El elogio de Scaloni a Franco Colapinto: &#8220;Es un orgullo tenerlo en la F\u00f3rmula 1&#8221;"},"content":{"rendered":"<p><time class=\"createDate\" datetime=\"2025-07-27T17:15:09-03:00\">27\/07\/2025 17:15hs.<\/time><\/p>\n<div id=\"storyBody\">\n<div class=\"custom-text \" readability=\"32.765840220386\">\n<p>Para<strong><a href=\"https:\/\/www.ole.com.ar\/tema\/lionel-scaloni.html\" title=\"Lionel Scaloni\" alt=\"Lionel Scaloni\" class=\"slug\"> Lionel Scaloni <\/a><\/strong>no todo es f\u00fatbol. M\u00e1s all\u00e1 de su innegable \u00e9xito con la <a href=\"https:\/\/www.ole.com.ar\/tema\/seleccion-argentina.html\" title=\"Selecci\u00f3n Argentina\" alt=\"Selecci\u00f3n Argentina\" class=\"slug\">Selecci\u00f3n Argentina<\/a>, el det\u00e9 tambi\u00e9n tiene una fuerte pasi\u00f3n por el ciclismo y el automovilismo. Por eso aprovech\u00f3 este fin de semana para acercarse a Spa-Francorchamps, en donde se corri\u00f3 el Gran Premio de B\u00e9lgica, <strong>y en la previa a la carrera se refiri\u00f3 a <a href=\"https:\/\/www.ole.com.ar\/tema\/franco-colapinto.html\" title=\"Franco Colapinto\" alt=\"Franco Colapinto\" class=\"slug\">Franco Colapinto<\/a>.<\/strong><\/p>\n<\/div>\n<div class=\"custom-text \" readability=\"27.723270440252\">\n<p><strong>&#8220;Charl\u00e9 un ratito con Franco. Es un orgullo tenerlo ac\u00e1 y que los argentinos tengamos a alguien por quien hinchar en las carreras&#8221;<\/strong>, dijo en di\u00e1logo con ESPN. Y es que justamente, <a href=\"https:\/\/www.ole.com.ar\/autos\/franco-colapinto-flavio-briatore-lionel-scaloni-gp-belgica-visita_0_y78RHyjGmg.html\" target=\"_self\" title=\"Scaloni comparti\u00f3 un momento junto a Colapinto y Flavio Briatore en el box de Alpine,\" alt=\"Scaloni comparti\u00f3 un momento junto a Colapinto y Flavio Briatore en el box de Alpine,\" rel=\"noopener\">Scaloni comparti\u00f3 un momento junto a Colapinto y Flavio Briatore en el box de Alpine,<\/a> adem\u00e1s de haberlo alentado en la clasificaci\u00f3n.<\/p>\n<\/div>\n<div class=\"custom-text \" readability=\"38.377398720682\">\n<p>Pero claro, m\u00e1s all\u00e1 de esto, Scaloni tambi\u00e9n habl\u00f3 sobre<strong> Max Verstappen<\/strong><a href=\"https:\/\/www.ole.com.ar\/autos\/lionel-scaloni-eligio-piloto-favorito-formula-1-franco-colapinto_0_ZMbb9Kwvje.html\" target=\"_self\" title=\", a quien elogi\u00f3 en la previa\" alt=\", a quien elogi\u00f3 en la previa\" rel=\"noopener\">, a quien elogi\u00f3 en la previa<\/a>, y tuvo la posibilidad de conocer:<strong> &#8220;Mi hijo lo quer\u00eda conocer&#8221;, <\/strong>y tambi\u00e9n confes\u00f3 que estaba feliz de haber compartido un rato con el cuatro veces campe\u00f3n del mundo y habl\u00f3 de los cambios que not\u00f3 en la F\u00f3rmula 1: &#8220;La \u00faltima vez que estuve ac\u00e1 (en Spa) fue en el 2011. <strong>Hoy los autos son m\u00e1s r\u00e1pidos y silenciosos. Hace m\u00e1s ruido la Copa Porsche, ja&#8221;.<\/strong><\/p>\n<\/div>\n<div class=\"sc-e7b891c4-0 ifHnQL image-embed\"><img alt=\"Scaloni dijo que &quot;es un orgullo tener a Colapinto en la F1&quot; (FOTO: Alpine).\" loading=\"lazy\" width=\"720\" height=\"100\" decoding=\"async\" data-nimg=\"1\" src=\"http:\/\/cordobadirecto.com\/wp-content\/uploads\/2025\/07\/el-elogio-de-scaloni-a-franco-colapinto-es-un-orgullo-tenerlo-en-la-formula-1.jpg\"><span class=\"epigraphe\">Scaloni dijo que &#8220;es un orgullo tener a Colapinto en la F1&#8221; (FOTO: Alpine).<\/span><\/div>\n<div class=\"custom-text \" readability=\"38\">\n<p>Y es que justamente<strong> Scaloni es un apasionado del automovilismo,<\/strong> ya que cont\u00f3 que sigue el TC -es hincha de Ford- y hasta revel\u00f3 que tuvo la oportunidad de estar a bordo de un auto de carreras: <strong>&#8220;Una vez con Lalo Ramos nos subimos al Ford Falcon, me llev\u00f3 a dar una vuelta y me gusta. <\/strong>Lo que pasa es que vas cumpliendo a\u00f1os y vas bajando un poco el tema de la velocidad&#8221;, cont\u00f3 entre risas. <\/p>\n<\/div>\n<div class=\"custom-text \" readability=\"39.014778325123\">\n<p>Incluso, se anim\u00f3 a comparar el rol del director de equipo en la <a href=\"https:\/\/www.ole.com.ar\/tema\/formula-1.html\" title=\"F\u00f3rmula 1\" alt=\"F\u00f3rmula 1\" class=\"slug\">F\u00f3rmula 1 <\/a>con los entrenadores de f\u00fatbol: &#8220;Por lo que vi este s\u00e1bado, el director de equipo trabaja con dos pilotos, pero los resultados son los que mandan y la presi\u00f3n del fin de semana por dar la vuelta r\u00e1pida&#8230; <strong>\ufeffEl deporte de alto rendimiento es todo parecido. Los resultados mandan, el tiempo es corto. Hay similitudes&#8221;<\/strong>, cerr\u00f3.<\/p>\n<\/div>\n<p><h2><strong>La visita de Scaloni a Colapinto<\/strong><\/h2>\n<\/p>\n<div class=\"custom-text \" readability=\"36.324538258575\">\n<p>Antes de la carrera de este domingo <a href=\"https:\/\/www.ole.com.ar\/autos\/franco-colapinto-carrera-gp-belgica-formula-1-vivo-online_0_jkn60n1W2Q.html\" target=\"_self\" title=\"-en la que finaliz\u00f3 19\u00b0- \" alt=\"-en la que finaliz\u00f3 19\u00b0- \" rel=\"noopener\">-en la que finaliz\u00f3 19\u00b0- <\/a>Scaloni pas\u00f3 por el box de Alpine a saludar a Colapinto:<strong> &#8220;Otra coronaci\u00f3n de gloria, gracias por venir a vernos&#8221;<\/strong>, escribi\u00f3 la cuenta oficial de la escuder\u00eda en sus redes sociales. Acto seguido, public\u00f3 varias fotos en la que <strong>se puede ver al t\u00e9cnico, el corredor y Flavio Briatore (el jefe del equipo) en boxes.<\/strong><\/p>\n<\/div>\n<div class=\"custom-text \" readability=\"36\">\n<p>M\u00e1s tarde, tambi\u00e9n comparti\u00f3 im\u00e1genes in\u00e9ditas del encuentro y revel\u00f3 que el nacido en Pujato tuvo una sentida charla con deportista.<strong> &#8220;Un campe\u00f3n del mundo le dese\u00f3 los mejores \u00e9xitos antes de la carrera&#8221;<\/strong>, contextualiz\u00f3 el team.<\/p>\n<\/div>\n<p><h2><strong>Scaloni y cu\u00e1l es el mejor piloto de F\u00f3rmula 1 para \u00e9l<\/strong><\/h2>\n<\/p>\n<div class=\"sc-e7b891c4-0 ifHnQL image-embed\"><img alt=\"Scaloni pas\u00f3 por el box de Alpine.\" loading=\"lazy\" width=\"720\" height=\"100\" decoding=\"async\" data-nimg=\"1\" src=\"http:\/\/cordobadirecto.com\/wp-content\/uploads\/2025\/07\/el-elogio-de-scaloni-a-franco-colapinto-es-un-orgullo-tenerlo-en-la-formula-1.jpg\"><span class=\"epigraphe\">Scaloni pas\u00f3 por el box de Alpine.<\/span><\/div>\n<div class=\"custom-text \" readability=\"47\">\n<p>Scaloni, mientras caminaba por el paddock de la F\u00f3rmula 1 en Spa-Francorchamps, fue interceptado por la transmisi\u00f3n oficial para Espa\u00f1a. Los cronistas que se encontraban all\u00ed le consultaron si ten\u00eda alg\u00fan piloto favorito y, en di\u00e1logo con DAZN, contest\u00f3: &#8220;Bueno, a m\u00ed sinceramente siempre me gust\u00f3, aparte de <strong>Fernando Alonso<\/strong> -que creo que es el mejor de la parrilla, que a veces hace milagros-<strong>, Max Verstappen, que es el que est\u00e1 combatiendo con los naranjas, \u00bfno? <\/strong>Con los McLaren, que hoy son los coches a batir, sin entender mucho. Creo que ma\u00f1ana (domingo) la lucha por la carrera ser\u00e1 entre ellos&#8221;.<\/p>\n<\/div>\n<p><h2><strong>C\u00f3mo sali\u00f3 Franco Colapinto en el Gran Premio de B\u00e9lgica<\/strong><\/h2>\n<\/p>\n<div class=\"custom-text \" readability=\"39\">\n<p>En una carrera que inici\u00f3 m\u00e1s tarde de lo previsto por la lluvia, Colapinto tuvo una actuaci\u00f3n que fue de mayor a menor<strong>. Luego de largar 15\u00b0 en la parrilla, el pilarense perdi\u00f3 posiciones y termin\u00f3 la cerrera 19\u00b0.<\/strong> As\u00ed, Colapa no cerr\u00f3 de la mejor manera un fin de semana en el que Alpine festej\u00f3 el d\u00e9cimo puesto de Pierre Gasly. \u00bfEl ganador? Oscar Piastri con su McLaren, que en la largada super\u00f3 a su compa\u00f1ero Lando Norris.<\/p>\n<\/div>\n<div class=\"sc-a7166897-0 eoLsBE\" readability=\"6.5\">\n<section readability=\"3\"><picture><img alt=\"Gasly brill\u00f3 en B\u00e9lgica y volvi\u00f3 a sumar: qu\u00e9 dijo el compa\u00f1ero de Franco Colapinto\" loading=\"lazy\" width=\"290\" height=\"290\" decoding=\"async\" data-nimg=\"1\" src=\"http:\/\/cordobadirecto.com\/wp-content\/uploads\/2025\/07\/el-elogio-de-scaloni-a-franco-colapinto-es-un-orgullo-tenerlo-en-la-formula-1-1.jpg\"><\/picture>\n<p><span>Mir\u00e1 tambi\u00e9n<\/span><\/p>\n<hr>\n<h3>Gasly brill\u00f3 en B\u00e9lgica y volvi\u00f3 a sumar: qu\u00e9 dijo el compa\u00f1ero de Franco Colapinto<\/h3>\n<\/p>\n<\/section>\n<\/div>\n<div class=\"sc-a7166897-0 eoLsBE\" readability=\"6\">\n<section readability=\"2\"><picture><img alt=\"Qu\u00e9 dijo Flavio Briatore acerca de la carrera de Franco Colapinto en B\u00e9lgica\" loading=\"lazy\" width=\"290\" height=\"290\" decoding=\"async\" data-nimg=\"1\" src=\"http:\/\/cordobadirecto.com\/wp-content\/uploads\/2025\/07\/el-elogio-de-scaloni-a-franco-colapinto-es-un-orgullo-tenerlo-en-la-formula-1-2.jpg\"><\/picture>\n<p><span>Mir\u00e1 tambi\u00e9n<\/span><\/p>\n<hr>\n<h3>Qu\u00e9 dijo Flavio Briatore acerca de la carrera de Franco Colapinto en B\u00e9lgica<\/h3>\n<\/p>\n<\/section>\n<\/div>\n<div class=\"sc-a7166897-0 eoLsBE\" readability=\"8.5\">\n<section readability=\"7\"><picture><img alt=\"La carrera de Colapinto en la F1 de B\u00e9lgica bajo la lupa: velocidad, mejor vuelta, rendimiento, comparaciones, su an\u00e1lisis...\" loading=\"lazy\" width=\"290\" height=\"290\" decoding=\"async\" data-nimg=\"1\" src=\"http:\/\/cordobadirecto.com\/wp-content\/uploads\/2025\/07\/el-elogio-de-scaloni-a-franco-colapinto-es-un-orgullo-tenerlo-en-la-formula-1-3.jpg\"><\/picture>\n<p><span>Mir\u00e1 tambi\u00e9n<\/span><\/p>\n<hr>\n<h3>La carrera de Colapinto en la F1 de B\u00e9lgica bajo la lupa: velocidad, mejor vuelta, rendimiento, comparaciones, su an\u00e1lisis&#8230;<\/h3>\n<\/p>\n<\/section>\n<\/div>\n<div class=\"sc-a7166897-0 eoLsBE\" readability=\"6\">\n<section readability=\"2\"><picture><img alt=\"Cu\u00e1ndo vuelve a correr Franco Colapinto tras el GP de B\u00e9lgica\" loading=\"lazy\" width=\"290\" height=\"290\" decoding=\"async\" data-nimg=\"1\" src=\"http:\/\/cordobadirecto.com\/wp-content\/uploads\/2025\/07\/el-elogio-de-scaloni-a-franco-colapinto-es-un-orgullo-tenerlo-en-la-formula-1-4.jpg\"><\/picture>\n<p><span>Mir\u00e1 tambi\u00e9n<\/span><\/p>\n<hr>\n<h3>Cu\u00e1ndo vuelve a correr Franco Colapinto tras el GP de B\u00e9lgica<\/h3>\n<\/p>\n<\/section>\n<\/div>\n<div class=\"sc-a7166897-0 eoLsBE\" readability=\"6\">\n<section readability=\"2\"><picture><img alt=\"Qu\u00e9 dijo Franco Colapinto tras finalizar 19\u00b0 en el Gran Premio de B\u00e9lgica\" loading=\"lazy\" width=\"290\" height=\"290\" decoding=\"async\" data-nimg=\"1\" src=\"http:\/\/cordobadirecto.com\/wp-content\/uploads\/2025\/07\/el-elogio-de-scaloni-a-franco-colapinto-es-un-orgullo-tenerlo-en-la-formula-1-5.jpg\"><\/picture>\n<p><span>Mir\u00e1 tambi\u00e9n<\/span><\/p>\n<hr>\n<h3>Qu\u00e9 dijo Franco Colapinto tras finalizar 19\u00b0 en el Gran Premio de B\u00e9lgica<\/h3>\n<\/p>\n<\/section>\n<\/div>\n<\/div>\n","protected":false},"excerpt":{"rendered":"<p>27\/07\/2025 17:15hs. Para Lionel Scaloni no todo es f\u00fatbol. M\u00e1s all\u00e1 de su innegable \u00e9xito con la Selecci\u00f3n Argentina, el det\u00e9 tambi\u00e9n tiene una fuerte pasi\u00f3n por el ciclismo y el automovilismo. Por eso aprovech\u00f3 este fin de semana para acercarse a Spa-Francorchamps, en donde se corri\u00f3 el Gran Premio de B\u00e9lgica, y en la [&hellip;]<\/p>\n","protected":false},"author":1,"featured_media":171273,"comment_status":"closed","ping_status":"closed","sticky":false,"template":"","format":"standard","meta":[],"categories":[21],"tags":[],"_links":{"self":[{"href":"http:\/\/cordobadirecto.com\/index.php\/wp-json\/wp\/v2\/posts\/171272"}],"collection":[{"href":"http:\/\/cordobadirecto.com\/index.php\/wp-json\/wp\/v2\/posts"}],"about":[{"href":"http:\/\/cordobadirecto.com\/index.php\/wp-json\/wp\/v2\/types\/post"}],"author":[{"embeddable":true,"href":"http:\/\/cordobadirecto.com\/index.php\/wp-json\/wp\/v2\/users\/1"}],"replies":[{"embeddable":true,"href":"http:\/\/cordobadirecto.com\/index.php\/wp-json\/wp\/v2\/comments?post=171272"}],"version-history":[{"count":0,"href":"http:\/\/cordobadirecto.com\/index.php\/wp-json\/wp\/v2\/posts\/171272\/revisions"}],"wp:featuredmedia":[{"embeddable":true,"href":"http:\/\/cordobadirecto.com\/index.php\/wp-json\/wp\/v2\/media\/171273"}],"wp:attachment":[{"href":"http:\/\/cordobadirecto.com\/index.php\/wp-json\/wp\/v2\/media?parent=171272"}],"wp:term":[{"taxonomy":"category","embeddable":true,"href":"http:\/\/cordobadirecto.com\/index.php\/wp-json\/wp\/v2\/categories?post=171272"},{"taxonomy":"post_tag","embeddable":true,"href":"http:\/\/cordobadirecto.com\/index.php\/wp-json\/wp\/v2\/tags?post=171272"}],"curies":[{"name":"wp","href":"https:\/\/api.w.org\/{rel}","templated":true}]}}