{"id":171274,"date":"2025-07-27T18:48:39","date_gmt":"2025-07-27T18:48:39","guid":{"rendered":"https:\/\/www.ole.com.ar\/autos\/pierrre-gasly-gasly-brillo-spa-francorchamps-volvio-sumar-dijo-companero-franco-colapinto-gp-gran-premio-belgica-formula-1_0_mQOZHFTGSw.html"},"modified":"2025-07-27T18:48:39","modified_gmt":"2025-07-27T18:48:39","slug":"gasly-brillo-en-belgica-y-volvio-a-sumar-que-dijo-el-companero-de-franco-colapinto","status":"publish","type":"post","link":"http:\/\/cordobadirecto.com\/index.php\/2025\/07\/27\/gasly-brillo-en-belgica-y-volvio-a-sumar-que-dijo-el-companero-de-franco-colapinto\/","title":{"rendered":"Gasly brill\u00f3 en B\u00e9lgica y volvi\u00f3 a sumar: qu\u00e9 dijo el compa\u00f1ero de Franco Colapinto"},"content":{"rendered":"<p><span class=\"createDate\">27\/07\/2025 15:48hs.<\/span><time class=\"modificatedDate\" datetime=\"2025-07-27T15:53:23-03:00\"> Actualizado al 27\/07\/2025 15:53hs.<\/time><\/p>\n<div id=\"storyBody\">\n<div class=\"custom-text \" readability=\"41\">\n<p><strong>En la previa del arranque de la 13\u00aa fecha<\/strong> del campeonato de F\u00f3rmula 1 en <strong>Spa-Francorchamps, Alpine<\/strong> se perfilaba como una de las escuder\u00edas <strong>con menos chances de sumar puntos, <\/strong>debido al flojo rendimiento de ambos autos en pista. Sin embargo, si hab\u00eda un equipo decidido a cruzar la bandera a cuadros en zona de puntos, ese era el conjunto con sede en Enstone. <strong>Y lo consigui\u00f3: Pierre Gasly logr\u00f3 meterse entre los diez primeros<\/strong>, mientras que <strong>Franco Colapinto no corri\u00f3 con la misma suerte.<\/strong> Tras el GP de B\u00e9lgica, el franc\u00e9s comparti\u00f3 sus sensaciones a bordo del A525.<\/p>\n<\/div>\n<p><h2><strong>Qu\u00e9 dijo Gasly luego de volver a sumar puntos en el GP de B\u00e9lgica<\/strong><\/h2>\n<\/p>\n<div class=\"custom-text \" readability=\"42\">\n<p><strong>El franc\u00e9s, tras cruzar la bandera a cuadros en la d\u00e9cima posici\u00f3n<\/strong> luego de resistir los ataques de varios autos m\u00e1s veloces y habiendo largado 13\u00b0, expres\u00f3: <strong>\u201cFue una carrera muy intensa y me complace haber acertado al sumar un punto, del que podemos estar satisfechos hoy.<\/strong> Tomamos decisiones muy acertadas, como optar por una configuraci\u00f3n agresiva y de baja carga aerodin\u00e1mica, que nos permiti\u00f3 atacar y defender en las rectas, y <strong>tambi\u00e9n entrar en boxes en el momento justo para cambiar a neum\u00e1ticos de seco, ya que la pista se sec\u00f3 al principio\u201d.<\/strong><\/p>\n<\/div>\n<div class=\"sc-e7b891c4-0 ifHnQL image-embed\"><img alt=\"Pierre Gasly volvi\u00f3 a sumar puntos tras su actuaci\u00f3n en el GP de B\u00e9lgica.\n(REUTERS\/Stephanie Lecocq)\" loading=\"lazy\" width=\"720\" height=\"100\" decoding=\"async\" data-nimg=\"1\" src=\"http:\/\/cordobadirecto.com\/wp-content\/uploads\/2025\/07\/gasly-brillo-en-belgica-y-volvio-a-sumar-que-dijo-el-companero-de-franco-colapinto.jpg\"><span class=\"epigraphe\">Pierre Gasly volvi\u00f3 a sumar puntos tras su actuaci\u00f3n en el GP de B\u00e9lgica.<br \/>\n(REUTERS\/Stephanie Lecocq)<\/span><\/div>\n<div class=\"custom-text \" readability=\"43\">\n<p>Y concluy\u00f3: \u201c<strong>As\u00ed que estoy muy contento, el trabajo duro dio sus frutos hoy.<\/strong> Es solo un punto, pero despu\u00e9s de una carrera as\u00ed, defendi\u00e9ndonos de varios autos durante tanto tiempo, podemos estar satisfechos. <strong>Cada a\u00f1o, Spa es un fin de semana especial para m\u00ed por muchas razones,<\/strong> as\u00ed que fue un placer tener a mi familia aqu\u00ed, junto con la madre de Anthoine. <strong>Sumamos un punto y llegamos a Hungr\u00eda la semana que viene listos para volver a por el \u00faltimo GP antes del receso de verano\u201d, cerr\u00f3 Gasly.<\/strong><\/p>\n<\/div>\n<p><h2><strong>Colapinto se fue sin puntos de B\u00e9lgica, pero dej\u00f3 sus sensaciones<\/strong><\/h2>\n<\/p>\n<div class=\"custom-text \" readability=\"36\">\n<p><strong>Colapinto larg\u00f3 15\u00b0, <\/strong>tras los cambios en la grilla, <strong>pero perdi\u00f3 cuatro posiciones durante la carrera y finaliz\u00f3 19\u00b0<\/strong>.<strong> <\/strong>Al bajar del auto, se lo not\u00f3 visiblemente molesto por lo sucedido.<\/p>\n<\/div>\n<div class=\"custom-text \" readability=\"38\">\n<p>\u201cCreo que las dos paradas que hicimos no nos ayudaron. <strong>Perd\u00ed varios puestos por una de ellas y no los pude recuperar\u201d<\/strong>, dijo en la zona mixta.<strong> <\/strong>Luego, agreg\u00f3: \u201cFue una carrera dura.<strong> El aire sucio, cuando sal\u00ed con la goma lisa, me complic\u00f3 bastante\u201d.<\/strong><\/p>\n<\/div>\n<div class=\"sc-e7b891c4-0 ifHnQL image-embed\"><img alt=\"Franco Colapinto, en plena competencia en Spa-Francorchamps.\n(REUTERS\/Stephanie Lecocq)\" loading=\"lazy\" width=\"720\" height=\"100\" decoding=\"async\" data-nimg=\"1\" src=\"http:\/\/cordobadirecto.com\/wp-content\/uploads\/2025\/07\/gasly-brillo-en-belgica-y-volvio-a-sumar-que-dijo-el-companero-de-franco-colapinto-1.jpg\"><span class=\"epigraphe\">Franco Colapinto, en plena competencia en Spa-Francorchamps.<br \/>\n(REUTERS\/Stephanie Lecocq)<\/span><\/div>\n<div class=\"custom-text \" readability=\"37\">\n<p><strong>M\u00e1s tarde,<\/strong> fue m\u00e1s autocr\u00edtico: <strong>\u201cFue una carrera positiva en cuanto a dar todas las vueltas, <\/strong>pero no lo fue en ritmo. Nos cost\u00f3. Una pena, creo que no fue una buena carrera en general para nosotros. <strong>Hay que seguir laburando\u201d.<\/strong><\/p>\n<\/div>\n<p><h2><strong>As\u00ed qued\u00f3 la tabla de Constructores tras el GP de B\u00e9lgica<\/strong><\/h2>\n<\/p>\n<div class=\"custom-text \">\n<ol>\n<li>McLaren 516 (+43) <\/li>\n<li>Ferrari 248 (+21) <\/li>\n<li>Mercedes 220 (+10) <\/li>\n<li>Red Bull 192 (+12) <\/li>\n<li>Williams 70 (+8) <\/li>\n<li>Sauber 43 (+2) <\/li>\n<li>Racing Bulls 41 (+4) <\/li>\n<li>Aston Martin 36 (0) <\/li>\n<li>Haas 35 (0) <\/li>\n<li>Alpine 20 (+1)<\/li>\n<\/ol>\n<\/div>\n<div class=\"sc-e7b891c4-0 ifHnQL image-embed\"><img alt=\"Colapinto resisti\u00f3 varias vueltas al Mercedes de Kimi Antonelli en el GP de B\u00e9lgica, aunque no sum\u00f3 puntos.\n(EFE\/EPA\/OLIVIER MATTHYS)\" loading=\"lazy\" width=\"720\" height=\"100\" decoding=\"async\" data-nimg=\"1\" src=\"http:\/\/cordobadirecto.com\/wp-content\/uploads\/2025\/07\/gasly-brillo-en-belgica-y-volvio-a-sumar-que-dijo-el-companero-de-franco-colapinto-2.jpg\"><span class=\"epigraphe\">Colapinto resisti\u00f3 varias vueltas al Mercedes de Kimi Antonelli en el GP de B\u00e9lgica, aunque no sum\u00f3 puntos.<br \/>\n(EFE\/EPA\/OLIVIER MATTHYS)<\/span><\/div>\n<div class=\"sc-a7166897-0 eoLsBE\" readability=\"6\">\n<section readability=\"2\"><picture><img alt=\"Qu\u00e9 dijo Flavio Briatore acerca de la carrera de Franco Colapinto en B\u00e9lgica\" loading=\"lazy\" width=\"290\" height=\"290\" decoding=\"async\" data-nimg=\"1\" src=\"http:\/\/cordobadirecto.com\/wp-content\/uploads\/2025\/07\/gasly-brillo-en-belgica-y-volvio-a-sumar-que-dijo-el-companero-de-franco-colapinto-3.jpg\"><\/picture>\n<p><span>Mir\u00e1 tambi\u00e9n<\/span><\/p>\n<hr>\n<h3>Qu\u00e9 dijo Flavio Briatore acerca de la carrera de Franco Colapinto en B\u00e9lgica<\/h3>\n<\/p>\n<\/section>\n<\/div>\n<div class=\"sc-a7166897-0 eoLsBE\" readability=\"8.5\">\n<section readability=\"7\"><picture><img alt=\"La carrera de Colapinto en la F1 de B\u00e9lgica bajo la lupa: velocidad, mejor vuelta, rendimiento, comparaciones, su an\u00e1lisis...\" loading=\"lazy\" width=\"290\" height=\"290\" decoding=\"async\" data-nimg=\"1\" src=\"http:\/\/cordobadirecto.com\/wp-content\/uploads\/2025\/07\/gasly-brillo-en-belgica-y-volvio-a-sumar-que-dijo-el-companero-de-franco-colapinto-4.jpg\"><\/picture>\n<p><span>Mir\u00e1 tambi\u00e9n<\/span><\/p>\n<hr>\n<h3>La carrera de Colapinto en la F1 de B\u00e9lgica bajo la lupa: velocidad, mejor vuelta, rendimiento, comparaciones, su an\u00e1lisis&#8230;<\/h3>\n<\/p>\n<\/section>\n<\/div>\n<div class=\"sc-a7166897-0 eoLsBE\" readability=\"6\">\n<section readability=\"2\"><picture><img alt=\"Cu\u00e1ndo vuelve a correr Franco Colapinto tras el GP de B\u00e9lgica\" loading=\"lazy\" width=\"290\" height=\"290\" decoding=\"async\" data-nimg=\"1\" src=\"http:\/\/cordobadirecto.com\/wp-content\/uploads\/2025\/07\/gasly-brillo-en-belgica-y-volvio-a-sumar-que-dijo-el-companero-de-franco-colapinto-5.jpg\"><\/picture>\n<p><span>Mir\u00e1 tambi\u00e9n<\/span><\/p>\n<hr>\n<h3>Cu\u00e1ndo vuelve a correr Franco Colapinto tras el GP de B\u00e9lgica<\/h3>\n<\/p>\n<\/section>\n<\/div>\n<\/div>\n","protected":false},"excerpt":{"rendered":"<p>27\/07\/2025 15:48hs. Actualizado al 27\/07\/2025 15:53hs. En la previa del arranque de la 13\u00aa fecha del campeonato de F\u00f3rmula 1 en Spa-Francorchamps, Alpine se perfilaba como una de las escuder\u00edas con menos chances de sumar puntos, debido al flojo rendimiento de ambos autos en pista. Sin embargo, si hab\u00eda un equipo decidido a cruzar la [&hellip;]<\/p>\n","protected":false},"author":1,"featured_media":171275,"comment_status":"closed","ping_status":"closed","sticky":false,"template":"","format":"standard","meta":[],"categories":[21],"tags":[],"_links":{"self":[{"href":"http:\/\/cordobadirecto.com\/index.php\/wp-json\/wp\/v2\/posts\/171274"}],"collection":[{"href":"http:\/\/cordobadirecto.com\/index.php\/wp-json\/wp\/v2\/posts"}],"about":[{"href":"http:\/\/cordobadirecto.com\/index.php\/wp-json\/wp\/v2\/types\/post"}],"author":[{"embeddable":true,"href":"http:\/\/cordobadirecto.com\/index.php\/wp-json\/wp\/v2\/users\/1"}],"replies":[{"embeddable":true,"href":"http:\/\/cordobadirecto.com\/index.php\/wp-json\/wp\/v2\/comments?post=171274"}],"version-history":[{"count":0,"href":"http:\/\/cordobadirecto.com\/index.php\/wp-json\/wp\/v2\/posts\/171274\/revisions"}],"wp:featuredmedia":[{"embeddable":true,"href":"http:\/\/cordobadirecto.com\/index.php\/wp-json\/wp\/v2\/media\/171275"}],"wp:attachment":[{"href":"http:\/\/cordobadirecto.com\/index.php\/wp-json\/wp\/v2\/media?parent=171274"}],"wp:term":[{"taxonomy":"category","embeddable":true,"href":"http:\/\/cordobadirecto.com\/index.php\/wp-json\/wp\/v2\/categories?post=171274"},{"taxonomy":"post_tag","embeddable":true,"href":"http:\/\/cordobadirecto.com\/index.php\/wp-json\/wp\/v2\/tags?post=171274"}],"curies":[{"name":"wp","href":"https:\/\/api.w.org\/{rel}","templated":true}]}}