{"id":171287,"date":"2025-07-28T17:13:44","date_gmt":"2025-07-28T17:13:44","guid":{"rendered":"https:\/\/cordoba.gob.ar\/?p=79619"},"modified":"2025-07-28T17:13:44","modified_gmt":"2025-07-28T17:13:44","slug":"la-municipalidad-reconocio-a-emprendedores-formados-en-colaboracion-publico-privada","status":"publish","type":"post","link":"http:\/\/cordobadirecto.com\/index.php\/2025\/07\/28\/la-municipalidad-reconocio-a-emprendedores-formados-en-colaboracion-publico-privada\/","title":{"rendered":"La Municipalidad reconoci\u00f3 a emprendedores formados en colaboraci\u00f3n p\u00fablico-privada"},"content":{"rendered":"<div><img src=\"http:\/\/cordobadirecto.com\/wp-content\/uploads\/2025\/07\/la-municipalidad-reconocio-a-emprendedores-formados-en-colaboracion-publico-privada.jpg\" class=\"ff-og-image-inserted\"><\/div>\n<ul>\n<li data-prosemirror-content-type=\"node\" data-prosemirror-node-name=\"paragraph\" data-prosemirror-node-block=\"true\"><strong>Se trata de 67 emprendimientos agrupados para adquirir herramientas y trabajar en conjunto.<\/strong><\/li>\n<\/ul>\n<hr>\n<p data-prosemirror-content-type=\"node\" data-prosemirror-node-name=\"paragraph\" data-prosemirror-node-block=\"true\">La iniciativa \u201cLanzate\u201d concluye su primer ciclo formativo con el reconocimiento a la formaci\u00f3n de gestores de 67 emprendimientos de la ciudad de C\u00f3rdoba.<\/p>\n<p data-prosemirror-content-type=\"node\" data-prosemirror-node-name=\"paragraph\" data-prosemirror-node-block=\"true\">El municipio entreg\u00f3 certificados por su compromiso a l\u00edderes de la ciudad que impulsan el crecimiento de sus proyectos y el aporte a la sociedad desde las peque\u00f1as empresas.<\/p>\n<p data-prosemirror-content-type=\"node\" data-prosemirror-node-name=\"paragraph\" data-prosemirror-node-block=\"true\">Durante el acto, disert\u00f3 el emprendedor y especialista en marketing Juan Arocena, quien dio el cierre a esta primera etapa de trabajo conjunto entre el Estado municipal y el sector privado.<\/p>\n<p data-prosemirror-content-type=\"node\" data-prosemirror-node-name=\"paragraph\" data-prosemirror-node-block=\"true\">As\u00ed concluyeron los primeros meses de ejecuci\u00f3n de este programa, por el que emprendedores se capacitan para dise\u00f1ar estrategias comerciales, utilizar la inteligencia artificial en sus procesos y aplicar a fondos y cr\u00e9ditos disponibles en la regi\u00f3n.<\/p>\n<p data-prosemirror-content-type=\"node\" data-prosemirror-node-name=\"paragraph\" data-prosemirror-node-block=\"true\">\u201cLanzate\u201d es una propuesta que impulsa el esfuerzo mancomunado de diversos actores econ\u00f3micos y sociales de la ciudad, ofrecida a trav\u00e9s de la Direcci\u00f3n General de Desarrollo de Empleo de la Secretar\u00eda de Gobierno, en articulaci\u00f3n con el Club de Emprendedores de C\u00f3rdoba de la Secretaria de Ciudad Inteligente y Transformaci\u00f3n Digital y la Direcci\u00f3n General de Juventud de la Secretar\u00eda de Participaci\u00f3n Ciudadana y Juventud.<\/p>\n","protected":false},"excerpt":{"rendered":"<p>Se trata de 67 emprendimientos agrupados para adquirir herramientas y trabajar en conjunto. La iniciativa \u201cLanzate\u201d concluye su primer ciclo formativo con el reconocimiento a la formaci\u00f3n de gestores de 67 emprendimientos de la ciudad de C\u00f3rdoba. El municipio entreg\u00f3 certificados por su compromiso a l\u00edderes de la ciudad que impulsan el crecimiento de sus [&hellip;]<\/p>\n","protected":false},"author":1,"featured_media":171288,"comment_status":"closed","ping_status":"closed","sticky":false,"template":"","format":"standard","meta":[],"categories":[44],"tags":[],"_links":{"self":[{"href":"http:\/\/cordobadirecto.com\/index.php\/wp-json\/wp\/v2\/posts\/171287"}],"collection":[{"href":"http:\/\/cordobadirecto.com\/index.php\/wp-json\/wp\/v2\/posts"}],"about":[{"href":"http:\/\/cordobadirecto.com\/index.php\/wp-json\/wp\/v2\/types\/post"}],"author":[{"embeddable":true,"href":"http:\/\/cordobadirecto.com\/index.php\/wp-json\/wp\/v2\/users\/1"}],"replies":[{"embeddable":true,"href":"http:\/\/cordobadirecto.com\/index.php\/wp-json\/wp\/v2\/comments?post=171287"}],"version-history":[{"count":0,"href":"http:\/\/cordobadirecto.com\/index.php\/wp-json\/wp\/v2\/posts\/171287\/revisions"}],"wp:featuredmedia":[{"embeddable":true,"href":"http:\/\/cordobadirecto.com\/index.php\/wp-json\/wp\/v2\/media\/171288"}],"wp:attachment":[{"href":"http:\/\/cordobadirecto.com\/index.php\/wp-json\/wp\/v2\/media?parent=171287"}],"wp:term":[{"taxonomy":"category","embeddable":true,"href":"http:\/\/cordobadirecto.com\/index.php\/wp-json\/wp\/v2\/categories?post=171287"},{"taxonomy":"post_tag","embeddable":true,"href":"http:\/\/cordobadirecto.com\/index.php\/wp-json\/wp\/v2\/tags?post=171287"}],"curies":[{"name":"wp","href":"https:\/\/api.w.org\/{rel}","templated":true}]}}