{"id":171335,"date":"2025-07-27T18:23:58","date_gmt":"2025-07-27T18:23:58","guid":{"rendered":"https:\/\/www.ole.com.ar\/autos\/dijo-flavio-briatore-franco-colapinto-carrera-belgica-alpine-gasly_0_qjaG1v9468.html"},"modified":"2025-07-27T18:23:58","modified_gmt":"2025-07-27T18:23:58","slug":"que-dijo-flavio-briatore-acerca-de-la-carrera-de-franco-colapinto-en-belgica","status":"publish","type":"post","link":"http:\/\/cordobadirecto.com\/index.php\/2025\/07\/27\/que-dijo-flavio-briatore-acerca-de-la-carrera-de-franco-colapinto-en-belgica\/","title":{"rendered":"Qu\u00e9 dijo Flavio Briatore acerca de la carrera de Franco Colapinto en B\u00e9lgica"},"content":{"rendered":"<p><time class=\"createDate\" datetime=\"2025-07-27T15:23:58-03:00\">27\/07\/2025 15:23hs.<\/time><\/p>\n<div id=\"storyBody\">\n<div class=\"custom-text \" readability=\"34.822784810127\">\n<p>No fue la mejor carrera para <strong><a href=\"https:\/\/www.ole.com.ar\/tema\/franco-colapinto.html\" title=\"Franco Colapinto\" alt=\"Franco Colapinto\" class=\"slug\">Franco Colapinto<\/a><\/strong>, quien parti\u00f3 desde el 15\u00b0 puesto y, entre males de m\u00e1quina y cositas a marcar en la estrategia, pas\u00f3 la bandera a cuadros en el 19\u00b0 lugar. Con algo de molestia, el argentino expuso que &#8220;paramos una o dos vueltas tarde&#8221; y que &#8220;las dos paradas no ayudaron&#8221;. Luego, <strong><a href=\"https:\/\/www.ole.com.ar\/tema\/flavio-briatore.html\" title=\"Flavio Briatore\" alt=\"Flavio Briatore\" class=\"slug\">Flavio Briatore<\/a><\/strong>, asesor de <a href=\"https:\/\/www.ole.com.ar\/tema\/alpine.html\" title=\"Alpine\" alt=\"Alpine\" class=\"slug\">Alpine<\/a>, cont\u00f3 qu\u00e9 se busc\u00f3 hacer con esas dos detenciones en pits y aprovech\u00f3 para <a href=\"https:\/\/www.ole.com.ar\/autos\/alpine-unica-alegria-gp-belgica-formula-1_0_JPvIYaqxft.html\" target=\"_self\" title=\"felicitar a Pierre Gasly por el punto sumado\" alt=\"felicitar a Pierre Gasly por el punto sumado\" rel=\"noopener\">felicitar a Pierre Gasly por el punto sumado<\/a>.<\/p>\n<\/div>\n<div class=\"custom-text \" readability=\"40\">\n<p>&#8220;Las condiciones fueron t\u00edpicas de Spa, como vi en varias ocasiones a lo largo de los a\u00f1os, <strong>e hizo que se generara una carrera interesante desde el pit wall<\/strong>&#8220;, comenz\u00f3 el italiano, quien no tard\u00f3 en reconocer que el A525 sufre citas como esta: &#8220;Fue un fin de semana dif\u00edcil para el equipo en <strong>una pista que sabemos que no se ajusta a las fortalezas de nuestro paquete<\/strong>. Intentamos algo distinto al correr con menos ala, lo cual no fue sencillo en estas condiciones&#8221;.<\/p>\n<\/div>\n<div class=\"sc-e7b891c4-0 ifHnQL image-embed\"><img alt=\"Briatore cont\u00f3 qu\u00e9 pas\u00f3 con la segunda parada de Colapinto. (@ColapintoFiles)\" loading=\"lazy\" width=\"720\" height=\"100\" decoding=\"async\" data-nimg=\"1\" src=\"http:\/\/cordobadirecto.com\/wp-content\/uploads\/2025\/07\/que-dijo-flavio-briatore-acerca-de-la-carrera-de-franco-colapinto-en-belgica.jpg\"><span class=\"epigraphe\">Briatore cont\u00f3 qu\u00e9 pas\u00f3 con la segunda parada de Colapinto. (@ColapintoFiles)<\/span><\/div>\n<div class=\"custom-text \" readability=\"38\">\n<p>En cuanto a Colapinto, que hizo una segunda parada cuando marchaba 18\u00b0 y termin\u00f3 perdiendo una posici\u00f3n m\u00e1s con Carlos Sainz (se hab\u00eda detenido unos giros antes), Briatore explic\u00f3: &#8220;<strong>Detuvimos a Franco para cubrirnos de Carlos al final<\/strong>, pero en la posici\u00f3n en la que estaban era poco probable que cambiara el desenlace de la carrera&#8221;. <\/p>\n<\/div>\n<div class=\"custom-text \" readability=\"38\">\n<p><strong>No hubo referencias a la demora en la primera parada<\/strong>, en la que, por ejemplo, Fernando Alonso (Aston Martin) pas\u00f3 del fondo de la tabla al 13er puesto por haberse detenido en el momento justo. En cambio, <strong>el #43 no solo no gan\u00f3 lugares sino que los perdi\u00f3.<\/strong><\/p>\n<\/div>\n<div class=\"custom-text \" readability=\"36\">\n<p>Con respecto a Gasly, el mandam\u00e1s de la escuder\u00eda francesa celebr\u00f3: &#8220;<strong>Es bueno que al menos nos hayamos ido con un punto<\/strong>. Pierre hizo bien al dejar atr\u00e1s al Red Bull, Haas y otros que lo que estaban siguiendo en el tramo final&#8221;.<\/p>\n<\/div>\n<div class=\"sc-e7b891c4-0 ifHnQL image-embed\"><img alt=\"Pierre Gasly sum\u00f3 un punto y ya lleg\u00f3 a 20. (REUTERS\/Stephanie Lecocq)\" loading=\"lazy\" width=\"720\" height=\"100\" decoding=\"async\" data-nimg=\"1\" src=\"http:\/\/cordobadirecto.com\/wp-content\/uploads\/2025\/07\/que-dijo-flavio-briatore-acerca-de-la-carrera-de-franco-colapinto-en-belgica-1.jpg\"><span class=\"epigraphe\">Pierre Gasly sum\u00f3 un punto y ya lleg\u00f3 a 20. (REUTERS\/Stephanie Lecocq)<\/span><\/div>\n<p><h2>Pierre Gasly destac\u00f3 el puntito conseguido en B\u00e9lgica<\/h2>\n<\/p>\n<div class=\"custom-text \" readability=\"42\">\n<p><strong>Pierre Gasly<\/strong>, quien parti\u00f3 desde el 13er caj\u00f3n, lleg\u00f3 10\u00b0 y volvi\u00f3 a sumar puntos (ya re\u00fane 20), transmiti\u00f3 su alegr\u00eda por el resultado: &#8220;Fue una carrera muy intensa y <strong>estoy satisfecho por c\u00f3mo hicimos las elecciones correctas para volvernos con un punto<\/strong>. Tomamos buenas decisiones, como optar por un set up agresivo con carga aerodin\u00e1mica baja, que nos permiti\u00f3 atacar y defender en las rectas, <strong>y parar en pits en el momento adecuado al ver que la pista se estaba secando r\u00e1pidamente<\/strong>. Es tan solo un punto, pero podemos estar satisfechos&#8221;.<\/p>\n<\/div>\n<div class=\"sc-a7166897-0 eoLsBE\" readability=\"6\">\n<section readability=\"2\"><picture><img alt=\"Qu\u00e9 dijo Franco Colapinto tras finalizar 19\u00b0 en el Gran Premio de B\u00e9lgica\" loading=\"lazy\" width=\"290\" height=\"290\" decoding=\"async\" data-nimg=\"1\" src=\"http:\/\/cordobadirecto.com\/wp-content\/uploads\/2025\/07\/que-dijo-flavio-briatore-acerca-de-la-carrera-de-franco-colapinto-en-belgica-2.jpg\"><\/picture>\n<p><span>Mir\u00e1 tambi\u00e9n<\/span><\/p>\n<hr>\n<h3>Qu\u00e9 dijo Franco Colapinto tras finalizar 19\u00b0 en el Gran Premio de B\u00e9lgica<\/h3>\n<\/p>\n<\/section>\n<\/div>\n<div class=\"sc-a7166897-0 eoLsBE\" readability=\"6\">\n<section readability=\"2\"><picture><img alt=\"La \u00fanica alegr\u00eda para Alpine en el GP de B\u00e9lgica\" loading=\"lazy\" width=\"290\" height=\"290\" decoding=\"async\" data-nimg=\"1\" src=\"http:\/\/cordobadirecto.com\/wp-content\/uploads\/2025\/07\/que-dijo-flavio-briatore-acerca-de-la-carrera-de-franco-colapinto-en-belgica-3.jpg\"><\/picture>\n<p><span>Mir\u00e1 tambi\u00e9n<\/span><\/p>\n<hr>\n<h3>La \u00fanica alegr\u00eda para Alpine en el GP de B\u00e9lgica<\/h3>\n<\/p>\n<\/section>\n<\/div>\n<div class=\"sc-a7166897-0 eoLsBE\" readability=\"6\">\n<section readability=\"2\"><picture><img alt=\"Cu\u00e1ndo vuelve a correr Franco Colapinto tras el GP de B\u00e9lgica\" loading=\"lazy\" width=\"290\" height=\"290\" decoding=\"async\" data-nimg=\"1\" src=\"http:\/\/cordobadirecto.com\/wp-content\/uploads\/2025\/07\/que-dijo-flavio-briatore-acerca-de-la-carrera-de-franco-colapinto-en-belgica-4.jpg\"><\/picture>\n<p><span>Mir\u00e1 tambi\u00e9n<\/span><\/p>\n<hr>\n<h3>Cu\u00e1ndo vuelve a correr Franco Colapinto tras el GP de B\u00e9lgica<\/h3>\n<\/p>\n<\/section>\n<\/div>\n<div class=\"sc-a7166897-0 eoLsBE\" readability=\"8.5\">\n<section readability=\"7\"><picture><img alt=\"La carrera de Colapinto en la F1 de B\u00e9lgica bajo la lupa: velocidad, mejor vuelta, rendimiento, comparaciones, su an\u00e1lisis...\" loading=\"lazy\" width=\"290\" height=\"290\" decoding=\"async\" data-nimg=\"1\" src=\"http:\/\/cordobadirecto.com\/wp-content\/uploads\/2025\/07\/que-dijo-flavio-briatore-acerca-de-la-carrera-de-franco-colapinto-en-belgica-5.jpg\"><\/picture>\n<p><span>Mir\u00e1 tambi\u00e9n<\/span><\/p>\n<hr>\n<h3>La carrera de Colapinto en la F1 de B\u00e9lgica bajo la lupa: velocidad, mejor vuelta, rendimiento, comparaciones, su an\u00e1lisis&#8230;<\/h3>\n<\/p>\n<\/section>\n<\/div>\n<\/div>\n","protected":false},"excerpt":{"rendered":"<p>27\/07\/2025 15:23hs. No fue la mejor carrera para Franco Colapinto, quien parti\u00f3 desde el 15\u00b0 puesto y, entre males de m\u00e1quina y cositas a marcar en la estrategia, pas\u00f3 la bandera a cuadros en el 19\u00b0 lugar. Con algo de molestia, el argentino expuso que &#8220;paramos una o dos vueltas tarde&#8221; y que &#8220;las dos [&hellip;]<\/p>\n","protected":false},"author":1,"featured_media":171336,"comment_status":"closed","ping_status":"closed","sticky":false,"template":"","format":"standard","meta":[],"categories":[21],"tags":[],"_links":{"self":[{"href":"http:\/\/cordobadirecto.com\/index.php\/wp-json\/wp\/v2\/posts\/171335"}],"collection":[{"href":"http:\/\/cordobadirecto.com\/index.php\/wp-json\/wp\/v2\/posts"}],"about":[{"href":"http:\/\/cordobadirecto.com\/index.php\/wp-json\/wp\/v2\/types\/post"}],"author":[{"embeddable":true,"href":"http:\/\/cordobadirecto.com\/index.php\/wp-json\/wp\/v2\/users\/1"}],"replies":[{"embeddable":true,"href":"http:\/\/cordobadirecto.com\/index.php\/wp-json\/wp\/v2\/comments?post=171335"}],"version-history":[{"count":0,"href":"http:\/\/cordobadirecto.com\/index.php\/wp-json\/wp\/v2\/posts\/171335\/revisions"}],"wp:featuredmedia":[{"embeddable":true,"href":"http:\/\/cordobadirecto.com\/index.php\/wp-json\/wp\/v2\/media\/171336"}],"wp:attachment":[{"href":"http:\/\/cordobadirecto.com\/index.php\/wp-json\/wp\/v2\/media?parent=171335"}],"wp:term":[{"taxonomy":"category","embeddable":true,"href":"http:\/\/cordobadirecto.com\/index.php\/wp-json\/wp\/v2\/categories?post=171335"},{"taxonomy":"post_tag","embeddable":true,"href":"http:\/\/cordobadirecto.com\/index.php\/wp-json\/wp\/v2\/tags?post=171335"}],"curies":[{"name":"wp","href":"https:\/\/api.w.org\/{rel}","templated":true}]}}