{"id":171337,"date":"2025-07-29T02:30:37","date_gmt":"2025-07-29T02:30:37","guid":{"rendered":"https:\/\/www.ole.com.ar\/futbol-ascenso\/ascenso-primera-nacional-ferro-aniversario-crisis-permanencia_0_lYsW28HP7Q.html"},"modified":"2025-07-29T02:30:37","modified_gmt":"2025-07-29T02:30:37","slug":"aniversario-tenso-en-ferro-marcha-de-los-hinchas-crisis-institucional-y-rondina-en-la-cuerda-floja","status":"publish","type":"post","link":"http:\/\/cordobadirecto.com\/index.php\/2025\/07\/29\/aniversario-tenso-en-ferro-marcha-de-los-hinchas-crisis-institucional-y-rondina-en-la-cuerda-floja\/","title":{"rendered":"Aniversario tenso en Ferro: marcha de los hinchas, crisis institucional y Rondina en la cuerda floja"},"content":{"rendered":"<p><time class=\"createDate\" datetime=\"2025-07-28T20:37:18-03:00\">28\/07\/2025 20:37hs.<\/time><\/p>\n<div id=\"storyBody\">\n<div class=\"custom-text \" readability=\"34.885245901639\">\n<p><a href=\"https:\/\/www.ole.com.ar\/tema\/ferro.html\" title=\"Ferro\" alt=\"Ferro\" class=\"slug\">Ferro<\/a> est\u00e1 cumpliendo 121 a\u00f1os de historia pero lo que menos hay es festejo. Claro, es que los de Caballito no la est\u00e1 pasando bien en la <a href=\"https:\/\/www.ole.com.ar\/tema\/primera-nacional.html\" title=\"Primera Nacional\" alt=\"Primera Nacional\" class=\"slug\">Primera Nacional<\/a>. <strong>Sin poder ganar hace ocho partidos, el Verdolaga qued\u00f3 a solo dos puntos de los puestos de descenso<\/strong> de la Zona A. Al mismo tiempo, <strong>la continuidad de <a href=\"https:\/\/www.ole.com.ar\/tema\/sergio-rondina.html\" title=\"Sergio Rondina\" alt=\"Sergio Rondina\" class=\"slug\">Sergio Rondina<\/a> es una inc\u00f3gnita<\/strong>. Parece que la \u00faltima derrota por 3-0 con Alvarado<strong> fue la gota que rebals\u00f3 el vaso.<\/strong><\/p>\n<\/div>\n<div class=\"custom-text \" readability=\"40\">\n<p>Sumado a lo deportivo, <strong>la dirigencia tampoco est\u00e1 en uno de sus mejores momentos<\/strong>. S\u00ed, porque hace poco, se conoci\u00f3 que <strong>Michael Etulain, <\/strong>director deportivo de la instituci\u00f3n de Caballito<strong>, daba un paso al costado<\/strong> y no iba a seguir en el puesto. Una crisis que empieza a afectar en lo institucional y que se traslada a lo social.<\/p>\n<\/div>\n<div class=\"sc-e7b891c4-0 ifHnQL image-embed\"><img alt=\"El mal presente de Ferro en el Nacional.\" loading=\"lazy\" width=\"720\" height=\"100\" decoding=\"async\" data-nimg=\"1\" src=\"http:\/\/cordobadirecto.com\/wp-content\/uploads\/2025\/07\/aniversario-tenso-en-ferro-marcha-de-los-hinchas-crisis-institucional-y-rondina-en-la-cuerda-floja.jpg\"><span class=\"epigraphe\">El mal presente de Ferro en el Nacional.<\/span><\/div>\n<p><h2><strong>La marcha de los hinchas de Ferro<\/strong><\/h2>\n<\/p>\n<div class=\"custom-text \" readability=\"37\">\n<p>Debido a los malos resultados y a la falta de compromiso por parte de la dirigencia, <strong>muchos hinchas de Ferro decidieron auto convocarse en la sede del club para pedir la renuncia de la Comisi\u00f3n Directiva<\/strong> y protestar por el presente futbol\u00edstico, el cual viene de hace a\u00f1os pero se agigant\u00f3 en los \u00faltimos tiempos. <\/p>\n<\/div>\n<p><h2><strong>El presente del Verdolaga en el 2025<\/strong><\/h2>\n<\/p>\n<div class=\"custom-text \" readability=\"36.212765957447\">\n<p>El presente de Ferro no es para nada alentador. <strong>No puede ganar desde hace ocho partidos y est\u00e1 a solo dos puntos de los puestos de descenso de la Zona A<\/strong>. Despu\u00e9s de haber ca\u00eddo por 3-0 con Alvarado, rival directo por la permanencia, qued\u00f3 en la d\u00e9cimo sexta posici\u00f3n con 26 unidades. <strong>\u00bfPodr\u00e1 levantar el equipo de <a href=\"https:\/\/www.ole.com.ar\/tema\/sergio-rondina.html\" title=\"Sergio Rondina\" alt=\"Sergio Rondina\" class=\"slug\">Rondina<\/a>?<\/strong><\/p>\n<\/div>\n<div class=\"sc-e7b891c4-0 ifHnQL image-embed\"><img alt=\"Rondina, actual t\u00e9cnico de Ferro. (Foto: Prensa Ferro)\" loading=\"lazy\" width=\"720\" height=\"100\" decoding=\"async\" data-nimg=\"1\" src=\"http:\/\/cordobadirecto.com\/wp-content\/uploads\/2025\/07\/aniversario-tenso-en-ferro-marcha-de-los-hinchas-crisis-institucional-y-rondina-en-la-cuerda-floja-1.jpg\"><span class=\"epigraphe\">Rondina, actual t\u00e9cnico de Ferro. (Foto: Prensa Ferro)<\/span><\/div>\n<p><h2><strong>La \u00fanica vez que Ferro descendi\u00f3 a la Primera B<\/strong><\/h2>\n<\/p>\n<div class=\"custom-text \" readability=\"37\">\n<p>Hay que remontarse a marzo del 2001 donde, tras haber bajado a la B Nacional y al no encontrar el rumbo en el campeonato, el equipo de Oeste finaliz\u00f3 en la \u00faltima posici\u00f3n, <strong>cerrando su descenso a la tercera categor\u00eda.<\/strong><\/p>\n<\/div>\n<div class=\"sc-e7b891c4-0 ifHnQL image-embed\"><img alt=\"El plantel de Ferro en la temporada 2002\/2003.\" loading=\"lazy\" width=\"720\" height=\"100\" decoding=\"async\" data-nimg=\"1\" src=\"http:\/\/cordobadirecto.com\/wp-content\/uploads\/2025\/07\/aniversario-tenso-en-ferro-marcha-de-los-hinchas-crisis-institucional-y-rondina-en-la-cuerda-floja-2.jpg\"><span class=\"epigraphe\">El plantel de Ferro en la temporada 2002\/2003.<\/span><\/div>\n<div class=\"custom-text \" readability=\"34.527272727273\">\n<p>R\u00e1pidamente, el Verdolaga cambi\u00f3 la cara y <strong>gan\u00f3 los campeonatos (Apertura y Clausura) del 2002\/2003 de la <a href=\"https:\/\/www.ole.com.ar\/tema\/b-metro.html\" title=\"B Metro\" alt=\"B Metro\" class=\"slug\">Primera B<\/a><\/strong> para volver a subir a la segunda divisi\u00f3n del f\u00fatbol argentino, donde milita hace m\u00e1s de 20 a\u00f1os.<\/p>\n<\/div>\n<div class=\"sc-a7166897-0 eoLsBE\" readability=\"7\">\n<section readability=\"4\"><picture><img alt=\"&quot;Todo podrido&quot;: el clima pestilente en Ezeiza, la raz\u00f3n de la crisis terminal en Boca\" loading=\"lazy\" width=\"290\" height=\"290\" decoding=\"async\" data-nimg=\"1\" src=\"http:\/\/cordobadirecto.com\/wp-content\/uploads\/2025\/07\/aniversario-tenso-en-ferro-marcha-de-los-hinchas-crisis-institucional-y-rondina-en-la-cuerda-floja-3.jpg\"><\/picture>\n<p><span>Mir\u00e1 tambi\u00e9n<\/span><\/p>\n<hr>\n<h3>&#8220;Todo podrido&#8221;: el clima pestilente en Ezeiza, la raz\u00f3n de la crisis terminal en Boca<\/h3>\n<\/p>\n<\/section>\n<\/div>\n<div class=\"sc-a7166897-0 eoLsBE\" readability=\"6\">\n<section readability=\"2\"><picture><img alt=\"La contundente frase de Roma\u00f1a sobre su futuro en San Lorenzo\" loading=\"lazy\" width=\"290\" height=\"290\" decoding=\"async\" data-nimg=\"1\" src=\"http:\/\/cordobadirecto.com\/wp-content\/uploads\/2025\/07\/aniversario-tenso-en-ferro-marcha-de-los-hinchas-crisis-institucional-y-rondina-en-la-cuerda-floja-4.jpg\"><\/picture>\n<p><span>Mir\u00e1 tambi\u00e9n<\/span><\/p>\n<hr>\n<h3>La contundente frase de Roma\u00f1a sobre su futuro en San Lorenzo<\/h3>\n<\/p>\n<\/section>\n<\/div>\n<\/div>\n","protected":false},"excerpt":{"rendered":"<p>28\/07\/2025 20:37hs. Ferro est\u00e1 cumpliendo 121 a\u00f1os de historia pero lo que menos hay es festejo. Claro, es que los de Caballito no la est\u00e1 pasando bien en la Primera Nacional. Sin poder ganar hace ocho partidos, el Verdolaga qued\u00f3 a solo dos puntos de los puestos de descenso de la Zona A. Al mismo [&hellip;]<\/p>\n","protected":false},"author":1,"featured_media":171338,"comment_status":"closed","ping_status":"closed","sticky":false,"template":"","format":"standard","meta":[],"categories":[21],"tags":[],"_links":{"self":[{"href":"http:\/\/cordobadirecto.com\/index.php\/wp-json\/wp\/v2\/posts\/171337"}],"collection":[{"href":"http:\/\/cordobadirecto.com\/index.php\/wp-json\/wp\/v2\/posts"}],"about":[{"href":"http:\/\/cordobadirecto.com\/index.php\/wp-json\/wp\/v2\/types\/post"}],"author":[{"embeddable":true,"href":"http:\/\/cordobadirecto.com\/index.php\/wp-json\/wp\/v2\/users\/1"}],"replies":[{"embeddable":true,"href":"http:\/\/cordobadirecto.com\/index.php\/wp-json\/wp\/v2\/comments?post=171337"}],"version-history":[{"count":0,"href":"http:\/\/cordobadirecto.com\/index.php\/wp-json\/wp\/v2\/posts\/171337\/revisions"}],"wp:featuredmedia":[{"embeddable":true,"href":"http:\/\/cordobadirecto.com\/index.php\/wp-json\/wp\/v2\/media\/171338"}],"wp:attachment":[{"href":"http:\/\/cordobadirecto.com\/index.php\/wp-json\/wp\/v2\/media?parent=171337"}],"wp:term":[{"taxonomy":"category","embeddable":true,"href":"http:\/\/cordobadirecto.com\/index.php\/wp-json\/wp\/v2\/categories?post=171337"},{"taxonomy":"post_tag","embeddable":true,"href":"http:\/\/cordobadirecto.com\/index.php\/wp-json\/wp\/v2\/tags?post=171337"}],"curies":[{"name":"wp","href":"https:\/\/api.w.org\/{rel}","templated":true}]}}