{"id":171346,"date":"2025-07-29T20:00:39","date_gmt":"2025-07-29T20:00:39","guid":{"rendered":"https:\/\/puntoapunto.com.ar\/?p=375436"},"modified":"2025-07-29T20:00:39","modified_gmt":"2025-07-29T20:00:39","slug":"puerto-seco-en-cordoba-bancor-se-suma-con-creditos-para-exportadores","status":"publish","type":"post","link":"http:\/\/cordobadirecto.com\/index.php\/2025\/07\/29\/puerto-seco-en-cordoba-bancor-se-suma-con-creditos-para-exportadores\/","title":{"rendered":"Puerto Seco en C\u00f3rdoba: Bancor se suma con cr\u00e9ditos para exportadores"},"content":{"rendered":"<div><img src=\"http:\/\/cordobadirecto.com\/wp-content\/uploads\/2025\/07\/puerto-seco-en-cordoba-bancor-se-suma-con-creditos-para-exportadores.jpg\" class=\"ff-og-image-inserted\"><\/div>\n<p data-start=\"381\" data-end=\"834\">El<strong> Banco de C\u00f3rdoba (Bancor) particip\u00f3 de la inauguraci\u00f3n del Puerto Seco<\/strong> de la C\u00e1mara de Comercio Exterior de C\u00f3rdoba (CaCEC), una <strong>obra que marca un antes y un despu\u00e9s en la infraestructura log\u00edstica de la provincia.<\/strong> El nuevo espacio, ubicado dentro del parque industrial de la c\u00e1mara, se extiende por 5 hect\u00e1reas destinadas al almacenamiento y operaci\u00f3n aduanera, y fue desarrollado junto al Gobierno de la Provincia a trav\u00e9s de la Agencia ProC\u00f3rdoba.<\/p>\n<p data-start=\"836\" data-end=\"1119\">El acto estuvo encabezado por el gobernador Mart\u00edn Llaryora y reuni\u00f3 a autoridades provinciales, referentes del sector privado y del ecosistema exportador, en una jornada que simboliz\u00f3 la articulaci\u00f3n p\u00fablico-privada para potenciar la internacionalizaci\u00f3n de las empresas cordobesas.<\/p>\n<p data-start=\"1121\" data-end=\"1500\">En ese marco, Bancor relanz\u00f3 su l\u00ednea <strong data-start=\"1159\" data-end=\"1181\">Impulso Exportador<\/strong>, una herramienta pensada para acompa\u00f1ar a empresas con proyecci\u00f3n internacional en los sectores agropecuario, industrial y de servicios. Adem\u00e1s, present\u00f3 su renovada <strong data-start=\"1348\" data-end=\"1393\">l\u00ednea de Prefinanciaci\u00f3n de Exportaciones<\/strong>, orientada a financiar tanto el proceso productivo como el plazo de pago otorgado al cliente del exterior.<\/p>\n<p data-section-id=\"o0dgf0\" data-start=\"1502\" data-end=\"1555\"><strong>Dos l\u00edneas clave para la proyecci\u00f3n internacional<\/strong><\/p>\n<p data-start=\"1557\" data-end=\"1579\"><strong data-start=\"1557\" data-end=\"1579\">Impulso Exportador<\/strong><\/p>\n<ul data-start=\"1580\" data-end=\"1967\" readability=\"2.5\">\n<li data-start=\"1580\" data-end=\"1600\">\n<p data-start=\"1582\" data-end=\"1600\"><strong data-start=\"1582\" data-end=\"1593\">Moneda:<\/strong> pesos.<\/p>\n<\/li>\n<li data-start=\"1601\" data-end=\"1718\" readability=\"1\">\n<p data-start=\"1603\" data-end=\"1718\"><strong data-start=\"1603\" data-end=\"1622\">Financiamiento:<\/strong> hasta el 100% del presupuesto o factura proforma, con un tope seg\u00fan la calificaci\u00f3n crediticia.<\/p>\n<\/li>\n<li data-start=\"1719\" data-end=\"1813\" readability=\"-1\">\n<p data-start=\"1721\" data-end=\"1813\"><strong data-start=\"1721\" data-end=\"1731\">Tasas:<\/strong> BADLAR + 5% para MiPyMEs y BADLAR + 7% para no MiPyMEs. O bien tasa fija del 43%.<\/p>\n<\/li>\n<li data-start=\"1814\" data-end=\"1881\" readability=\"0\">\n<p data-start=\"1816\" data-end=\"1881\"><strong data-start=\"1816\" data-end=\"1826\">Plazo:<\/strong> hasta 12 meses, con 3 meses de gracia para el capital.<\/p>\n<\/li>\n<li data-start=\"1882\" data-end=\"1967\" readability=\"-1\">\n<p data-start=\"1884\" data-end=\"1967\"><strong data-start=\"1884\" data-end=\"1899\">Requisitos:<\/strong> documentaci\u00f3n respaldatoria y certificado de la Agencia ProC\u00f3rdoba.<\/p>\n<\/li>\n<\/ul>\n<p data-start=\"1969\" data-end=\"2005\"><strong data-start=\"1969\" data-end=\"2005\">Prefinanciaci\u00f3n de Exportaciones<\/strong><\/p>\n<ul data-start=\"2006\" data-end=\"2291\" readability=\"1.5\">\n<li data-start=\"2006\" data-end=\"2028\">\n<p data-start=\"2008\" data-end=\"2028\"><strong data-start=\"2008\" data-end=\"2019\">Moneda:<\/strong> d\u00f3lares.<\/p>\n<\/li>\n<li data-start=\"2029\" data-end=\"2087\" readability=\"-1\">\n<p data-start=\"2031\" data-end=\"2087\"><strong data-start=\"2031\" data-end=\"2041\">Tasas:<\/strong> 6% TNA hasta 180 d\u00edas; 8% TNA hasta 365 d\u00edas.<\/p>\n<\/li>\n<li data-start=\"2088\" data-end=\"2167\" readability=\"-1\">\n<p data-start=\"2090\" data-end=\"2167\"><strong data-start=\"2090\" data-end=\"2102\">Destino:<\/strong> financia la producci\u00f3n o el plazo otorgado al comprador externo.<\/p>\n<\/li>\n<li data-start=\"2168\" data-end=\"2291\" readability=\"2\">\n<p data-start=\"2170\" data-end=\"2291\"><strong data-start=\"2170\" data-end=\"2185\">Requisitos:<\/strong> calificaci\u00f3n crediticia en Bancor, facturas proforma o comerciales, y permisos de embarque seg\u00fan el caso.<\/p>\n<\/li>\n<\/ul>\n<p data-start=\"2341\" data-end=\"2728\">Con estas acciones, Bancor reafirma su compromiso con el desarrollo econ\u00f3mico de C\u00f3rdoba. Al acompa\u00f1ar la inauguraci\u00f3n del Puerto Seco \u2014una infraestructura clave que busca posicionar a la provincia como un nodo log\u00edstico estrat\u00e9gico a nivel regional\u2014 el banco provincial ofrece soluciones concretas para que m\u00e1s empresas locales puedan insertarse y competir en el comercio internacional.<\/p>\n","protected":false},"excerpt":{"rendered":"<p>El Banco de C\u00f3rdoba (Bancor) particip\u00f3 de la inauguraci\u00f3n del Puerto Seco de la C\u00e1mara de Comercio Exterior de C\u00f3rdoba (CaCEC), una obra que marca un antes y un despu\u00e9s en la infraestructura log\u00edstica de la provincia. El nuevo espacio, ubicado dentro del parque industrial de la c\u00e1mara, se extiende por 5 hect\u00e1reas destinadas al [&hellip;]<\/p>\n","protected":false},"author":1,"featured_media":171347,"comment_status":"closed","ping_status":"closed","sticky":false,"template":"","format":"standard","meta":[],"categories":[25],"tags":[],"_links":{"self":[{"href":"http:\/\/cordobadirecto.com\/index.php\/wp-json\/wp\/v2\/posts\/171346"}],"collection":[{"href":"http:\/\/cordobadirecto.com\/index.php\/wp-json\/wp\/v2\/posts"}],"about":[{"href":"http:\/\/cordobadirecto.com\/index.php\/wp-json\/wp\/v2\/types\/post"}],"author":[{"embeddable":true,"href":"http:\/\/cordobadirecto.com\/index.php\/wp-json\/wp\/v2\/users\/1"}],"replies":[{"embeddable":true,"href":"http:\/\/cordobadirecto.com\/index.php\/wp-json\/wp\/v2\/comments?post=171346"}],"version-history":[{"count":0,"href":"http:\/\/cordobadirecto.com\/index.php\/wp-json\/wp\/v2\/posts\/171346\/revisions"}],"wp:featuredmedia":[{"embeddable":true,"href":"http:\/\/cordobadirecto.com\/index.php\/wp-json\/wp\/v2\/media\/171347"}],"wp:attachment":[{"href":"http:\/\/cordobadirecto.com\/index.php\/wp-json\/wp\/v2\/media?parent=171346"}],"wp:term":[{"taxonomy":"category","embeddable":true,"href":"http:\/\/cordobadirecto.com\/index.php\/wp-json\/wp\/v2\/categories?post=171346"},{"taxonomy":"post_tag","embeddable":true,"href":"http:\/\/cordobadirecto.com\/index.php\/wp-json\/wp\/v2\/tags?post=171346"}],"curies":[{"name":"wp","href":"https:\/\/api.w.org\/{rel}","templated":true}]}}