{"id":171390,"date":"2025-07-29T21:02:32","date_gmt":"2025-07-29T21:02:32","guid":{"rendered":"https:\/\/www.ole.com.ar\/autos\/companero-colapinto-correra-gp-hungria-f1-formula-1-paul-aron-sauber_0_xGM3Z03v5K.html"},"modified":"2025-07-29T21:02:32","modified_gmt":"2025-07-29T21:02:32","slug":"el-companero-de-colapinto-que-volvera-a-probarse-en-otro-equipo-de-la-formula-1","status":"publish","type":"post","link":"http:\/\/cordobadirecto.com\/index.php\/2025\/07\/29\/el-companero-de-colapinto-que-volvera-a-probarse-en-otro-equipo-de-la-formula-1\/","title":{"rendered":"El compa\u00f1ero de Colapinto que volver\u00e1 a probarse en otro equipo de la F\u00f3rmula 1"},"content":{"rendered":"<p><time class=\"createDate\" datetime=\"2025-07-29T18:02:32-03:00\">29\/07\/2025 18:02hs.<\/time><\/p>\n<div id=\"storyBody\">\n<div class=\"custom-text \" readability=\"38.273657289003\">\n<p>La <strong><a href=\"https:\/\/www.ole.com.ar\/tema\/formula-1.html\" title=\"F\u00f3rmula 1\" alt=\"F\u00f3rmula 1\" class=\"slug\">F\u00f3rmula 1<\/a><\/strong> tendr\u00e1 poco descanso tras el <strong>Gran Premio de B\u00e9lgica<\/strong>. Este fin de semana, los 10 equipos de la parrilla competir\u00e1n en otra cita de la categor\u00eda, esta vez en <strong>Budapest, Hungr\u00eda<\/strong>. El circuito Hungaroring recibir\u00e1 a los 20 pilotos habituales, <strong>y a uno extra que es compa\u00f1ero de <a href=\"https:\/\/www.ole.com.ar\/tema\/franco-colapinto.html\" title=\"Franco Colapinto\" alt=\"Franco Colapinto\" class=\"slug\">Franco Colapinto<\/a> en Alpine: Paul Aron<\/strong>, reserva de la escuder\u00eda francesa, <strong>que correr\u00e1 para Sauber<\/strong>.<\/p>\n<\/div>\n<div class=\"custom-text \" readability=\"39.68449197861\">\n<p><strong>El estonio ya se subi\u00f3 al auto del equipo suizo hace unas semanas<\/strong>, en el marco de las primeras pr\u00e1cticas libres del Gran Premio de Gran Breta\u00f1a. All\u00ed, en el hist\u00f3rico circuito de <strong>Silverstone, termin\u00f3 en el 17\u00b0 lugar<\/strong>, con un tiempo de 1m28s142, un puesto por debajo de Colapinto y dos por delante de <a href=\"https:\/\/www.ole.com.ar\/tema\/pierre-gasly.html\" title=\"Pierre Gasly\" alt=\"Pierre Gasly\" class=\"slug\">Pierre Gasly<\/a>. El viernes, <strong>volver\u00e1 a subirse al F1 del equipo verde<\/strong>.<\/p>\n<\/div>\n<div class=\"sc-e7b891c4-0 ifHnQL image-embed\"><img alt=\"Paul Aron, piloto de reserva de Alpine. (@AlpineF1Team)\" loading=\"lazy\" width=\"720\" height=\"100\" decoding=\"async\" data-nimg=\"1\" src=\"http:\/\/cordobadirecto.com\/wp-content\/uploads\/2025\/07\/el-companero-de-colapinto-que-volvera-a-probarse-en-otro-equipo-de-la-formula-1.jpg\"><span class=\"epigraphe\">Paul Aron, piloto de reserva de Alpine. (@AlpineF1Team)<\/span><\/div>\n<p><h2>C\u00f3mo seguir\u00e1 la actividad de Paul Aron en pruebas de F\u00f3rmula 1<\/h2>\n<\/p>\n<div class=\"custom-text \" readability=\"39\">\n<p><strong>Las primeras pr\u00e1cticas libres del Gran Premio de Hungr\u00eda<\/strong>, donde Alpine tendr\u00e1 que seguir de cerca no a dos, sino a tres autos por la presencia de Aron, <strong>comenzar\u00e1n el viernes a las 8.30<\/strong> (Fox Sports y Disney+ Premium). Sin embargo, no ser\u00e1 la \u00faltima vez que el ex F\u00f3rmula 2 forme parte de unas pruebas oficiales de la categoria&#8230;<\/p>\n<\/div>\n<div class=\"custom-text \" readability=\"43\">\n<p>En los pr\u00f3ximos meses, y antes de que termine la temporada, <strong>el estonio estar\u00e1 presente en tres pr\u00e1cticas m\u00e1s<\/strong>, esta vez en la escuder\u00eda a la que pertenece, Alpine. Por ahora, <strong>la \u00fanica fecha confirmada es la de las pr\u00f3ximas pruebas de Pirelli<\/strong>, inmediatamente despu\u00e9s del GP de Hungr\u00eda, el 5 y 6 de agosto, y en el mismo lugar. Tambi\u00e9n ser\u00e1 n parte Colapinto y Gasly.<\/p>\n<\/div>\n<div class=\"sc-e7b891c4-0 ifHnQL image-embed\"><img alt=\"El Sauber con el que corri\u00f3 y volver\u00e1 a correr Aron. (REUTER)\" loading=\"lazy\" width=\"720\" height=\"100\" decoding=\"async\" data-nimg=\"1\" src=\"http:\/\/cordobadirecto.com\/wp-content\/uploads\/2025\/07\/el-companero-de-colapinto-que-volvera-a-probarse-en-otro-equipo-de-la-formula-1-1.jpg\"><span class=\"epigraphe\">El Sauber con el que corri\u00f3 y volver\u00e1 a correr Aron. (REUTER)<\/span><\/div>\n<p><h2>La b\u00fasqueda de Alpine respecto al rodaje que le da a Paul Aron<\/h2>\n<\/p>\n<div class=\"custom-text \" readability=\"40.397058823529\">\n<p><strong>El plan de <a href=\"https:\/\/www.ole.com.ar\/tema\/alpine.html\" title=\"Alpine\" alt=\"Alpine\" class=\"slug\">Alpine<\/a> con Aron<\/strong>, que actualmente ocupa el rol de segundo reserva por detr\u00e1s de <strong>Jack Doohan<\/strong>, es seguir d\u00e1ndole rodaje. Aparentemente, la escuder\u00eda conf\u00eda en el joven de 21 a\u00f1os y eso explica su pr\u00e9stamo a <strong>Sauber<\/strong> por dos carreras acci\u00f3n que le sirve para ganar <strong>visibilidad y experiencia en F\u00f3rmula <\/strong>1 (siendo que el equipo est\u00e1 sobrepoblado de pilotos: Colapinto, Gasly, Doohan, Kush Maini).<\/p>\n<\/div>\n<div class=\"sc-e7b891c4-0 ifHnQL image-embed\"><img alt=\"El extenso equipo de Alpine. (@AlpineF1Team)\" loading=\"lazy\" width=\"720\" height=\"100\" decoding=\"async\" data-nimg=\"1\" src=\"http:\/\/cordobadirecto.com\/wp-content\/uploads\/2025\/07\/el-companero-de-colapinto-que-volvera-a-probarse-en-otro-equipo-de-la-formula-1-2.jpg\"><span class=\"epigraphe\">El extenso equipo de Alpine. (@AlpineF1Team)<\/span><\/div>\n<div class=\"sc-a7166897-0 eoLsBE\" readability=\"6.5\">\n<section readability=\"3\"><picture><img alt=\"Qu\u00e9 dijo Franco Colapinto de cara al GP de Hungr\u00eda en un circuito que le trae buenos recuerdos\" loading=\"lazy\" width=\"290\" height=\"290\" decoding=\"async\" data-nimg=\"1\" src=\"http:\/\/cordobadirecto.com\/wp-content\/uploads\/2025\/07\/el-companero-de-colapinto-que-volvera-a-probarse-en-otro-equipo-de-la-formula-1-3.jpg\"><\/picture>\n<p><span>Mir\u00e1 tambi\u00e9n<\/span><\/p>\n<hr>\n<h3>Qu\u00e9 dijo Franco Colapinto de cara al GP de Hungr\u00eda en un circuito que le trae buenos recuerdos<\/h3>\n<\/p>\n<\/section>\n<\/div>\n<div class=\"sc-a7166897-0 eoLsBE\" readability=\"7\">\n<section readability=\"4\"><picture><img alt=\"El motivo por el que Alpine, Gasly y Colapinto llegan confiados en hacer un buen GP de Hungr\u00eda\" loading=\"lazy\" width=\"290\" height=\"290\" decoding=\"async\" data-nimg=\"1\" src=\"http:\/\/cordobadirecto.com\/wp-content\/uploads\/2025\/07\/el-companero-de-colapinto-que-volvera-a-probarse-en-otro-equipo-de-la-formula-1-4.jpg\"><\/picture>\n<p><span>Mir\u00e1 tambi\u00e9n<\/span><\/p>\n<hr>\n<h3>El motivo por el que Alpine, Gasly y Colapinto llegan confiados en hacer un buen GP de Hungr\u00eda<\/h3>\n<\/p>\n<\/section>\n<\/div>\n<\/div>\n","protected":false},"excerpt":{"rendered":"<p>29\/07\/2025 18:02hs. La F\u00f3rmula 1 tendr\u00e1 poco descanso tras el Gran Premio de B\u00e9lgica. Este fin de semana, los 10 equipos de la parrilla competir\u00e1n en otra cita de la categor\u00eda, esta vez en Budapest, Hungr\u00eda. El circuito Hungaroring recibir\u00e1 a los 20 pilotos habituales, y a uno extra que es compa\u00f1ero de Franco Colapinto [&hellip;]<\/p>\n","protected":false},"author":1,"featured_media":171391,"comment_status":"closed","ping_status":"closed","sticky":false,"template":"","format":"standard","meta":[],"categories":[21],"tags":[],"_links":{"self":[{"href":"http:\/\/cordobadirecto.com\/index.php\/wp-json\/wp\/v2\/posts\/171390"}],"collection":[{"href":"http:\/\/cordobadirecto.com\/index.php\/wp-json\/wp\/v2\/posts"}],"about":[{"href":"http:\/\/cordobadirecto.com\/index.php\/wp-json\/wp\/v2\/types\/post"}],"author":[{"embeddable":true,"href":"http:\/\/cordobadirecto.com\/index.php\/wp-json\/wp\/v2\/users\/1"}],"replies":[{"embeddable":true,"href":"http:\/\/cordobadirecto.com\/index.php\/wp-json\/wp\/v2\/comments?post=171390"}],"version-history":[{"count":0,"href":"http:\/\/cordobadirecto.com\/index.php\/wp-json\/wp\/v2\/posts\/171390\/revisions"}],"wp:featuredmedia":[{"embeddable":true,"href":"http:\/\/cordobadirecto.com\/index.php\/wp-json\/wp\/v2\/media\/171391"}],"wp:attachment":[{"href":"http:\/\/cordobadirecto.com\/index.php\/wp-json\/wp\/v2\/media?parent=171390"}],"wp:term":[{"taxonomy":"category","embeddable":true,"href":"http:\/\/cordobadirecto.com\/index.php\/wp-json\/wp\/v2\/categories?post=171390"},{"taxonomy":"post_tag","embeddable":true,"href":"http:\/\/cordobadirecto.com\/index.php\/wp-json\/wp\/v2\/tags?post=171390"}],"curies":[{"name":"wp","href":"https:\/\/api.w.org\/{rel}","templated":true}]}}