{"id":171392,"date":"2025-07-29T20:40:51","date_gmt":"2025-07-29T20:40:51","guid":{"rendered":"https:\/\/www.ole.com.ar\/autos\/recibio-franco-colapinto-marchara-alpine-formula-1-francis-stokes_0_oS1TUzi3tE.html"},"modified":"2025-07-29T20:40:51","modified_gmt":"2025-07-29T20:40:51","slug":"recibio-con-los-brazos-abiertos-a-franco-colapinto-y-se-marchara-de-alpine","status":"publish","type":"post","link":"http:\/\/cordobadirecto.com\/index.php\/2025\/07\/29\/recibio-con-los-brazos-abiertos-a-franco-colapinto-y-se-marchara-de-alpine\/","title":{"rendered":"Recibi\u00f3 con los brazos abiertos a Franco Colapinto y se marchar\u00e1 de Alpine"},"content":{"rendered":"<p><time class=\"createDate\" datetime=\"2025-07-29T17:40:51-03:00\">29\/07\/2025 17:40hs.<\/time><\/p>\n<div id=\"storyBody\">\n<div class=\"custom-text \" readability=\"43.148760330579\">\n<p>Cuando<strong> <a href=\"https:\/\/www.ole.com.ar\/tema\/franco-colapinto.html\" title=\"Franco Colapinto\" alt=\"Franco Colapinto\" class=\"slug\">Franco Colapinto<\/a><\/strong> lleg\u00f3 a <a href=\"https:\/\/www.ole.com.ar\/tema\/alpine.html\" title=\"Alpine\" alt=\"Alpine\" class=\"slug\">Alpine<\/a>, lo hizo sin la certeza de si ser\u00eda titular. Hab\u00eda una formaci\u00f3n armada, compuesta por <a href=\"https:\/\/www.ole.com.ar\/tema\/pierre-gasly.html\" title=\"Pierre Gasly\" alt=\"Pierre Gasly\" class=\"slug\">Pierre Gasly<\/a> y <a href=\"https:\/\/www.ole.com.ar\/tema\/jack-doohan.html\" title=\"Jack Doohan\" alt=\"Jack Doohan\" class=\"slug\">Jack Doohan<\/a>, y \u00e9l estaba esperando por su oportunidad. Viaj\u00f3 a algunas carreras, siempre en condici\u00f3n de reserva, y volvi\u00f3 a codearse con una F\u00f3rmula 1 de la que hab\u00eda sido parte en 2024. En ese momento, mucho antes de convertirse en el piloto n\u00famero dos de la escuder\u00eda francesa, hubo una figura que le abri\u00f3 las puertas y lo hizo formar parte:<strong> Francis Stokes, jefe de mec\u00e1nicos, quien r\u00e1pidamente se gan\u00f3 el cari\u00f1o de los hinchas argentinos<\/strong>. \u00c9l, una de las caras m\u00e1s reconocibles del equipo, anunci\u00f3 su partida y tanto el #43 como otros corredores lo despidieron.<\/p>\n<\/div>\n<div class=\"custom-text \" readability=\"41\">\n<p>La buena onda entre Stokes, Colapinto y los argentinos comenz\u00f3 tras el Gran Premio de China, cuando subi\u00f3 una foto con el pibe de 22 a\u00f1os, ambos admirando unos bizcochitos, y escribi\u00f3:<strong> &#8220;Si hicieran dupla con Quilmes ser\u00edan los mejores del mundo&#8221;<\/strong>. Adem\u00e1s, para contextualizar la publicaci\u00f3n, utiliz\u00f3 la canci\u00f3n &#8220;Don&#8217;t cry for me Argentina&#8221;.<\/p>\n<\/div>\n<div class=\"sc-e7b891c4-0 ifHnQL image-embed\"><img alt=\"Francis Stoke, jefe de mec\u00e1nicos de Alpine, junto a los pilotos del 2024. Colapinto a\u00fan no hab\u00eda llegado. (@bad_stroke_of_luck)\" loading=\"lazy\" width=\"720\" height=\"100\" decoding=\"async\" data-nimg=\"1\" src=\"http:\/\/cordobadirecto.com\/wp-content\/uploads\/2025\/07\/recibio-con-los-brazos-abiertos-a-franco-colapinto-y-se-marchara-de-alpine.jpg\"><span class=\"epigraphe\">Francis Stoke, jefe de mec\u00e1nicos de Alpine, junto a los pilotos del 2024. Colapinto a\u00fan no hab\u00eda llegado. (@bad_stroke_of_luck)<\/span><\/div>\n<div class=\"custom-text \" readability=\"40\">\n<p>Este lunes, cuando se despidi\u00f3 a trav\u00e9s de sus redes sociales, el mec\u00e1nico utiliz\u00f3 esa y tantas otras fotos para graficar sus mejores momentos en Alpine. &#8220;<strong>Despu\u00e9s de tres a\u00f1os incre\u00edbles, es hora de decir adi\u00f3s<\/strong>. Siempre atesorar\u00e9 los recuerdos que creamos juntos, desde el podio en M\u00f3naco hasta las celebraciones en Brasil y Holanda. <strong>Ha sido un viaje incre\u00edble y llevar\u00e9 estos momentos conmigo para siempre.<\/strong> \u00a1Gracias a todos por las risas y el apoyo!&#8221;, fue su mensaje.<\/p>\n<\/div>\n<div class=\"custom-text \" readability=\"39\">\n<p>Por supuesto que Colapinto no dej\u00f3 pasar la oportunidad de despedirse de su compa\u00f1ero de estructura: <strong>&#8220;Todo lo mejor, amigo&#8221;<\/strong>. Otro que corri\u00f3 el A525 y con el que form\u00f3 una buena relaci\u00f3n es Jack Doohan, quien tambi\u00e9n le dedic\u00f3 unas palabras: <strong>&#8220;Te amo, Swazey. Nos vemos pronto, hermano. Sos una gema&#8221;<\/strong>.<\/p>\n<\/div>\n<p><h2>El posteo de Francis Stokes para despedirse de Alpine<\/h2>\n<\/p>\n<div class=\"sc-e7b891c4-0 ifHnQL image-embed\"><img alt=\"El mensaje de despedida de Francis Stokes, jefe de mec\u00e1nicos de Alpine, respondido por Franco Colapinto y Jack Doohan. (IG)\" loading=\"lazy\" width=\"720\" height=\"100\" decoding=\"async\" data-nimg=\"1\" src=\"http:\/\/cordobadirecto.com\/wp-content\/uploads\/2025\/07\/recibio-con-los-brazos-abiertos-a-franco-colapinto-y-se-marchara-de-alpine-1.jpg\"><span class=\"epigraphe\">El mensaje de despedida de Francis Stokes, jefe de mec\u00e1nicos de Alpine, respondido por Franco Colapinto y Jack Doohan. (IG)<\/span><\/div>\n<p><h2>Cu\u00e1ndo vuelve a correr Franco Colapinto en la F\u00f3rmula 1<\/h2>\n<\/p>\n<div class=\"custom-text \" readability=\"37\">\n<p>Lo que sigue es el <strong>GP de Hungr\u00eda, que se disputar\u00e1 entre el 1\u00b0 y el 3 de agosto<\/strong>, y ser\u00e1 un punto y aparte para la temporada de F\u00f3rmula 1: una vez que concluya, se har\u00e1 un parate de alrededor de un mes por el verano europeo.<\/p>\n<\/div>\n<div class=\"sc-a7166897-0 eoLsBE\" readability=\"6.5\">\n<section readability=\"3\"><picture><img alt=\"Qu\u00e9 dijo Franco Colapinto de cara al GP de Hungr\u00eda en un circuito que le trae buenos recuerdos\" loading=\"lazy\" width=\"290\" height=\"290\" decoding=\"async\" data-nimg=\"1\" src=\"http:\/\/cordobadirecto.com\/wp-content\/uploads\/2025\/07\/recibio-con-los-brazos-abiertos-a-franco-colapinto-y-se-marchara-de-alpine-2.jpg\"><\/picture>\n<p><span>Mir\u00e1 tambi\u00e9n<\/span><\/p>\n<hr>\n<h3>Qu\u00e9 dijo Franco Colapinto de cara al GP de Hungr\u00eda en un circuito que le trae buenos recuerdos<\/h3>\n<\/p>\n<\/section>\n<\/div>\n<div class=\"sc-a7166897-0 eoLsBE\" readability=\"7\">\n<section readability=\"4\"><picture><img alt=\"El motivo por el que Alpine, Gasly y Colapinto llegan confiados en hacer un buen GP de Hungr\u00eda\" loading=\"lazy\" width=\"290\" height=\"290\" decoding=\"async\" data-nimg=\"1\" src=\"http:\/\/cordobadirecto.com\/wp-content\/uploads\/2025\/07\/recibio-con-los-brazos-abiertos-a-franco-colapinto-y-se-marchara-de-alpine-3.jpg\"><\/picture>\n<p><span>Mir\u00e1 tambi\u00e9n<\/span><\/p>\n<hr>\n<h3>El motivo por el que Alpine, Gasly y Colapinto llegan confiados en hacer un buen GP de Hungr\u00eda<\/h3>\n<\/p>\n<\/section>\n<\/div>\n<div class=\"sc-a7166897-0 eoLsBE\" readability=\"6\">\n<section readability=\"2\"><picture><img alt=\"\u00bfSe puede correr con lluvia? La pol\u00e9mica en la F\u00f3rmula 1 con an\u00e1lisis y opiniones\" loading=\"lazy\" width=\"290\" height=\"290\" decoding=\"async\" data-nimg=\"1\" src=\"http:\/\/cordobadirecto.com\/wp-content\/uploads\/2025\/07\/recibio-con-los-brazos-abiertos-a-franco-colapinto-y-se-marchara-de-alpine-4.jpg\"><\/picture>\n<p><span>Mir\u00e1 tambi\u00e9n<\/span><\/p>\n<hr>\n<h3>\u00bfSe puede correr con lluvia? La pol\u00e9mica en la F\u00f3rmula 1 con an\u00e1lisis y opiniones<\/h3>\n<\/p>\n<\/section>\n<\/div>\n<div class=\"sc-a7166897-0 eoLsBE\" readability=\"6\">\n<section readability=\"2\"><picture><img alt=\"El elogio de Scaloni a Franco Colapinto: &quot;Es un orgullo tenerlo en la F\u00f3rmula 1&quot;\" loading=\"lazy\" width=\"290\" height=\"290\" decoding=\"async\" data-nimg=\"1\" src=\"http:\/\/cordobadirecto.com\/wp-content\/uploads\/2025\/07\/recibio-con-los-brazos-abiertos-a-franco-colapinto-y-se-marchara-de-alpine-5.jpg\"><\/picture>\n<p><span>Mir\u00e1 tambi\u00e9n<\/span><\/p>\n<hr>\n<h3>El elogio de Scaloni a Franco Colapinto: &#8220;Es un orgullo tenerlo en la F\u00f3rmula 1&#8221;<\/h3>\n<\/p>\n<\/section>\n<\/div>\n<\/div>\n","protected":false},"excerpt":{"rendered":"<p>29\/07\/2025 17:40hs. Cuando Franco Colapinto lleg\u00f3 a Alpine, lo hizo sin la certeza de si ser\u00eda titular. Hab\u00eda una formaci\u00f3n armada, compuesta por Pierre Gasly y Jack Doohan, y \u00e9l estaba esperando por su oportunidad. Viaj\u00f3 a algunas carreras, siempre en condici\u00f3n de reserva, y volvi\u00f3 a codearse con una F\u00f3rmula 1 de la que [&hellip;]<\/p>\n","protected":false},"author":1,"featured_media":171393,"comment_status":"closed","ping_status":"closed","sticky":false,"template":"","format":"standard","meta":[],"categories":[21],"tags":[],"_links":{"self":[{"href":"http:\/\/cordobadirecto.com\/index.php\/wp-json\/wp\/v2\/posts\/171392"}],"collection":[{"href":"http:\/\/cordobadirecto.com\/index.php\/wp-json\/wp\/v2\/posts"}],"about":[{"href":"http:\/\/cordobadirecto.com\/index.php\/wp-json\/wp\/v2\/types\/post"}],"author":[{"embeddable":true,"href":"http:\/\/cordobadirecto.com\/index.php\/wp-json\/wp\/v2\/users\/1"}],"replies":[{"embeddable":true,"href":"http:\/\/cordobadirecto.com\/index.php\/wp-json\/wp\/v2\/comments?post=171392"}],"version-history":[{"count":0,"href":"http:\/\/cordobadirecto.com\/index.php\/wp-json\/wp\/v2\/posts\/171392\/revisions"}],"wp:featuredmedia":[{"embeddable":true,"href":"http:\/\/cordobadirecto.com\/index.php\/wp-json\/wp\/v2\/media\/171393"}],"wp:attachment":[{"href":"http:\/\/cordobadirecto.com\/index.php\/wp-json\/wp\/v2\/media?parent=171392"}],"wp:term":[{"taxonomy":"category","embeddable":true,"href":"http:\/\/cordobadirecto.com\/index.php\/wp-json\/wp\/v2\/categories?post=171392"},{"taxonomy":"post_tag","embeddable":true,"href":"http:\/\/cordobadirecto.com\/index.php\/wp-json\/wp\/v2\/tags?post=171392"}],"curies":[{"name":"wp","href":"https:\/\/api.w.org\/{rel}","templated":true}]}}