{"id":171398,"date":"2025-07-30T06:01:18","date_gmt":"2025-07-30T06:01:18","guid":{"rendered":"http:\/\/estaciontrip.com.ar\/?p=10604"},"modified":"2025-07-30T06:01:18","modified_gmt":"2025-07-30T06:01:18","slug":"canon-del-atuel-una-maravilla-natural-que-se-formo-cuando-emergio-la-cordillera-de-los-andes","status":"publish","type":"post","link":"http:\/\/cordobadirecto.com\/index.php\/2025\/07\/30\/canon-del-atuel-una-maravilla-natural-que-se-formo-cuando-emergio-la-cordillera-de-los-andes\/","title":{"rendered":"Ca\u00f1\u00f3n del Atuel, una maravilla natural que se form\u00f3 cuando emergi\u00f3 la cordillera de los Andes"},"content":{"rendered":"<p><strong><em>(Texto y fotos, Patricia Veltri).-<\/em><\/strong>En el sur de la provincia de Mendoza, se ubica San Rafael. All\u00ed se instalaron algunas de las mejores bodegas de la provincia, y tambi\u00e9n se mantienen las m\u00e1s antiguas. Se caracteriza por los paisajes de monta\u00f1a recortados por hileras de \u00e1lamos y cursos de agua donde se practican deportes de aventura. Pero el&nbsp;atractivo m\u00e1s destacado de San Rafael es el Ca\u00f1\u00f3n del Atuel, una maravilla geol\u00f3gica que se&nbsp;form\u00f3 cuando surgi\u00f3 la cordillera de los Andes.<\/p>\n<p>Forma parte de un circuito que ofrece una experiencia b\u00e1sicamente visual. Por eso hay que ir bien dispuestos a observar y abiertos a la imaginaci\u00f3n. No s\u00f3lo es lo que se ve, sino lo que puede disparar la mente.<\/p>\n<figure class=\"wp-block-image size-large\"><a href=\"http:\/\/cordobadirecto.com\/wp-content\/uploads\/2025\/07\/canon-del-atuel-una-maravilla-natural-que-se-formo-cuando-emergio-la-cordillera-de-los-andes-7.jpg\"><img loading=\"lazy\" decoding=\"async\" width=\"1024\" height=\"571\" src=\"http:\/\/cordobadirecto.com\/wp-content\/uploads\/2025\/07\/canon-del-atuel-una-maravilla-natural-que-se-formo-cuando-emergio-la-cordillera-de-los-andes.jpg\" alt class=\"wp-image-10605\" srcset=\"http:\/\/cordobadirecto.com\/wp-content\/uploads\/2025\/07\/canon-del-atuel-una-maravilla-natural-que-se-formo-cuando-emergio-la-cordillera-de-los-andes.jpg 1024w, http:\/\/cordobadirecto.com\/wp-content\/uploads\/2025\/07\/canon-del-atuel-una-maravilla-natural-que-se-formo-cuando-emergio-la-cordillera-de-los-andes-3.jpg 300w, http:\/\/cordobadirecto.com\/wp-content\/uploads\/2025\/07\/canon-del-atuel-una-maravilla-natural-que-se-formo-cuando-emergio-la-cordillera-de-los-andes-4.jpg 768w, http:\/\/cordobadirecto.com\/wp-content\/uploads\/2025\/07\/canon-del-atuel-una-maravilla-natural-que-se-formo-cuando-emergio-la-cordillera-de-los-andes-5.jpg 1536w, http:\/\/cordobadirecto.com\/wp-content\/uploads\/2025\/07\/canon-del-atuel-una-maravilla-natural-que-se-formo-cuando-emergio-la-cordillera-de-los-andes-6.jpg 800w, http:\/\/cordobadirecto.com\/wp-content\/uploads\/2025\/07\/canon-del-atuel-una-maravilla-natural-que-se-formo-cuando-emergio-la-cordillera-de-los-andes-7.jpg 2048w\" sizes=\"(max-width: 1024px) 100vw, 1024px\"><\/a><\/figure>\n<p>Para&nbsp;hacer este&nbsp;circuito -que es de ida y vuelta-, iniciando desde la ciudad, la primera parada y necesaria ser\u00e1 en el Club de Pescadores. Es la \u00fanica \u00e1rea de servicios hasta el fin del circuito. All\u00ed un muelle se mete varios metros sobre el lago de la represa hidroel\u00e9ctrica El Nihuil. Al fondo, se levanta impactante la silueta de 3.800 metros del cerro Nevado. En el shop del club se venden las tortas fritas m\u00e1s afamadas de la zona y que ser\u00e1n parte de un almuerzo o picnic a mitad del circuito.<\/p>\n<p>El Ca\u00f1\u00f3n del Atuel se extiende por 56 kil\u00f3metros y a 260 metros de profundidad, desde El Nihuil hasta Valle Grande, por donde corre el r\u00edo Atuel que se abri\u00f3 paso entre los paredones cuando emergi\u00f3 la Cordillera de los Andes, hace unos 30 millones de a\u00f1os.<\/p>\n<p>Es recomendable contratar una excursi\u00f3n de d\u00eda completo para abarcar los 190 km de circuito de ida y vuelta para que la experiencia sea enriquecida con la informaci\u00f3n que permite interpretar lo que se observa o por donde se transita.&nbsp;<\/p>\n<p>La ruta nacional 144 que forma parte del trayecto, atraviesa&nbsp;la parte m\u00e1s alta de la Sierra Pintada hacia la&nbsp;Depresi\u00f3n de los Huarpes&nbsp;y luego desv\u00eda hacia la ruta 180 para empalmar con la 173 donde inicia&nbsp;un camino de ripio y los paisajes m\u00e1s sorprendentes.&nbsp;<\/p>\n<figure class=\"wp-block-image size-full\"><a href=\"http:\/\/cordobadirecto.com\/wp-content\/uploads\/2025\/07\/canon-del-atuel-una-maravilla-natural-que-se-formo-cuando-emergio-la-cordillera-de-los-andes-1.jpg\"><img loading=\"lazy\" decoding=\"async\" width=\"960\" height=\"541\" src=\"http:\/\/cordobadirecto.com\/wp-content\/uploads\/2025\/07\/canon-del-atuel-una-maravilla-natural-que-se-formo-cuando-emergio-la-cordillera-de-los-andes-1.jpg\" alt class=\"wp-image-10607\" srcset=\"http:\/\/cordobadirecto.com\/wp-content\/uploads\/2025\/07\/canon-del-atuel-una-maravilla-natural-que-se-formo-cuando-emergio-la-cordillera-de-los-andes-1.jpg 960w, http:\/\/cordobadirecto.com\/wp-content\/uploads\/2025\/07\/canon-del-atuel-una-maravilla-natural-que-se-formo-cuando-emergio-la-cordillera-de-los-andes-8.jpg 300w, http:\/\/cordobadirecto.com\/wp-content\/uploads\/2025\/07\/canon-del-atuel-una-maravilla-natural-que-se-formo-cuando-emergio-la-cordillera-de-los-andes-9.jpg 768w\" sizes=\"(max-width: 960px) 100vw, 960px\"><\/a><\/figure>\n<p>Parte de la aventura es descubrir a qu\u00e9 se parecen las geoformas. Dicen que hay m\u00e1s de 70 figuras identificadas: una tortuga, osos abrazados, el perfil de Homero Simpson, monjes en procesi\u00f3n, el sill\u00f3n de Rivadavia, entre otros.<\/p>\n<p>Hay sitios para hacer paradas contemplativas desde miradores al borde del abismo que pone al visitante de cara a la majestuosidad de la naturaleza en contraposici\u00f3n con la peque\u00f1ez humana.<\/p>\n<p>Hasta este lugar llegaba el oc\u00e9ano Pac\u00edfico hace unos 40 millones de a\u00f1os.&nbsp;Seg\u00fan la composici\u00f3n de minerales la roca va cambiando de color.&nbsp;La vegetaci\u00f3n est\u00e1 dada por arbustos achaparrados que resisten el viento, como la jarilla y aguaribay.<\/p>\n<p>La apoteosis de formas y colores se presenta en lo que llaman \u201cMuseo de Cera\u201d. All\u00ed hay un mirador de parada imperdible. Se da en el momento ideal para un picnic.<\/p>\n<p>El final del circuito es realmente un broche&nbsp;de oro: despu\u00e9s de una curva, sorprende de frente el color turquesa del lago de Valle Grande donde emerge una piedra a la que se llama el Submarino y es la foto ic\u00f3nica de San Rafael.&nbsp;<\/p>\n<figure class=\"wp-block-image size-large\"><a href=\"http:\/\/cordobadirecto.com\/wp-content\/uploads\/2025\/07\/canon-del-atuel-una-maravilla-natural-que-se-formo-cuando-emergio-la-cordillera-de-los-andes-13.jpg\"><img loading=\"lazy\" decoding=\"async\" width=\"1024\" height=\"610\" src=\"http:\/\/cordobadirecto.com\/wp-content\/uploads\/2025\/07\/canon-del-atuel-una-maravilla-natural-que-se-formo-cuando-emergio-la-cordillera-de-los-andes-2.jpg\" alt class=\"wp-image-10606\" srcset=\"http:\/\/cordobadirecto.com\/wp-content\/uploads\/2025\/07\/canon-del-atuel-una-maravilla-natural-que-se-formo-cuando-emergio-la-cordillera-de-los-andes-2.jpg 1024w, http:\/\/cordobadirecto.com\/wp-content\/uploads\/2025\/07\/canon-del-atuel-una-maravilla-natural-que-se-formo-cuando-emergio-la-cordillera-de-los-andes-10.jpg 300w, http:\/\/cordobadirecto.com\/wp-content\/uploads\/2025\/07\/canon-del-atuel-una-maravilla-natural-que-se-formo-cuando-emergio-la-cordillera-de-los-andes-11.jpg 768w, http:\/\/cordobadirecto.com\/wp-content\/uploads\/2025\/07\/canon-del-atuel-una-maravilla-natural-que-se-formo-cuando-emergio-la-cordillera-de-los-andes-12.jpg 1536w, http:\/\/cordobadirecto.com\/wp-content\/uploads\/2025\/07\/canon-del-atuel-una-maravilla-natural-que-se-formo-cuando-emergio-la-cordillera-de-los-andes-13.jpg 2048w\" sizes=\"auto, (max-width: 1024px) 100vw, 1024px\"><\/a><\/figure>\n","protected":false},"excerpt":{"rendered":"<p>(Texto y fotos, Patricia Veltri).-En el sur de la provincia de Mendoza, se ubica San Rafael. All\u00ed se instalaron algunas de las mejores bodegas de la provincia, y tambi\u00e9n se mantienen las m\u00e1s antiguas. Se caracteriza por los paisajes de monta\u00f1a recortados por hileras de \u00e1lamos y cursos de agua donde se practican deportes de [&hellip;]<\/p>\n","protected":false},"author":1,"featured_media":171399,"comment_status":"closed","ping_status":"closed","sticky":false,"template":"","format":"standard","meta":[],"categories":[22],"tags":[],"_links":{"self":[{"href":"http:\/\/cordobadirecto.com\/index.php\/wp-json\/wp\/v2\/posts\/171398"}],"collection":[{"href":"http:\/\/cordobadirecto.com\/index.php\/wp-json\/wp\/v2\/posts"}],"about":[{"href":"http:\/\/cordobadirecto.com\/index.php\/wp-json\/wp\/v2\/types\/post"}],"author":[{"embeddable":true,"href":"http:\/\/cordobadirecto.com\/index.php\/wp-json\/wp\/v2\/users\/1"}],"replies":[{"embeddable":true,"href":"http:\/\/cordobadirecto.com\/index.php\/wp-json\/wp\/v2\/comments?post=171398"}],"version-history":[{"count":0,"href":"http:\/\/cordobadirecto.com\/index.php\/wp-json\/wp\/v2\/posts\/171398\/revisions"}],"wp:featuredmedia":[{"embeddable":true,"href":"http:\/\/cordobadirecto.com\/index.php\/wp-json\/wp\/v2\/media\/171399"}],"wp:attachment":[{"href":"http:\/\/cordobadirecto.com\/index.php\/wp-json\/wp\/v2\/media?parent=171398"}],"wp:term":[{"taxonomy":"category","embeddable":true,"href":"http:\/\/cordobadirecto.com\/index.php\/wp-json\/wp\/v2\/categories?post=171398"},{"taxonomy":"post_tag","embeddable":true,"href":"http:\/\/cordobadirecto.com\/index.php\/wp-json\/wp\/v2\/tags?post=171398"}],"curies":[{"name":"wp","href":"https:\/\/api.w.org\/{rel}","templated":true}]}}