{"id":171403,"date":"2025-07-30T15:05:54","date_gmt":"2025-07-30T15:05:54","guid":{"rendered":"https:\/\/cordoba.gob.ar\/?p=79665"},"modified":"2025-07-30T15:05:54","modified_gmt":"2025-07-30T15:05:54","slug":"cuatro-cursos-y-dos-ciclos-de-cine-inauguran-las-propuestas-del-mes-de-agosto-en-la-ula","status":"publish","type":"post","link":"http:\/\/cordobadirecto.com\/index.php\/2025\/07\/30\/cuatro-cursos-y-dos-ciclos-de-cine-inauguran-las-propuestas-del-mes-de-agosto-en-la-ula\/","title":{"rendered":"Cuatro cursos y dos ciclos de cine inauguran las propuestas del mes de agosto en la ULA"},"content":{"rendered":"<div><img src=\"http:\/\/cordobadirecto.com\/wp-content\/uploads\/2025\/07\/cuatro-cursos-y-dos-ciclos-de-cine-inauguran-las-propuestas-del-mes-de-agosto-en-la-ula.jpg\" class=\"ff-og-image-inserted\"><\/div>\n<p data-prosemirror-content-type=\"node\" data-prosemirror-node-name=\"paragraph\" data-prosemirror-node-block=\"true\">La Universidad Libre del Ambiente tendr\u00e1 interesantes propuestas para el mes de agosto, pensadas tanto para la formaci\u00f3n ambiental como para el entretenimiento y el aprendizaje.<\/p>\n<p data-prosemirror-content-type=\"node\" data-prosemirror-node-name=\"paragraph\" data-prosemirror-node-block=\"true\">Entre las actividades m\u00e1s llamativas sin dudas se encuentran los cursos \u201cInstalaci\u00f3n de equipos de energ\u00eda solar t\u00e9rmica\u201d, \u201cReparaci\u00f3n de calzado\u201d y \u201cJardiner\u00eda regenerativa\u201d, enmarcados en el programa de Empleos Verdes, por el que la ULA ofrece formaci\u00f3n en empleos sostenibles con impacto ambiental y social.<\/p>\n<p data-prosemirror-content-type=\"node\" data-prosemirror-node-name=\"paragraph\" data-prosemirror-node-block=\"true\">\u201cInstalaci\u00f3n de equipos de energ\u00eda solar t\u00e9rmica\u201d ser\u00e1 los martes y jueves, de 9:30 a 12:30 horas, en 13 encuentros a partir del 12 de agosto. \u201cJardiner\u00eda regenerativa: aportes para una ciudad diversa\u201d, ser\u00e1 los mi\u00e9rcoles, de 9:30 a 12:30 horas, en seis encuentros a partir del 13 de agosto. \u201cReparaci\u00f3n de calzado\u201d ser\u00e1 los martes, de 14:00 a 17:00 horas, en seis encuentros, a partir del 19 de agosto.<\/p>\n<p data-prosemirror-content-type=\"node\" data-prosemirror-node-name=\"paragraph\" data-prosemirror-node-block=\"true\">Los tres incluyen evaluaci\u00f3n final y\/o pr\u00e1cticas para obtener la certificaci\u00f3n de la Municipalidad de C\u00f3rdoba. Se dictar\u00e1n de manera presencial y de forma gratuita. Para m\u00e1s informaci\u00f3n e inscripciones, ingresar al siguiente enlace (<a href=\"https:\/\/docs.google.com\/forms\/d\/e\/1FAIpQLSf13H1HFz7rweNDwpmz2YJidZfkQfuqju9d0eazz1t2_jhl2w\/viewform\" data-prosemirror-content-type=\"mark\" data-prosemirror-mark-name=\"link\">https:\/\/docs.google.com\/forms\/d\/e\/1FAIpQLSf13H1HFz7rweNDwpmz2YJidZfkQfuqju9d0eazz1t2_jhl2w\/viewform<\/a>).<\/p>\n<p data-prosemirror-content-type=\"node\" data-prosemirror-node-name=\"paragraph\" data-prosemirror-node-block=\"true\">Adem\u00e1s, tendr\u00e1 lugar el segundo y \u00faltimo encuentro de la propuesta \u201cJardiner\u00eda y biodiversidad\u201d, bajo la tem\u00e1tica \u201cPlantas nativas\u201d, en el que se abordar\u00e1 la biodiversidad local, con \u00e9nfasis en las mariposas y plantas nativas del centro del pa\u00eds.<\/p>\n<p data-prosemirror-content-type=\"node\" data-prosemirror-node-name=\"paragraph\" data-prosemirror-node-block=\"true\">Ser\u00e1 ofrecido de forma virtual el pr\u00f3ximo mi\u00e9rcoles 6 de 17:30 a 19:30 horas. Con un costo de $17.500, estar\u00e1 destinado principalmente a personas que trabajan o se interesan en la biolog\u00eda y el paisajismo en nuestra provincia.<\/p>\n<p data-prosemirror-content-type=\"node\" data-prosemirror-node-name=\"paragraph\" data-prosemirror-node-block=\"true\">El tercer curso del mes ser\u00e1 \u201cHerbario Visual: Taller Inicial de Fotograf\u00eda de Plantas y Flores\u201d: un taller introductorio a la fotograf\u00eda enfocado principalmente en el desarrollo de habilidades para capturar im\u00e1genes detalladas y art\u00edsticas de elementos bot\u00e1nicos.<\/p>\n<p data-prosemirror-content-type=\"node\" data-prosemirror-node-name=\"paragraph\" data-prosemirror-node-block=\"true\">Ser\u00e1n dos clases presenciales, el 16 y 30 de agosto, de 15:00 a 18:00 horas. Al final del curso, los alumnos crear\u00e1n su propio herbario visual digital como registro personal. La cuota es de $42.295, con promociones para estudiantes, jubilados y tambi\u00e9n para grupos.<\/p>\n<p data-prosemirror-content-type=\"node\" data-prosemirror-node-name=\"paragraph\" data-prosemirror-node-block=\"true\">El ciclo de cine ambiental Canica Azul tendr\u00e1 dos encuentros este mes en el Cineclub Municipal: se proyectar\u00e1n las pel\u00edculas El Agr\u00f3nomo (jueves 14, 20:00 horas) y Caranday (jueves 28, 20:00 horas). En ambos casos la entrada es gratuita.<\/p>\n<p data-prosemirror-content-type=\"node\" data-prosemirror-node-name=\"paragraph\" data-prosemirror-node-block=\"true\">\u201cEl agr\u00f3nomo\u201d (Argentina, 2024, Digital, 72\u2019, ATP) cuenta la historia de un ingeniero agr\u00f3nomo que se muda junto a su familia a la zona de mayor producci\u00f3n agropecuaria del pa\u00eds. Tras la enfermedad de una amiga de su hija, se enfrenta a la encrucijada de decidir entre su trabajo o su familia.<\/p>\n<p data-prosemirror-content-type=\"node\" data-prosemirror-node-name=\"paragraph\" data-prosemirror-node-block=\"true\">\u201cCaranday\u201d (Argentina, 2025, Digital, 67\u2019, ATP) es un documental que relata c\u00f3mo los incendios arrasaron con los montes nativos y pusieron en jaque tanto el ecosistema como el sustento de artesanas y artesanos de Copacabana, el peque\u00f1o poblado de las sierras de C\u00f3rdoba.<\/p>\n<p data-prosemirror-content-type=\"node\" data-prosemirror-node-name=\"paragraph\" data-prosemirror-node-block=\"true\">Es posible acceder a todas las inscripciones (a excepci\u00f3n de los Empleos Verdes) en el siguiente link: <a href=\"https:\/\/docs.google.com\/forms\/d\/e\/1FAIpQLSeEsqym0HFRFnQ6r6D24do2fX1cczJ6ci3W0d4z-UHcn_71Iw\/viewform\" data-prosemirror-content-type=\"mark\" data-prosemirror-mark-name=\"link\">https:\/\/docs.google.com\/forms\/d\/e\/1FAIpQLSeEsqym0HFRFnQ6r6D24do2fX1cczJ6ci3W0d4z-UHcn_71Iw\/viewform<\/a>.<\/p>\n","protected":false},"excerpt":{"rendered":"<p>La Universidad Libre del Ambiente tendr\u00e1 interesantes propuestas para el mes de agosto, pensadas tanto para la formaci\u00f3n ambiental como para el entretenimiento y el aprendizaje. Entre las actividades m\u00e1s llamativas sin dudas se encuentran los cursos \u201cInstalaci\u00f3n de equipos de energ\u00eda solar t\u00e9rmica\u201d, \u201cReparaci\u00f3n de calzado\u201d y \u201cJardiner\u00eda regenerativa\u201d, enmarcados en el programa de [&hellip;]<\/p>\n","protected":false},"author":1,"featured_media":171404,"comment_status":"closed","ping_status":"closed","sticky":false,"template":"","format":"standard","meta":[],"categories":[44],"tags":[],"_links":{"self":[{"href":"http:\/\/cordobadirecto.com\/index.php\/wp-json\/wp\/v2\/posts\/171403"}],"collection":[{"href":"http:\/\/cordobadirecto.com\/index.php\/wp-json\/wp\/v2\/posts"}],"about":[{"href":"http:\/\/cordobadirecto.com\/index.php\/wp-json\/wp\/v2\/types\/post"}],"author":[{"embeddable":true,"href":"http:\/\/cordobadirecto.com\/index.php\/wp-json\/wp\/v2\/users\/1"}],"replies":[{"embeddable":true,"href":"http:\/\/cordobadirecto.com\/index.php\/wp-json\/wp\/v2\/comments?post=171403"}],"version-history":[{"count":0,"href":"http:\/\/cordobadirecto.com\/index.php\/wp-json\/wp\/v2\/posts\/171403\/revisions"}],"wp:featuredmedia":[{"embeddable":true,"href":"http:\/\/cordobadirecto.com\/index.php\/wp-json\/wp\/v2\/media\/171404"}],"wp:attachment":[{"href":"http:\/\/cordobadirecto.com\/index.php\/wp-json\/wp\/v2\/media?parent=171403"}],"wp:term":[{"taxonomy":"category","embeddable":true,"href":"http:\/\/cordobadirecto.com\/index.php\/wp-json\/wp\/v2\/categories?post=171403"},{"taxonomy":"post_tag","embeddable":true,"href":"http:\/\/cordobadirecto.com\/index.php\/wp-json\/wp\/v2\/tags?post=171403"}],"curies":[{"name":"wp","href":"https:\/\/api.w.org\/{rel}","templated":true}]}}