{"id":171446,"date":"2025-07-30T21:23:26","date_gmt":"2025-07-30T21:23:26","guid":{"rendered":"http:\/\/cordobadirecto.com\/index.php\/2025\/07\/30\/seis-de-cada-diez-creen-que-javier-milei-esta-profundizando-la-desigualdad-en-el-pais\/"},"modified":"2025-07-30T21:23:26","modified_gmt":"2025-07-30T21:23:26","slug":"seis-de-cada-diez-creen-que-javier-milei-esta-profundizando-la-desigualdad-en-el-pais","status":"publish","type":"post","link":"http:\/\/cordobadirecto.com\/index.php\/2025\/07\/30\/seis-de-cada-diez-creen-que-javier-milei-esta-profundizando-la-desigualdad-en-el-pais\/","title":{"rendered":"Seis de cada diez creen que Javier Milei est\u00e1 profundizando la desigualdad en el pa\u00eds"},"content":{"rendered":"<p>Los datos se desprenden de la segunda parte del informe de Zuban <b>C\u00f3rdoba<\/b> y Asociados denominado \u201cEs la <b>econom\u00eda<\/b>, est\u00fapido &#8230; <b>Nuevo<\/b> MAS. Alianza&nbsp;&#8230; <\/p>\n","protected":false},"excerpt":{"rendered":"<p>Los datos se desprenden de la segunda parte del informe de Zuban C\u00f3rdoba y Asociados denominado \u201cEs la econom\u00eda, est\u00fapido &#8230; Nuevo MAS. Alianza&nbsp;&#8230;<\/p>\n","protected":false},"author":1,"featured_media":0,"comment_status":"closed","ping_status":"closed","sticky":false,"template":"","format":"standard","meta":[],"categories":[40],"tags":[],"_links":{"self":[{"href":"http:\/\/cordobadirecto.com\/index.php\/wp-json\/wp\/v2\/posts\/171446"}],"collection":[{"href":"http:\/\/cordobadirecto.com\/index.php\/wp-json\/wp\/v2\/posts"}],"about":[{"href":"http:\/\/cordobadirecto.com\/index.php\/wp-json\/wp\/v2\/types\/post"}],"author":[{"embeddable":true,"href":"http:\/\/cordobadirecto.com\/index.php\/wp-json\/wp\/v2\/users\/1"}],"replies":[{"embeddable":true,"href":"http:\/\/cordobadirecto.com\/index.php\/wp-json\/wp\/v2\/comments?post=171446"}],"version-history":[{"count":0,"href":"http:\/\/cordobadirecto.com\/index.php\/wp-json\/wp\/v2\/posts\/171446\/revisions"}],"wp:attachment":[{"href":"http:\/\/cordobadirecto.com\/index.php\/wp-json\/wp\/v2\/media?parent=171446"}],"wp:term":[{"taxonomy":"category","embeddable":true,"href":"http:\/\/cordobadirecto.com\/index.php\/wp-json\/wp\/v2\/categories?post=171446"},{"taxonomy":"post_tag","embeddable":true,"href":"http:\/\/cordobadirecto.com\/index.php\/wp-json\/wp\/v2\/tags?post=171446"}],"curies":[{"name":"wp","href":"https:\/\/api.w.org\/{rel}","templated":true}]}}