{"id":171449,"date":"2025-07-30T20:54:07","date_gmt":"2025-07-30T20:54:07","guid":{"rendered":"https:\/\/www.ole.com.ar\/autos\/previa-gp-hungria-franco-colapinto-pierre-gasly-alpine-publicacion-video-f1-formula-1_0_wdWbNLxhkH.html"},"modified":"2025-07-30T20:54:07","modified_gmt":"2025-07-30T20:54:07","slug":"video-el-divertido-posteo-de-alpine-con-franco-colapinto-y-pierre-gasly-en-la-previa-del-gp-de-hungria","status":"publish","type":"post","link":"http:\/\/cordobadirecto.com\/index.php\/2025\/07\/30\/video-el-divertido-posteo-de-alpine-con-franco-colapinto-y-pierre-gasly-en-la-previa-del-gp-de-hungria\/","title":{"rendered":"Video: el divertido posteo de Alpine con Franco Colapinto y Pierre Gasly en la previa del GP de Hungr\u00eda"},"content":{"rendered":"<p><time class=\"createDate\" datetime=\"2025-07-30T17:54:07-03:00\">30\/07\/2025 17:54hs.<\/time><\/p>\n<div id=\"storyBody\">\n<div class=\"custom-text \" readability=\"38.168797953964\">\n<p>Pocos d\u00edas separan a la <a href=\"https:\/\/www.ole.com.ar\/tema\/formula-1.html\" target=\"_self\" title=\"F\u00f3rmula 1\" alt=\"F\u00f3rmula 1\" rel=\"noopener\">F\u00f3rmula 1<\/a> de vivir otro fin de semana de intensa competencia. Despu\u00e9s de la jornada en B\u00e9lgica, donde la lluvia fue protagonista, los equipos se preparan de cara al Gran Premio de Hungr\u00eda, en Budapest. En este marco, Alpine, el equipo de <strong><a href=\"https:\/\/www.ole.com.ar\/tema\/franco-colapinto.html\" target=\"_self\" title=\"Franco Colapinto,\" alt=\"Franco Colapinto,\" rel=\"noopener\">Franco Colapinto,<\/a> est\u00e1 enfocado en mejorar el rendimiento de sus autos<\/strong> y ya trabaja para eso en el circuito de Hungaroring.<\/p>\n<\/div>\n<div class=\"custom-text \" readability=\"39\">\n<p>Los pilotos todav\u00eda descansan hasta el jueves, cuando lleguen al paddock para el tradicional media day, pero <strong>la escuder\u00eda francesa ya empez\u00f3 a palpitar la acci\u00f3n con un video especial.<\/strong> En el clip, se ven fragmentos del argentino y el franc\u00e9s mezclando momentos de ocio con la preparaci\u00f3n durante el fin de semana pasado en B\u00e9lgica, como previa del Gran Premio de Hungr\u00eda.<\/p>\n<\/div>\n<p><h2><strong>El video que poste\u00f3 Alpine, con Franco Colapinto y Pierre Gasly de protagonistas<\/strong><\/h2>\n<\/p>\n<div class=\"sc-3c5a76cc-1 idjLTd\" readability=\"7.5\">\n<div class=\"sc-d00d9e74-0 hnHYbk\" type=\"embed\">\n<div class=\"sc-d00d9e74-1 iKVbz videoText\" id=\"contentTitleembedcClbimYM\" type=\"embed\"><svg fill=\"#ffffff\"><symbol id=\"play\" viewBox=\"0 0 512 512\"><path d=\"M512 256C512 397.4 397.4 512 256 512C114.6 512 0 397.4 0 256C0 114.6 114.6 0 256 0C397.4 0 512 114.6 512 256zM176 168V344C176 352.7 180.7 360.7 188.3 364.9C195.8 369.2 205.1 369 212.5 364.5L356.5 276.5C363.6 272.1 368 264.4 368 256C368 247.6 363.6 239.9 356.5 235.5L212.5 147.5C205.1 142.1 195.8 142.8 188.3 147.1C180.7 151.3 176 159.3 176 168V168z\" \/><\/symbol><use xlink:href=\"#play\" \/><\/svg><\/p>\n<div class=\"right\">\n<p>Alpine<!-- --> &#8211; <span>&nbsp;<\/span><\/p>\n<h2 class=\"title-vid\">El divertido posteo de Alpine en la previa del GP de Hungr\u00eda<\/h2>\n<\/div>\n<\/div>\n<p><span class=\"back\" id=\"spanBackembedcClbimYM\"><\/span><\/div>\n<div class=\"JWvideoNota_title\" readability=\"10\">\n<p>La escuder\u00eda francesa public\u00f3 en su Instagram un video donde se ve a Franco Colapinto y Pierre Gasly descontracturados. <\/p>\n<p>Cr\u00e9ditos: @alpinef1team en IG.<\/p>\n<\/div>\n<\/div>\n<p><h2>Las expectativas de Alpine y Colapinto para el GP de Hungr\u00eda<\/h2>\n<\/p>\n<div class=\"custom-text \" readability=\"31.11811023622\">\n<p>Despu\u00e9s de un fin de semana en el que <strong><a href=\"https:\/\/www.ole.com.ar\/autos\/pierrre-gasly-gasly-brillo-spa-francorchamps-volvio-sumar-dijo-companero-franco-colapinto-gp-gran-premio-belgica-formula-1_0_mQOZHFTGSw.html\" target=\"_self\" title=\"sum\u00f3 un luchado punto gracias a Pierre Gasly,\" alt=\"sum\u00f3 un luchado punto gracias a Pierre Gasly,\" rel=\"noopener\">sum\u00f3 un luchado punto gracias a Pierre Gasly,<\/a><\/strong> que termin\u00f3 10\u00b0, <strong>Alpine llega a Hungr\u00eda con la esperanza de volver a sumar. <\/strong>Para eso, ya trabaja en el paddock de Budapest, donde permanecer\u00e1 el resto de la semana.<\/p>\n<\/div>\n<div class=\"custom-text \" readability=\"38\">\n<p><strong>Colapinto<\/strong> ya se pronunci\u00f3 sobre lo que espera del finde: \u201cMantendremos la concentraci\u00f3n y <strong>trabajaremos duro para que todo salga bien.<\/strong> Celebr\u00e9 algunos podios en el Hungaroring durante mi etapa en categor\u00edas junior, y es un circuito y una ciudad que disfruto mucho, as\u00ed que tengo muchas ganas de salir a la pista. <strong>Es la \u00faltima carrera antes del receso de verano, y esperamos obtener resultados positivos\u201d.<\/strong><\/p>\n<\/div>\n<div class=\"sc-e7b891c4-0 ifHnQL image-embed\"><img alt=\"Franco Colapinto durante el GP de B\u00e9lgica. (@AlpineF1Team)\" loading=\"lazy\" width=\"720\" height=\"100\" decoding=\"async\" data-nimg=\"1\" src=\"http:\/\/cordobadirecto.com\/wp-content\/uploads\/2025\/07\/video-el-divertido-posteo-de-alpine-con-franco-colapinto-y-pierre-gasly-en-la-previa-del-gp-de-hungria.jpg\"><span class=\"epigraphe\">Franco Colapinto durante el GP de B\u00e9lgica. (@AlpineF1Team)<\/span><\/div>\n<p><h2> Cu\u00e1ndo corren Franco Colapinto y Pierre Gasly por el GP de Hungr\u00eda<\/h2>\n<\/p>\n<div class=\"custom-text \" readability=\"42\">\n<p>La actividad en Budapest arranca el viernes, con dos pr\u00e1cticas libres: la primera ser\u00e1 a las 8.20 y la segunda, a las 12. El s\u00e1bado habr\u00e1 una \u00faltima prueba, a las 7.30, antes de correr por los puntos en la clasificaci\u00f3n, que ser\u00e1 a las 11. Por \u00faltimo, el domingo a las 10, los pilotos largar\u00e1n en la carrera. Toda la acci\u00f3n se podr\u00e1 ver por la se\u00f1al televisiva de Fox Sports y online a trav\u00e9s de Disney+ Premium.<\/p>\n<\/div>\n<div class=\"sc-e7b891c4-0 ifHnQL image-embed\"><img alt=\"Gasly buscar\u00e1 seguir con su racha de puntos en Hungr\u00eda. (REUTER)\" loading=\"lazy\" width=\"720\" height=\"100\" decoding=\"async\" data-nimg=\"1\" src=\"http:\/\/cordobadirecto.com\/wp-content\/uploads\/2025\/07\/video-el-divertido-posteo-de-alpine-con-franco-colapinto-y-pierre-gasly-en-la-previa-del-gp-de-hungria-1.jpg\"><span class=\"epigraphe\">Gasly buscar\u00e1 seguir con su racha de puntos en Hungr\u00eda. (REUTER)<\/span><\/div>\n<div class=\"sc-a7166897-0 eoLsBE\" readability=\"6\">\n<section readability=\"2\"><picture><img alt=\"In\u00e9dito: el Manchester United contrat\u00f3 a un ocho veces campe\u00f3n de F\u00f3rmula 1\" loading=\"lazy\" width=\"290\" height=\"290\" decoding=\"async\" data-nimg=\"1\" src=\"http:\/\/cordobadirecto.com\/wp-content\/uploads\/2025\/07\/video-el-divertido-posteo-de-alpine-con-franco-colapinto-y-pierre-gasly-en-la-previa-del-gp-de-hungria-2.jpg\"><\/picture>\n<p><span>Mir\u00e1 tambi\u00e9n<\/span><\/p>\n<hr>\n<h3>In\u00e9dito: el Manchester United contrat\u00f3 a un ocho veces campe\u00f3n de F\u00f3rmula 1<\/h3>\n<\/p>\n<\/section>\n<\/div>\n<div class=\"sc-a7166897-0 eoLsBE\" readability=\"6\">\n<section readability=\"2\"><picture><img alt=\"El mensaje de Franco Colapinto para Boca tras la derrota ante Hurac\u00e1n\" loading=\"lazy\" width=\"290\" height=\"290\" decoding=\"async\" data-nimg=\"1\" src=\"http:\/\/cordobadirecto.com\/wp-content\/uploads\/2025\/07\/video-el-divertido-posteo-de-alpine-con-franco-colapinto-y-pierre-gasly-en-la-previa-del-gp-de-hungria-3.jpg\"><\/picture>\n<p><span>Mir\u00e1 tambi\u00e9n<\/span><\/p>\n<hr>\n<h3>El mensaje de Franco Colapinto para Boca tras la derrota ante Hurac\u00e1n<\/h3>\n<\/p>\n<\/section>\n<\/div>\n<div class=\"sc-a7166897-0 eoLsBE\" readability=\"6\">\n<section readability=\"2\"><picture><img alt=\"El compa\u00f1ero de Colapinto que volver\u00e1 a probarse en otro equipo de la F\u00f3rmula 1\" loading=\"lazy\" width=\"290\" height=\"290\" decoding=\"async\" data-nimg=\"1\" src=\"http:\/\/cordobadirecto.com\/wp-content\/uploads\/2025\/07\/video-el-divertido-posteo-de-alpine-con-franco-colapinto-y-pierre-gasly-en-la-previa-del-gp-de-hungria-4.jpg\"><\/picture>\n<p><span>Mir\u00e1 tambi\u00e9n<\/span><\/p>\n<hr>\n<h3>El compa\u00f1ero de Colapinto que volver\u00e1 a probarse en otro equipo de la F\u00f3rmula 1<\/h3>\n<\/p>\n<\/section>\n<\/div>\n<\/div>\n","protected":false},"excerpt":{"rendered":"<p>30\/07\/2025 17:54hs. Pocos d\u00edas separan a la F\u00f3rmula 1 de vivir otro fin de semana de intensa competencia. Despu\u00e9s de la jornada en B\u00e9lgica, donde la lluvia fue protagonista, los equipos se preparan de cara al Gran Premio de Hungr\u00eda, en Budapest. En este marco, Alpine, el equipo de Franco Colapinto, est\u00e1 enfocado en mejorar [&hellip;]<\/p>\n","protected":false},"author":1,"featured_media":171450,"comment_status":"closed","ping_status":"closed","sticky":false,"template":"","format":"standard","meta":[],"categories":[21],"tags":[],"_links":{"self":[{"href":"http:\/\/cordobadirecto.com\/index.php\/wp-json\/wp\/v2\/posts\/171449"}],"collection":[{"href":"http:\/\/cordobadirecto.com\/index.php\/wp-json\/wp\/v2\/posts"}],"about":[{"href":"http:\/\/cordobadirecto.com\/index.php\/wp-json\/wp\/v2\/types\/post"}],"author":[{"embeddable":true,"href":"http:\/\/cordobadirecto.com\/index.php\/wp-json\/wp\/v2\/users\/1"}],"replies":[{"embeddable":true,"href":"http:\/\/cordobadirecto.com\/index.php\/wp-json\/wp\/v2\/comments?post=171449"}],"version-history":[{"count":0,"href":"http:\/\/cordobadirecto.com\/index.php\/wp-json\/wp\/v2\/posts\/171449\/revisions"}],"wp:featuredmedia":[{"embeddable":true,"href":"http:\/\/cordobadirecto.com\/index.php\/wp-json\/wp\/v2\/media\/171450"}],"wp:attachment":[{"href":"http:\/\/cordobadirecto.com\/index.php\/wp-json\/wp\/v2\/media?parent=171449"}],"wp:term":[{"taxonomy":"category","embeddable":true,"href":"http:\/\/cordobadirecto.com\/index.php\/wp-json\/wp\/v2\/categories?post=171449"},{"taxonomy":"post_tag","embeddable":true,"href":"http:\/\/cordobadirecto.com\/index.php\/wp-json\/wp\/v2\/tags?post=171449"}],"curies":[{"name":"wp","href":"https:\/\/api.w.org\/{rel}","templated":true}]}}