{"id":171451,"date":"2025-07-31T02:50:32","date_gmt":"2025-07-31T02:50:32","guid":{"rendered":"https:\/\/www.ole.com.ar\/futbol-ascenso\/ascenso-primera-nacional-nueva-chicago-jugador-prestamo-extranjero_0_BA1TDoGNi4.html"},"modified":"2025-07-31T02:50:32","modified_gmt":"2025-07-31T02:50:32","slug":"salio-de-un-club-del-ascenso-fue-convocado-a-la-seleccion-y-jugara-en-el-futbol-brasileno","status":"publish","type":"post","link":"http:\/\/cordobadirecto.com\/index.php\/2025\/07\/31\/salio-de-un-club-del-ascenso-fue-convocado-a-la-seleccion-y-jugara-en-el-futbol-brasileno\/","title":{"rendered":"Sali\u00f3 de un club del Ascenso, fue convocado a la Selecci\u00f3n y jugar\u00e1 en el f\u00fatbol brasile\u00f1o"},"content":{"rendered":"<p><time class=\"createDate\" datetime=\"2025-07-30T21:55:54-03:00\">30\/07\/2025 21:55hs.<\/time><\/p>\n<div id=\"storyBody\">\n<div class=\"custom-text \" readability=\"35.310769230769\">\n<p>La <a href=\"https:\/\/www.ole.com.ar\/tema\/primera-nacional.html\" title=\"Primera Nacional\" alt=\"Primera Nacional\" class=\"slug\">Primera Nacional<\/a> es cuna de cracks. Por eso, no es raro ver a muchos equipos buscar jugadores j\u00f3venes que puedan renovar sus planteles. <strong>Este mercado de pases no fue la excepci\u00f3n<\/strong>, ya que vinieron a llevarse a muchos futbolistas del <a href=\"https:\/\/www.ole.com.ar\/tema\/ascenso.html\" title=\"Ascenso\" alt=\"Ascenso\" class=\"slug\">Ascenso<\/a>. Pero entre tantos nombres, <strong>resuena el de una de las m\u00e1ximas joyas del Nacional.<\/strong><\/p>\n<\/div>\n<div class=\"custom-text \" readability=\"34.38062283737\">\n<p>Se trata de <strong>Alejandro Almaraz, jugador de <a href=\"https:\/\/www.ole.com.ar\/tema\/nueva-chicago.html\" title=\"Nueva Chicago\" alt=\"Nueva Chicago\" class=\"slug\">Nueva Chicago<\/a> y parte de la Selecci\u00f3n del Ascenso Sub20<\/strong>, que <strong>pasar\u00e1 al Vit\u00f3ria <\/strong>del Brasileirao. Hubo acuerdo entre el Torito y el <em>Le\u00e3o da Barra <\/em>para que el joven de 18 a\u00f1os sea cedido a pr\u00e9stamo por un a\u00f1o sin cargo y con opci\u00f3n de compra. <\/p>\n<\/div>\n<div class=\"custom-text \" readability=\"35\">\n<p>Con la intenci\u00f3n de reforzarse y pelear la permancia en la Primera Divisi\u00f3n, el club brasile\u00f1o suma a <strong>una de los jugadores con m\u00e1s grandes proyecci\u00f3n<\/strong> del f\u00fatbol argentino<strong>. \u00bfComo le ir\u00e1 en esta nueva etapa de su carrera?<\/strong><\/p>\n<\/div>\n<div class=\"sc-e7b891c4-0 ifHnQL image-embed\"><img alt=\"Alejandro Almaraz fue cedido a pr\u00e9stamo al Vit\u00f3ria de Brasil.\" loading=\"lazy\" width=\"720\" height=\"100\" decoding=\"async\" data-nimg=\"1\" src=\"http:\/\/cordobadirecto.com\/wp-content\/uploads\/2025\/07\/salio-de-un-club-del-ascenso-fue-convocado-a-la-seleccion-y-jugara-en-el-futbol-brasileno.jpg\"><span class=\"epigraphe\">Alejandro Almaraz fue cedido a pr\u00e9stamo al Vit\u00f3ria de Brasil.<\/span><\/div>\n<p><h2><strong>Su convocatoria a la Selecci\u00f3n<\/strong><\/h2>\n<\/p>\n<div class=\"custom-text \" readability=\"34.527027027027\">\n<p>El 11 de julio de 2025 <strong>fue citado por primera vez a la Selecci\u00f3n Argentina del Ascenso Sub 20<\/strong>, para iniciar con los entrenamientos en el predio \u201cLionel Messi\u201d de la <a href=\"https:\/\/www.ole.com.ar\/tema\/afa.html\" title=\"afa\" alt=\"afa\" class=\"slug\">AFA<\/a>. <strong>Un paso enorme en su corta carrera profesional.<\/strong><\/p>\n<\/div>\n<div class=\"sc-e7b891c4-0 ifHnQL image-embed\"><img alt=\"Almaraz entrenando en el Predio de AFA.\" loading=\"lazy\" width=\"720\" height=\"100\" decoding=\"async\" data-nimg=\"1\" src=\"http:\/\/cordobadirecto.com\/wp-content\/uploads\/2025\/07\/salio-de-un-club-del-ascenso-fue-convocado-a-la-seleccion-y-jugara-en-el-futbol-brasileno-1.jpg\"><span class=\"epigraphe\">Almaraz entrenando en el Predio de AFA.<\/span><\/div>\n<p><h2><strong>La carrera de Almaraz<\/strong><\/h2>\n<\/p>\n<div class=\"custom-text \" readability=\"34.058823529412\">\n<p>Sali\u00f3 de las inferiores del Torito de Mataderos, donde <strong>r\u00e1pidamente llam\u00f3 la atenci\u00f3n de varios equipos del f\u00fatbol argentino<\/strong>. Fue cedido a <a href=\"https:\/\/www.ole.com.ar\/tema\/san-lorenzo.html\" title=\"San Lorenzo\" alt=\"San Lorenzo\" class=\"slug\">San Lorenzo<\/a>, aunque no logr\u00f3 la continuidad que se esperaba.<\/p>\n<\/div>\n<div class=\"sc-e7b891c4-0 ifHnQL image-embed\"><img alt=\"Alejandro Almaraz en la reserva de Nueva Chicago.\" loading=\"lazy\" width=\"720\" height=\"100\" decoding=\"async\" data-nimg=\"1\" src=\"http:\/\/cordobadirecto.com\/wp-content\/uploads\/2025\/07\/salio-de-un-club-del-ascenso-fue-convocado-a-la-seleccion-y-jugara-en-el-futbol-brasileno-2.jpg\"><span class=\"epigraphe\">Alejandro Almaraz en la reserva de Nueva Chicago.<\/span><\/div>\n<div class=\"custom-text \" readability=\"36\">\n<p>Terminada la sesi\u00f3n en el Cicl\u00f3n y de regreso a Mataderos en el 2025, <strong>sum\u00f3 14 presencias con el primer equipo del Torito<\/strong> en el actual campeonato de la Primera Nacional. Ahora, el futuro de Almaraz estar\u00e1 en tierras brasile\u00f1as. <strong>\u00bfC\u00f3mo le ir\u00e1? <\/strong><\/p>\n<\/div>\n<div class=\"sc-a7166897-0 eoLsBE\" readability=\"7\">\n<section readability=\"4\"><picture><img alt=\"Adem\u00e1s de De Paul y Correa, el otro campe\u00f3n del mundo que se va del Atl\u00e9tico de Madrid\" loading=\"lazy\" width=\"290\" height=\"290\" decoding=\"async\" data-nimg=\"1\" src=\"http:\/\/cordobadirecto.com\/wp-content\/uploads\/2025\/07\/salio-de-un-club-del-ascenso-fue-convocado-a-la-seleccion-y-jugara-en-el-futbol-brasileno-3.jpg\"><\/picture>\n<p><span>Mir\u00e1 tambi\u00e9n<\/span><\/p>\n<hr>\n<h3>Adem\u00e1s de De Paul y Correa, el otro campe\u00f3n del mundo que se va del Atl\u00e9tico de Madrid<\/h3>\n<\/p>\n<\/section>\n<\/div>\n<div class=\"sc-a7166897-0 eoLsBE\" readability=\"6\">\n<section readability=\"2\"><picture><img alt=\"La sanci\u00f3n de Aprevide a Mor\u00f3n por los incidentes contra Chacarita\" loading=\"lazy\" width=\"290\" height=\"290\" decoding=\"async\" data-nimg=\"1\" src=\"http:\/\/cordobadirecto.com\/wp-content\/uploads\/2025\/07\/salio-de-un-club-del-ascenso-fue-convocado-a-la-seleccion-y-jugara-en-el-futbol-brasileno-4.jpg\"><\/picture>\n<p><span>Mir\u00e1 tambi\u00e9n<\/span><\/p>\n<hr>\n<h3>La sanci\u00f3n de Aprevide a Mor\u00f3n por los incidentes contra Chacarita<\/h3>\n<\/p>\n<\/section>\n<\/div>\n<\/div>\n","protected":false},"excerpt":{"rendered":"<p>30\/07\/2025 21:55hs. La Primera Nacional es cuna de cracks. Por eso, no es raro ver a muchos equipos buscar jugadores j\u00f3venes que puedan renovar sus planteles. Este mercado de pases no fue la excepci\u00f3n, ya que vinieron a llevarse a muchos futbolistas del Ascenso. Pero entre tantos nombres, resuena el de una de las m\u00e1ximas [&hellip;]<\/p>\n","protected":false},"author":1,"featured_media":171452,"comment_status":"closed","ping_status":"closed","sticky":false,"template":"","format":"standard","meta":[],"categories":[21],"tags":[],"_links":{"self":[{"href":"http:\/\/cordobadirecto.com\/index.php\/wp-json\/wp\/v2\/posts\/171451"}],"collection":[{"href":"http:\/\/cordobadirecto.com\/index.php\/wp-json\/wp\/v2\/posts"}],"about":[{"href":"http:\/\/cordobadirecto.com\/index.php\/wp-json\/wp\/v2\/types\/post"}],"author":[{"embeddable":true,"href":"http:\/\/cordobadirecto.com\/index.php\/wp-json\/wp\/v2\/users\/1"}],"replies":[{"embeddable":true,"href":"http:\/\/cordobadirecto.com\/index.php\/wp-json\/wp\/v2\/comments?post=171451"}],"version-history":[{"count":0,"href":"http:\/\/cordobadirecto.com\/index.php\/wp-json\/wp\/v2\/posts\/171451\/revisions"}],"wp:featuredmedia":[{"embeddable":true,"href":"http:\/\/cordobadirecto.com\/index.php\/wp-json\/wp\/v2\/media\/171452"}],"wp:attachment":[{"href":"http:\/\/cordobadirecto.com\/index.php\/wp-json\/wp\/v2\/media?parent=171451"}],"wp:term":[{"taxonomy":"category","embeddable":true,"href":"http:\/\/cordobadirecto.com\/index.php\/wp-json\/wp\/v2\/categories?post=171451"},{"taxonomy":"post_tag","embeddable":true,"href":"http:\/\/cordobadirecto.com\/index.php\/wp-json\/wp\/v2\/tags?post=171451"}],"curies":[{"name":"wp","href":"https:\/\/api.w.org\/{rel}","templated":true}]}}