{"id":171461,"date":"2025-07-31T06:13:02","date_gmt":"2025-07-31T06:13:02","guid":{"rendered":"http:\/\/cordobadirecto.com\/index.php\/2025\/07\/31\/quien-lidera-el-ranking-de-senadores-nacionales-en-julio-grupo-la-provincia\/"},"modified":"2025-07-31T06:13:02","modified_gmt":"2025-07-31T06:13:02","slug":"quien-lidera-el-ranking-de-senadores-nacionales-en-julio-grupo-la-provincia","status":"publish","type":"post","link":"http:\/\/cordobadirecto.com\/index.php\/2025\/07\/31\/quien-lidera-el-ranking-de-senadores-nacionales-en-julio-grupo-la-provincia\/","title":{"rendered":"\u00bfQui\u00e9n lidera el Ranking de senadores nacionales en Julio? &#8211; Grupo La Provincia"},"content":{"rendered":"<p>Aunque algunos llegan a fin de mes, el miedo al d\u00f3lar no afloja: <b>nueva<\/b> encuesta revela qu\u00e9 piensan los argentinos sobre su <b>econom\u00eda<\/b> personal. <\/p>\n","protected":false},"excerpt":{"rendered":"<p>Aunque algunos llegan a fin de mes, el miedo al d\u00f3lar no afloja: nueva encuesta revela qu\u00e9 piensan los argentinos sobre su econom\u00eda personal.<\/p>\n","protected":false},"author":1,"featured_media":0,"comment_status":"closed","ping_status":"closed","sticky":false,"template":"","format":"standard","meta":[],"categories":[40],"tags":[],"_links":{"self":[{"href":"http:\/\/cordobadirecto.com\/index.php\/wp-json\/wp\/v2\/posts\/171461"}],"collection":[{"href":"http:\/\/cordobadirecto.com\/index.php\/wp-json\/wp\/v2\/posts"}],"about":[{"href":"http:\/\/cordobadirecto.com\/index.php\/wp-json\/wp\/v2\/types\/post"}],"author":[{"embeddable":true,"href":"http:\/\/cordobadirecto.com\/index.php\/wp-json\/wp\/v2\/users\/1"}],"replies":[{"embeddable":true,"href":"http:\/\/cordobadirecto.com\/index.php\/wp-json\/wp\/v2\/comments?post=171461"}],"version-history":[{"count":0,"href":"http:\/\/cordobadirecto.com\/index.php\/wp-json\/wp\/v2\/posts\/171461\/revisions"}],"wp:attachment":[{"href":"http:\/\/cordobadirecto.com\/index.php\/wp-json\/wp\/v2\/media?parent=171461"}],"wp:term":[{"taxonomy":"category","embeddable":true,"href":"http:\/\/cordobadirecto.com\/index.php\/wp-json\/wp\/v2\/categories?post=171461"},{"taxonomy":"post_tag","embeddable":true,"href":"http:\/\/cordobadirecto.com\/index.php\/wp-json\/wp\/v2\/tags?post=171461"}],"curies":[{"name":"wp","href":"https:\/\/api.w.org\/{rel}","templated":true}]}}