{"id":171464,"date":"2025-07-31T14:07:57","date_gmt":"2025-07-31T14:07:57","guid":{"rendered":"https:\/\/cordoba.gob.ar\/?p=79780"},"modified":"2025-07-31T14:07:57","modified_gmt":"2025-07-31T14:07:57","slug":"la-municipalidad-brindara-un-taller-para-evitar-estafas-virtuales","status":"publish","type":"post","link":"http:\/\/cordobadirecto.com\/index.php\/2025\/07\/31\/la-municipalidad-brindara-un-taller-para-evitar-estafas-virtuales\/","title":{"rendered":"La Municipalidad brindar\u00e1 un taller para evitar estafas virtuales"},"content":{"rendered":"<div><img src=\"http:\/\/cordobadirecto.com\/wp-content\/uploads\/2025\/07\/la-municipalidad-brindara-un-taller-para-evitar-estafas-virtuales.jpg\" class=\"ff-og-image-inserted\"><\/div>\n<ul>\n<li data-prosemirror-content-type=\"node\" data-prosemirror-node-name=\"paragraph\" data-prosemirror-node-block=\"true\"><strong>Ser\u00e1 este viernes a las 11:30 horas en el CPC Jard\u00edn.<\/strong><\/li>\n<li data-prosemirror-content-type=\"node\" data-prosemirror-node-name=\"paragraph\" data-prosemirror-node-block=\"true\"><strong><strong>Adem\u00e1s, se brindar\u00e1 asesor\u00eda sobre derechos al consumidor.<\/strong><\/strong><br \/>\n<hr>\n<\/li>\n<\/ul>\n<p data-prosemirror-content-type=\"node\" data-prosemirror-node-name=\"paragraph\" data-prosemirror-node-block=\"true\">En respuesta al aumento del ciberdelito, la Municipalidad de C\u00f3rdoba dictar\u00e1 un taller orientado a prevenir fraudes electr\u00f3nicos.<\/p>\n<p data-prosemirror-content-type=\"node\" data-prosemirror-node-name=\"paragraph\" data-prosemirror-node-block=\"true\">La actividad busca ser una instancia amena y sencilla para aprender a operar en forma segura en plataformas digitales. Se brindar\u00e1n las herramientas necesarias para no ser v\u00edctimas de estos delitos.<\/p>\n<p data-prosemirror-content-type=\"node\" data-prosemirror-node-name=\"paragraph\" data-prosemirror-node-block=\"true\">El taller se dictar\u00e1 este viernes 1 de agosto a las 11:30 horas en el CPC Jard\u00edn, ubicado en Celso Barrios 1825 de barrio Jard\u00edn.<\/p>\n<p data-prosemirror-content-type=\"node\" data-prosemirror-node-name=\"paragraph\" data-prosemirror-node-block=\"true\">El encuentro est\u00e1 a cargo de profesionales que integran la Direcci\u00f3n General de Defensa del Consumidor y Mediaci\u00f3n Comunitaria dependiente de la Secretar\u00eda de Gobierno.<\/p>\n<p data-prosemirror-content-type=\"node\" data-prosemirror-node-name=\"paragraph\" data-prosemirror-node-block=\"true\">Adem\u00e1s, en dicha jornada, se estar\u00e1 brindando asesor\u00eda sobre los derechos que tienen los consumidores, como as\u00ed tambi\u00e9n las formas de presentar reclamos en casos de ser necesarios.<\/p>\n","protected":false},"excerpt":{"rendered":"<p>Ser\u00e1 este viernes a las 11:30 horas en el CPC Jard\u00edn. Adem\u00e1s, se brindar\u00e1 asesor\u00eda sobre derechos al consumidor. En respuesta al aumento del ciberdelito, la Municipalidad de C\u00f3rdoba dictar\u00e1 un taller orientado a prevenir fraudes electr\u00f3nicos. La actividad busca ser una instancia amena y sencilla para aprender a operar en forma segura en plataformas [&hellip;]<\/p>\n","protected":false},"author":1,"featured_media":171465,"comment_status":"closed","ping_status":"closed","sticky":false,"template":"","format":"standard","meta":[],"categories":[44],"tags":[],"_links":{"self":[{"href":"http:\/\/cordobadirecto.com\/index.php\/wp-json\/wp\/v2\/posts\/171464"}],"collection":[{"href":"http:\/\/cordobadirecto.com\/index.php\/wp-json\/wp\/v2\/posts"}],"about":[{"href":"http:\/\/cordobadirecto.com\/index.php\/wp-json\/wp\/v2\/types\/post"}],"author":[{"embeddable":true,"href":"http:\/\/cordobadirecto.com\/index.php\/wp-json\/wp\/v2\/users\/1"}],"replies":[{"embeddable":true,"href":"http:\/\/cordobadirecto.com\/index.php\/wp-json\/wp\/v2\/comments?post=171464"}],"version-history":[{"count":0,"href":"http:\/\/cordobadirecto.com\/index.php\/wp-json\/wp\/v2\/posts\/171464\/revisions"}],"wp:featuredmedia":[{"embeddable":true,"href":"http:\/\/cordobadirecto.com\/index.php\/wp-json\/wp\/v2\/media\/171465"}],"wp:attachment":[{"href":"http:\/\/cordobadirecto.com\/index.php\/wp-json\/wp\/v2\/media?parent=171464"}],"wp:term":[{"taxonomy":"category","embeddable":true,"href":"http:\/\/cordobadirecto.com\/index.php\/wp-json\/wp\/v2\/categories?post=171464"},{"taxonomy":"post_tag","embeddable":true,"href":"http:\/\/cordobadirecto.com\/index.php\/wp-json\/wp\/v2\/tags?post=171464"}],"curies":[{"name":"wp","href":"https:\/\/api.w.org\/{rel}","templated":true}]}}