{"id":171512,"date":"2025-07-31T23:29:06","date_gmt":"2025-07-31T23:29:06","guid":{"rendered":"https:\/\/www.ole.com.ar\/autos\/franco-colapinto-pierre-gasly-alpine-previa-gp-hungria-formula-1-f1-media-day_0_fYxm08CfVO.html"},"modified":"2025-07-31T23:29:06","modified_gmt":"2025-07-31T23:29:06","slug":"video-asi-vivieron-franco-colapinto-y-pierre-gasly-el-dia-previo-al-arranque-del-gp-de-hungria-de-formula-1","status":"publish","type":"post","link":"http:\/\/cordobadirecto.com\/index.php\/2025\/07\/31\/video-asi-vivieron-franco-colapinto-y-pierre-gasly-el-dia-previo-al-arranque-del-gp-de-hungria-de-formula-1\/","title":{"rendered":"Video: As\u00ed vivieron Franco Colapinto y Pierre Gasly el d\u00eda previo al arranque del GP de Hungr\u00eda de F\u00f3rmula 1"},"content":{"rendered":"<p><time class=\"createDate\" datetime=\"2025-07-31T20:29:06-03:00\">31\/07\/2025 20:29hs.<\/time><\/p>\n<div id=\"storyBody\">\n<div class=\"custom-text \" readability=\"34.249350649351\">\n<p>Pocas horas separan a los 10 equipos de la <strong><a href=\"https:\/\/www.ole.com.ar\/tema\/formula-1.html\" title=\"F\u00f3rmula 1\" alt=\"F\u00f3rmula 1\" class=\"slug\">F\u00f3rmula 1<\/a><\/strong> de su primer contacto con el asfalto en Budapest, por el <strong>Gran Premio de Hungr\u00eda.<\/strong> Este jueves, los pilotos llegaron al Hungaroring para realizar el tradicional media day antes de las FP1 del d\u00eda siguiente, <strong>y los de Alpine no fueron la excepci\u00f3n:<\/strong> <strong><a href=\"https:\/\/www.ole.com.ar\/tema\/franco-colapinto.html\" title=\"Franco Colapinto\" alt=\"Franco Colapinto\" class=\"slug\">Franco Colapinto<\/a><\/strong> y <strong><a href=\"https:\/\/www.ole.com.ar\/tema\/pierre-gasly.html\" title=\"Pierre Gasly\" alt=\"Pierre Gasly\" class=\"slug\">Pierre Gasly<\/a><\/strong> se mostraron activos en las redes de la escuder\u00eda.<\/p>\n<\/div>\n<div class=\"custom-text \" readability=\"38\">\n<p>En varias publicaciones a lo largo del d\u00eda,<strong> la escuder\u00eda francesa mostr\u00f3 toda la actividad de su dupla de pilotos<\/strong> antes de enfocarse de lleno en el finde de competencia. Hubo de todo: desaf\u00edos, otros deportes, referentes locales, interacci\u00f3n con el p\u00fablico y m\u00e1s\u2026<\/p>\n<\/div>\n<div class=\"sc-e7b891c4-0 ifHnQL image-embed\"><img alt=\"Colapinto en la previa del GP de Hungr\u00eda. (@alpinef1team)\" loading=\"lazy\" width=\"720\" height=\"100\" decoding=\"async\" data-nimg=\"1\" src=\"http:\/\/cordobadirecto.com\/wp-content\/uploads\/2025\/08\/video-asi-vivieron-franco-colapinto-y-pierre-gasly-el-dia-previo-al-arranque-del-gp-de-hungria-de-formula-1.jpg\"><span class=\"epigraphe\">Colapinto en la previa del GP de Hungr\u00eda. (@alpinef1team)<\/span><\/div>\n<p><h2>Las publicaciones de Alpine, con Colapinto y Gasly de protagonistas<\/h2>\n<\/p>\n<p><h3>Colapinto en modo reto: poniendo a prueba sus reacciones f\u00edsicas y mentales<\/h3>\n<\/p>\n<div class=\"custom-text \" readability=\"39.318181818182\">\n<p>El media day arranc\u00f3 con todo para el piloto argentino, que no solo se distrajo, sino que <strong>adem\u00e1s, de yapa, se puso a prueba<\/strong> de cara al compromiso del finde en Hungr\u00eda. <strong><a href=\"https:\/\/www.ole.com.ar\/tema\/alpine.html\" title=\"Alpine\" alt=\"Alpine\" class=\"slug\">Alpine<\/a><\/strong> <strong>lo someti\u00f3 a un desaf\u00edo<\/strong> en el que le arrojaron pelotas de tenis que \u00e9l deb\u00eda atrapar constantemente, mientras lo hac\u00edan pensar con preguntas r\u00e1pidas de cultura general.<\/p>\n<\/div>\n<div class=\"sc-3c5a76cc-1 idjLTd\">\n<div class=\"sc-d00d9e74-0 hnHYbk vertical\" type=\"embed\">\n<div class=\"sc-d00d9e74-1 iKVbz videoText\" id=\"contentTitleembedOXI9wRq8\" type=\"embed\"><svg fill=\"#ffffff\"><symbol id=\"play\" viewBox=\"0 0 512 512\"><path d=\"M512 256C512 397.4 397.4 512 256 512C114.6 512 0 397.4 0 256C0 114.6 114.6 0 256 0C397.4 0 512 114.6 512 256zM176 168V344C176 352.7 180.7 360.7 188.3 364.9C195.8 369.2 205.1 369 212.5 364.5L356.5 276.5C363.6 272.1 368 264.4 368 256C368 247.6 363.6 239.9 356.5 235.5L212.5 147.5C205.1 142.1 195.8 142.8 188.3 147.1C180.7 151.3 176 159.3 176 168V168z\" \/><\/symbol><use xlink:href=\"#play\" \/><\/svg><\/p>\n<div class=\"right\">\n<p>Franco Colapinto<!-- --> &#8211; <span>&nbsp;<\/span><\/p>\n<h2 class=\"title-vid\">El divertido reto de Alpine a Franco Colapinto en la Previa del GP de Hungr\u00eda<\/h2>\n<\/div>\n<\/div>\n<p><span class=\"back\" id=\"spanBackembedOXI9wRq8\"><\/span><\/div>\n<div class=\"JWvideoNota_title\">\n<p>Cr\u00e9ditos: @alpinef1team<\/p>\n<\/div>\n<\/div>\n<p><h3>El otro deporte que se vio en la previa del GP de Hungr\u00eda&#8230; \u00a1Esgrima!<\/h3>\n<\/p>\n<div class=\"custom-text \" readability=\"34\">\n<p><strong>El argentino se junt\u00f3 con Gasly<\/strong> y juntos vivieron otro divertido momento:<strong> practicaron esgrima con el equipo nacional de Hungr\u00eda,<\/strong> que se llev\u00f3 el oro ol\u00edmpico en los Juegos de Par\u00eds 2024.<\/p>\n<\/div>\n<div class=\"sc-e7b891c4-0 ifHnQL image-embed\"><img alt=\"Colapinto con el traje de esgrima. (@alpinef1team)\" loading=\"lazy\" width=\"720\" height=\"100\" decoding=\"async\" data-nimg=\"1\" src=\"http:\/\/cordobadirecto.com\/wp-content\/uploads\/2025\/08\/video-asi-vivieron-franco-colapinto-y-pierre-gasly-el-dia-previo-al-arranque-del-gp-de-hungria-de-formula-1-1.jpg\"><span class=\"epigraphe\">Colapinto con el traje de esgrima. (@alpinef1team)<\/span><\/div>\n<div class=\"sc-e7b891c4-0 ifHnQL image-embed\"><img alt=\"Gasly con uno de los medallistas ol\u00edmpicos de Par\u00eds. (@alpinef1team)\" loading=\"lazy\" width=\"720\" height=\"100\" decoding=\"async\" data-nimg=\"1\" src=\"http:\/\/cordobadirecto.com\/wp-content\/uploads\/2025\/08\/video-asi-vivieron-franco-colapinto-y-pierre-gasly-el-dia-previo-al-arranque-del-gp-de-hungria-de-formula-1-2.jpg\"><span class=\"epigraphe\">Gasly con uno de los medallistas ol\u00edmpicos de Par\u00eds. (@alpinef1team)<\/span><\/div>\n<p><h3>Colapinto, interactuando con los argentinos presentes en Budapest<\/h3>\n<\/p>\n<div class=\"custom-text \" readability=\"39\">\n<p><strong>En la \u00faltima publicaci\u00f3n de Alpine,<\/strong> sobre el final de la actividad, <strong>recopilaron varias fotos de los pilotos<\/strong> a lo largo de la jornada. En una de ellas, se puede ver a <strong>Colapinto<\/strong> haciendo algo que ocurre en todos los findes de competencia: <strong>firmando una bandera argentina<\/strong> en medio de una interacci\u00f3n con el p\u00fablico presente en las vallas del circuito. Los hinchas argentinos, bancando en todos lados&#8230;<\/p>\n<\/div>\n<div class=\"sc-e7b891c4-0 ifHnQL image-embed\"><img alt=\"Colapinto firmando para los argentinos en Hungr\u00eda. (@alpinef1team)\" loading=\"lazy\" width=\"720\" height=\"100\" decoding=\"async\" data-nimg=\"1\" src=\"http:\/\/cordobadirecto.com\/wp-content\/uploads\/2025\/08\/video-asi-vivieron-franco-colapinto-y-pierre-gasly-el-dia-previo-al-arranque-del-gp-de-hungria-de-formula-1-3.jpg\"><span class=\"epigraphe\">Colapinto firmando para los argentinos en Hungr\u00eda. (@alpinef1team)<\/span><\/div>\n<p><h2>Los horarios del Gran Premio de Hungr\u00eda, con Franco Colapinto presente<\/h2>\n<\/p>\n<div class=\"custom-text \" readability=\"41\">\n<p><strong>Colapinto y Gasly<\/strong> tendr\u00e1n su primera salida a pista <strong>este viernes a las 8.30<\/strong>, con las primeras pr\u00e1cticas libres, para luego volver a salir a las 12, con las segundas. <strong>Ya el s\u00e1bado, <\/strong>habr\u00e1 una \u00faltima prueba a las 7.30 y<strong> correr\u00e1n la clasificaci\u00f3n a las 11.<\/strong> Por \u00faltimo, la actividad cerrar\u00e1 con <strong>la carrera, el domingo a las 10.<\/strong> La acci\u00f3n se podr\u00e1 ver <strong>por Fox Sports y Disney + Premium.<\/strong><\/p>\n<\/div>\n<div class=\"sc-a7166897-0 eoLsBE\" readability=\"6\">\n<section readability=\"2\"><picture><img alt=\"Se terminan los rumores: Ferrari renov\u00f3 a Vasseur como jefe de equipo\" loading=\"lazy\" width=\"290\" height=\"290\" decoding=\"async\" data-nimg=\"1\" src=\"http:\/\/cordobadirecto.com\/wp-content\/uploads\/2025\/08\/video-asi-vivieron-franco-colapinto-y-pierre-gasly-el-dia-previo-al-arranque-del-gp-de-hungria-de-formula-1-4.jpg\"><\/picture>\n<p><span>Mir\u00e1 tambi\u00e9n<\/span><\/p>\n<hr>\n<h3>Se terminan los rumores: Ferrari renov\u00f3 a Vasseur como jefe de equipo<\/h3>\n<\/p>\n<\/section>\n<\/div>\n<div class=\"sc-a7166897-0 eoLsBE\" readability=\"6.5\">\n<section readability=\"3\"><picture><img alt=\"Franco Colapinto: &quot;No tengo la confianza que quiz\u00e1s ten\u00eda el a\u00f1o pasado&quot; y la expectativa para el GP de Hungr\u00eda\" loading=\"lazy\" width=\"290\" height=\"290\" decoding=\"async\" data-nimg=\"1\" src=\"http:\/\/cordobadirecto.com\/wp-content\/uploads\/2025\/08\/video-asi-vivieron-franco-colapinto-y-pierre-gasly-el-dia-previo-al-arranque-del-gp-de-hungria-de-formula-1-5.jpg\"><\/picture>\n<p><span>Mir\u00e1 tambi\u00e9n<\/span><\/p>\n<hr>\n<h3>Franco Colapinto: &#8220;No tengo la confianza que quiz\u00e1s ten\u00eda el a\u00f1o pasado&#8221; y la expectativa para el GP de Hungr\u00eda<\/h3>\n<\/p>\n<\/section>\n<\/div>\n<div class=\"sc-a7166897-0 eoLsBE\" readability=\"6.5\">\n<section readability=\"3\"><picture><img alt=\"Piedra libre a Franco Colapinto: viaj\u00f3 en una aerol\u00ednea de bajo costo para correr el GP de Hungr\u00eda \" loading=\"lazy\" width=\"290\" height=\"290\" decoding=\"async\" data-nimg=\"1\" src=\"http:\/\/cordobadirecto.com\/wp-content\/uploads\/2025\/08\/video-asi-vivieron-franco-colapinto-y-pierre-gasly-el-dia-previo-al-arranque-del-gp-de-hungria-de-formula-1-6.jpg\"><\/picture>\n<p><span>Mir\u00e1 tambi\u00e9n<\/span><\/p>\n<hr>\n<h3>Piedra libre a Franco Colapinto: viaj\u00f3 en una aerol\u00ednea de bajo costo para correr el GP de Hungr\u00eda <\/h3>\n<\/p>\n<\/section>\n<\/div>\n<\/div>\n","protected":false},"excerpt":{"rendered":"<p>31\/07\/2025 20:29hs. Pocas horas separan a los 10 equipos de la F\u00f3rmula 1 de su primer contacto con el asfalto en Budapest, por el Gran Premio de Hungr\u00eda. Este jueves, los pilotos llegaron al Hungaroring para realizar el tradicional media day antes de las FP1 del d\u00eda siguiente, y los de Alpine no fueron la [&hellip;]<\/p>\n","protected":false},"author":1,"featured_media":171513,"comment_status":"closed","ping_status":"closed","sticky":false,"template":"","format":"standard","meta":[],"categories":[21],"tags":[],"_links":{"self":[{"href":"http:\/\/cordobadirecto.com\/index.php\/wp-json\/wp\/v2\/posts\/171512"}],"collection":[{"href":"http:\/\/cordobadirecto.com\/index.php\/wp-json\/wp\/v2\/posts"}],"about":[{"href":"http:\/\/cordobadirecto.com\/index.php\/wp-json\/wp\/v2\/types\/post"}],"author":[{"embeddable":true,"href":"http:\/\/cordobadirecto.com\/index.php\/wp-json\/wp\/v2\/users\/1"}],"replies":[{"embeddable":true,"href":"http:\/\/cordobadirecto.com\/index.php\/wp-json\/wp\/v2\/comments?post=171512"}],"version-history":[{"count":0,"href":"http:\/\/cordobadirecto.com\/index.php\/wp-json\/wp\/v2\/posts\/171512\/revisions"}],"wp:featuredmedia":[{"embeddable":true,"href":"http:\/\/cordobadirecto.com\/index.php\/wp-json\/wp\/v2\/media\/171513"}],"wp:attachment":[{"href":"http:\/\/cordobadirecto.com\/index.php\/wp-json\/wp\/v2\/media?parent=171512"}],"wp:term":[{"taxonomy":"category","embeddable":true,"href":"http:\/\/cordobadirecto.com\/index.php\/wp-json\/wp\/v2\/categories?post=171512"},{"taxonomy":"post_tag","embeddable":true,"href":"http:\/\/cordobadirecto.com\/index.php\/wp-json\/wp\/v2\/tags?post=171512"}],"curies":[{"name":"wp","href":"https:\/\/api.w.org\/{rel}","templated":true}]}}