{"id":171514,"date":"2025-07-31T23:13:07","date_gmt":"2025-07-31T23:13:07","guid":{"rendered":"https:\/\/www.ole.com.ar\/autos\/formula-1-f1-gran-premio-hungria-hungaroring-franco-colapinto-alpine_0_DMbDfU8n1P.html"},"modified":"2025-07-31T23:13:07","modified_gmt":"2025-07-31T23:13:07","slug":"cuando-corre-y-por-donde-ver-a-franco-colapinto-en-el-gp-de-hungria","status":"publish","type":"post","link":"http:\/\/cordobadirecto.com\/index.php\/2025\/07\/31\/cuando-corre-y-por-donde-ver-a-franco-colapinto-en-el-gp-de-hungria\/","title":{"rendered":"Cu\u00e1ndo corre y por d\u00f3nde ver a Franco Colapinto en el GP de Hungr\u00eda"},"content":{"rendered":"<p><time class=\"createDate\" datetime=\"2025-07-31T20:13:07-03:00\">31\/07\/2025 20:13hs.<\/time><\/p>\n<div id=\"storyBody\">\n<div class=\"custom-text \" readability=\"36.740343347639\">\n<p>Antes de las vacaciones de un mes correspondientes al verano europeo, la <strong><a href=\"https:\/\/www.ole.com.ar\/tema\/formula-1.html\" title=\"F\u00f3rmula 1\" alt=\"F\u00f3rmula 1\" class=\"slug\">F\u00f3rmula 1<\/a><\/strong> llevar\u00e1 a cabo su decimocuarta jornada con el <strong>Gran Premio de Hungr\u00eda.<\/strong> Ah\u00ed estar\u00e1 <strong><a href=\"https:\/\/www.ole.com.ar\/tema\/franco-colapinto.html\" title=\"Franco Colapinto\" alt=\"Franco Colapinto\" class=\"slug\">Franco Colapinto,<\/a><\/strong> con el objetivo de cambiar el rumbo y <strong>sumar sus primeros puntos en el circuito<\/strong> que hospedar\u00e1 su octava prueba desde que tom\u00f3 la titularidad en Alpine. Cabe destacar que, <strong>en este escenario, el argentino cosech\u00f3 buenos recuerdos<\/strong> durante su paso por las categor\u00edas inferiores&#8230;<\/p>\n<\/div>\n<div class=\"custom-text \" readability=\"41\">\n<p><strong>La primera vez que Fran corri\u00f3 en Budapest fue en 2022, <\/strong>cuando se desempe\u00f1aba en la <strong>F3.<\/strong> \u00bfC\u00f3mo le fue? <strong>Larg\u00f3 segundo y pudo sostener esa posici\u00f3n<\/strong> hasta la bandera a cuadros. <strong>Un a\u00f1o m\u00e1s tarde,<\/strong> durante la segunda carrera de la misma categor\u00eda, <strong>arranc\u00f3 cuarto, gan\u00f3 una posici\u00f3n y qued\u00f3 tercero.<\/strong> El oriundo de Pilar volvi\u00f3 al trazado h\u00fangaro en 2024, esta vez como piloto de <strong>F2, y fue 5\u00b0 en la carrera corta<\/strong> (tras clasificarse 12\u00b0) <strong>y 13\u00b0 en la larga.<\/strong> Esta ser\u00e1 la primera vez que corra en Hungaroring siendo parte de la M\u00e1xima categor\u00eda.<\/p>\n<\/div>\n<div class=\"sc-e7b891c4-0 ifHnQL image-embed\"><img alt=\"Colapinto subi\u00f3 al podio en Hungr\u00eda tras la segunda carrera de F3 en 2023.\" loading=\"lazy\" width=\"720\" height=\"100\" decoding=\"async\" data-nimg=\"1\" src=\"http:\/\/cordobadirecto.com\/wp-content\/uploads\/2025\/08\/cuando-corre-y-por-donde-ver-a-franco-colapinto-en-el-gp-de-hungria.jpg\"><span class=\"epigraphe\">Colapinto subi\u00f3 al podio en Hungr\u00eda tras la segunda carrera de F3 en 2023.<\/span><\/div>\n<p><h2>Gran Premio de Hungr\u00eda: d\u00edas, horarios y por d\u00f3nde ver correr a Franco Colapinto <\/h2>\n<\/p>\n<div class=\"custom-text \" readability=\"42\">\n<p><strong>La actividad comenzar\u00e1 este viernes,<\/strong> cuando se disputar\u00e1n las primeras dos pr\u00e1cticas libres:<strong> la inicial ser\u00e1 a las 8.30 y la siguiente, a las 12.<\/strong> El s\u00e1bado tendr\u00e1n lugar <strong>el tercer entrenamiento,<\/strong> que comenzar\u00e1 a las <strong>7.30, y la clasificaci\u00f3n, que se largar\u00e1 a las 11.<\/strong> Finalmente, <strong>el domingo se realizar\u00e1 la carrera, con inicio a las 10.<\/strong> El evento se podr\u00e1 ver a trav\u00e9s de la se\u00f1al televisiva de <strong>Fox Sports<\/strong> y tambi\u00e9n por la plataforma <strong>Disney + Premium.<\/strong><\/p>\n<\/div>\n<div class=\"sc-e7b891c4-0 ifHnQL image-embed\"><img alt=\"Colapinto firm\u00f3 una bandera argentina antes del GP de Hungr\u00eda.\n(Foto: @alpinef1team)\" loading=\"lazy\" width=\"720\" height=\"100\" decoding=\"async\" data-nimg=\"1\" src=\"http:\/\/cordobadirecto.com\/wp-content\/uploads\/2025\/08\/cuando-corre-y-por-donde-ver-a-franco-colapinto-en-el-gp-de-hungria-1.jpg\"><span class=\"epigraphe\">Colapinto firm\u00f3 una bandera argentina antes del GP de Hungr\u00eda.<br \/>\n(Foto: @alpinef1team)<\/span><\/div>\n<p><h2>En limpio, as\u00ed ser\u00e1 el cronograma de la jornada en Hungaroring<\/h2>\n<\/p>\n<p><h3>Viernes 1\u00b0 de agosto<\/h3>\n<\/p>\n<div class=\"custom-text \">\n<ul>\n<li>Primera pr\u00e1ctica libre: 8.30.<\/li>\n<li>Segunda pr\u00e1ctica libre: 12.<\/li>\n<\/ul>\n<\/div>\n<p><h3>S\u00e1bado 2 de agosto<\/h3>\n<\/p>\n<div class=\"custom-text \">\n<ul>\n<li>Tercera pr\u00e1ctica libre: 7.30.<\/li>\n<li>Clasificaci\u00f3n: 11.<\/li>\n<\/ul>\n<\/div>\n<p><h3>Domingo 3 de agosto<\/h3>\n<\/p>\n<div class=\"custom-text \">\n<ul>\n<li>Carrera: 10.<\/li>\n<\/ul>\n<\/div>\n<p><h2>Qu\u00e9 dijo Colapinto antes de correr nuevamente en Budapest y por primera vez como piloto de F1<\/h2>\n<\/p>\n<div class=\"custom-text \" readability=\"39\">\n<p><strong>&#8220;Mantendremos la concentraci\u00f3n y trabajaremos duro para que todo salga bien este fin de semana en Hungr\u00eda.<\/strong> He celebrado algunos podios en Hungaroring durante mi carrera junior, y es un circuito y una ciudad que disfruto, as\u00ed que<strong> tengo muchas ganas de salir a la pista.<\/strong> Al ser la \u00faltima carrera antes de las vacaciones de verano, esperamos obtener buenos resultados para el equipo antes de que todos se tomen un merecido descanso de unas semanas&#8221;, sentenci\u00f3 Franco sobre la jornada venidera y el posterior parate de la F\u00f3rmula 1.<\/p>\n<\/div>\n<div class=\"sc-a7166897-0 eoLsBE\" readability=\"6.5\">\n<section readability=\"3\"><picture><img alt=\"Piedra libre a Franco Colapinto: viaj\u00f3 en una aerol\u00ednea de bajo costo para correr el GP de Hungr\u00eda \" loading=\"lazy\" width=\"290\" height=\"290\" decoding=\"async\" data-nimg=\"1\" src=\"http:\/\/cordobadirecto.com\/wp-content\/uploads\/2025\/08\/cuando-corre-y-por-donde-ver-a-franco-colapinto-en-el-gp-de-hungria-2.jpg\"><\/picture>\n<p><span>Mir\u00e1 tambi\u00e9n<\/span><\/p>\n<hr>\n<h3>Piedra libre a Franco Colapinto: viaj\u00f3 en una aerol\u00ednea de bajo costo para correr el GP de Hungr\u00eda <\/h3>\n<\/p>\n<\/section>\n<\/div>\n<div class=\"sc-a7166897-0 eoLsBE\" readability=\"6.5\">\n<section readability=\"3\"><picture><img alt=\"Video: el divertido posteo de Alpine con Franco Colapinto y Pierre Gasly en la previa del GP de Hungr\u00eda\" loading=\"lazy\" width=\"290\" height=\"290\" decoding=\"async\" data-nimg=\"1\" src=\"http:\/\/cordobadirecto.com\/wp-content\/uploads\/2025\/08\/cuando-corre-y-por-donde-ver-a-franco-colapinto-en-el-gp-de-hungria-3.jpg\"><\/picture>\n<p><span>Mir\u00e1 tambi\u00e9n<\/span><\/p>\n<hr>\n<h3>Video: el divertido posteo de Alpine con Franco Colapinto y Pierre Gasly en la previa del GP de Hungr\u00eda<\/h3>\n<\/p>\n<\/section>\n<\/div>\n<div class=\"sc-a7166897-0 eoLsBE\" readability=\"6\">\n<section readability=\"2\"><picture><img alt=\"El compa\u00f1ero de Colapinto que volver\u00e1 a probarse en otro equipo de la F\u00f3rmula 1\" loading=\"lazy\" width=\"290\" height=\"290\" decoding=\"async\" data-nimg=\"1\" src=\"http:\/\/cordobadirecto.com\/wp-content\/uploads\/2025\/08\/cuando-corre-y-por-donde-ver-a-franco-colapinto-en-el-gp-de-hungria-4.jpg\"><\/picture>\n<p><span>Mir\u00e1 tambi\u00e9n<\/span><\/p>\n<hr>\n<h3>El compa\u00f1ero de Colapinto que volver\u00e1 a probarse en otro equipo de la F\u00f3rmula 1<\/h3>\n<\/p>\n<\/section>\n<\/div>\n<\/div>\n","protected":false},"excerpt":{"rendered":"<p>31\/07\/2025 20:13hs. Antes de las vacaciones de un mes correspondientes al verano europeo, la F\u00f3rmula 1 llevar\u00e1 a cabo su decimocuarta jornada con el Gran Premio de Hungr\u00eda. Ah\u00ed estar\u00e1 Franco Colapinto, con el objetivo de cambiar el rumbo y sumar sus primeros puntos en el circuito que hospedar\u00e1 su octava prueba desde que tom\u00f3 [&hellip;]<\/p>\n","protected":false},"author":1,"featured_media":171515,"comment_status":"closed","ping_status":"closed","sticky":false,"template":"","format":"standard","meta":[],"categories":[21],"tags":[],"_links":{"self":[{"href":"http:\/\/cordobadirecto.com\/index.php\/wp-json\/wp\/v2\/posts\/171514"}],"collection":[{"href":"http:\/\/cordobadirecto.com\/index.php\/wp-json\/wp\/v2\/posts"}],"about":[{"href":"http:\/\/cordobadirecto.com\/index.php\/wp-json\/wp\/v2\/types\/post"}],"author":[{"embeddable":true,"href":"http:\/\/cordobadirecto.com\/index.php\/wp-json\/wp\/v2\/users\/1"}],"replies":[{"embeddable":true,"href":"http:\/\/cordobadirecto.com\/index.php\/wp-json\/wp\/v2\/comments?post=171514"}],"version-history":[{"count":0,"href":"http:\/\/cordobadirecto.com\/index.php\/wp-json\/wp\/v2\/posts\/171514\/revisions"}],"wp:featuredmedia":[{"embeddable":true,"href":"http:\/\/cordobadirecto.com\/index.php\/wp-json\/wp\/v2\/media\/171515"}],"wp:attachment":[{"href":"http:\/\/cordobadirecto.com\/index.php\/wp-json\/wp\/v2\/media?parent=171514"}],"wp:term":[{"taxonomy":"category","embeddable":true,"href":"http:\/\/cordobadirecto.com\/index.php\/wp-json\/wp\/v2\/categories?post=171514"},{"taxonomy":"post_tag","embeddable":true,"href":"http:\/\/cordobadirecto.com\/index.php\/wp-json\/wp\/v2\/tags?post=171514"}],"curies":[{"name":"wp","href":"https:\/\/api.w.org\/{rel}","templated":true}]}}