{"id":17180,"date":"2021-09-05T23:57:13","date_gmt":"2021-09-05T23:57:13","guid":{"rendered":"http:\/\/cordobadirecto.com\/index.php\/2021\/09\/05\/murio-a-los-86-anos-la-actriz-susana-lanteri\/"},"modified":"2021-09-05T23:57:13","modified_gmt":"2021-09-05T23:57:13","slug":"murio-a-los-86-anos-la-actriz-susana-lanteri","status":"publish","type":"post","link":"http:\/\/cordobadirecto.com\/index.php\/2021\/09\/05\/murio-a-los-86-anos-la-actriz-susana-lanteri\/","title":{"rendered":"Muri\u00f3 a los 86 a\u00f1os la actriz Susana Lanteri"},"content":{"rendered":"<div class=\"image\" id=\"image\" readability=\"8\"> <img src=\"http:\/\/cordobadirecto.com\/wp-content\/uploads\/2021\/09\/murio-a-los-86-anos-la-actriz-susana-lanteri.jpg\" alt=\"Susana Lanteri, la recordada actriz argentina.\" title=\"Susana Lanteri, la recordada actriz argentina.\"><\/p>\n<p>Susana Lanteri, la recordada actriz argentina.<\/p>\n<\/div>\n<p>La actriz <strong>Susana Lanteri<\/strong>, con un largo recorrido en cine, teatro y televisi\u00f3n, con destacas interpretaciones en series infantiles como &#8220;Chiquititas&#8221; y en telenovelas &#8220;Rosa de Lejos&#8221; y &#8220;Mar\u00eda de Nadie&#8221;, falleci\u00f3 hoy a los 86 a\u00f1os.<\/p>\n<p>La noticia fue confirmada en redes sociales por la Asociaci\u00f3n Argentina de Actores a la que pertenec\u00eda como afiliada desde 1965.<\/p>\n<p>&#8220;<strong>Con profunda tristeza despedimos a la actriz Susana Lanteri. Su extensa y reconocida trayectoria incluye trabajos en teatro, cine y TV. Afiliada a la Asociaci\u00f3n Argentina de Actores desde 1965. Nuestras condolencias a sus familiares y seres queridos, abraz\u00e1ndolos en el dolor&#8221;<\/strong>, informaron a trav\u00e9s de Twitter.<\/p>\n<p>Lanteri, que <strong>se form\u00f3 con los maestros Juan Carlos Gen\u00e9, Augusto Fern\u00e1ndes y Alberto Ure<\/strong>, trabaj\u00f3 en televisi\u00f3n en ficciones como &#8220;Rosa de Lejos&#8221;, &#8220;La Se\u00f1ora Ordo\u00f1ez&#8221;, &#8220;Cosa Juzgada&#8221;, &#8220;El Sodero de Mi vida&#8221;, &#8220;Zona de Riesgo&#8221;, &#8220;Padre Coraje&#8221; y &#8220;Mujeres Asesinas&#8221;, entre otras.<\/p>\n<p><strong>De la mano de Cris Morena, interpret\u00f3 a la villana Elena Kr\u00fcgger en &#8220;Chiquititas&#8221; y a Victoria del Solar en &#8220;Rinc\u00f3n de Luz&#8221;,<\/strong> dos trabajos por los que alcanzar\u00eda reconocimiento y popularidad en el p\u00fablico infantil.<\/p>\n<p>Particip\u00f3 en los elencos de <strong>&#8220;Farsantes&#8221;<\/strong> y <strong>&#8220;El Legado&#8221;<\/strong> y en cine&nbsp;trabaj\u00f3 en largometrajes como <strong>&#8220;Cama Adentro&#8221;, &#8220;Diarios de motocicleta&#8221;, La vuelta de Mart\u00edn Fierro&#8221; <\/strong>y<strong> &#8220;Contar hasta diez&#8221;, &#8220;Los golpes bajos&#8221;, &#8220;Los traidores&#8221;, &#8220;Juguemos en el mundo&#8221;<\/strong> y <strong>&#8220;Assasination Tango&#8221;<\/strong>, entre otros.<\/p>\n<p>En 2017, realiz\u00f3 su \u00faltimo trabajo en teatro como integrante del elenco de <strong>&#8220;La Herencia de Eszter&#8221;<\/strong>, donde comparti\u00f3 escenario con V\u00edctor Laplace, Thelma Biral, Edgardo Moreria y Mar\u00eda Viau, coronando un recorrido teatral que la tuvo en obras como<strong> &#8220;Casa de Mu\u00f1ecas&#8221;, &#8220;Yerma&#8221;, &#8220;La Mentira&#8221;, &#8220;Equus&#8221;, &#8220;Ceremonia Secreta&#8221;, &#8220;Los Monstruos Sagrados&#8221;, &#8220;Hamelin&#8221;<\/strong> y<strong> &#8220;Las Troyanas&#8221;<\/strong>.<\/p>\n<p>A trav\u00e9s de las redes sociales, la despidieron con tristeza algunos de sus co legas como <strong>Gast\u00f3n Pauls, Florencia Raggi, Osvaldo Laport <\/strong>y<strong> Viviana Puerta.<\/strong> <\/p>\n","protected":false},"excerpt":{"rendered":"<p>Susana Lanteri, la recordada actriz argentina. La actriz Susana Lanteri, con un largo recorrido en cine, teatro y televisi\u00f3n, con destacas interpretaciones en series infantiles como &#8220;Chiquititas&#8221; y en telenovelas &#8220;Rosa de Lejos&#8221; y &#8220;Mar\u00eda de Nadie&#8221;, falleci\u00f3 hoy a los 86 a\u00f1os. La noticia fue confirmada en redes sociales por la Asociaci\u00f3n Argentina de [&hellip;]<\/p>\n","protected":false},"author":1,"featured_media":17181,"comment_status":"closed","ping_status":"closed","sticky":false,"template":"","format":"standard","meta":[],"categories":[20],"tags":[],"_links":{"self":[{"href":"http:\/\/cordobadirecto.com\/index.php\/wp-json\/wp\/v2\/posts\/17180"}],"collection":[{"href":"http:\/\/cordobadirecto.com\/index.php\/wp-json\/wp\/v2\/posts"}],"about":[{"href":"http:\/\/cordobadirecto.com\/index.php\/wp-json\/wp\/v2\/types\/post"}],"author":[{"embeddable":true,"href":"http:\/\/cordobadirecto.com\/index.php\/wp-json\/wp\/v2\/users\/1"}],"replies":[{"embeddable":true,"href":"http:\/\/cordobadirecto.com\/index.php\/wp-json\/wp\/v2\/comments?post=17180"}],"version-history":[{"count":0,"href":"http:\/\/cordobadirecto.com\/index.php\/wp-json\/wp\/v2\/posts\/17180\/revisions"}],"wp:featuredmedia":[{"embeddable":true,"href":"http:\/\/cordobadirecto.com\/index.php\/wp-json\/wp\/v2\/media\/17181"}],"wp:attachment":[{"href":"http:\/\/cordobadirecto.com\/index.php\/wp-json\/wp\/v2\/media?parent=17180"}],"wp:term":[{"taxonomy":"category","embeddable":true,"href":"http:\/\/cordobadirecto.com\/index.php\/wp-json\/wp\/v2\/categories?post=17180"},{"taxonomy":"post_tag","embeddable":true,"href":"http:\/\/cordobadirecto.com\/index.php\/wp-json\/wp\/v2\/tags?post=17180"}],"curies":[{"name":"wp","href":"https:\/\/api.w.org\/{rel}","templated":true}]}}