{"id":17197,"date":"2021-09-06T00:15:00","date_gmt":"2021-09-06T00:15:00","guid":{"rendered":"http:\/\/cordobadirecto.com\/index.php\/2021\/09\/06\/socialdemocratas-y-verdes-analizan-una-coalicion-y-los-conservadores-exigen-definiciones\/"},"modified":"2021-09-06T00:15:00","modified_gmt":"2021-09-06T00:15:00","slug":"socialdemocratas-y-verdes-analizan-una-coalicion-y-los-conservadores-exigen-definiciones","status":"publish","type":"post","link":"http:\/\/cordobadirecto.com\/index.php\/2021\/09\/06\/socialdemocratas-y-verdes-analizan-una-coalicion-y-los-conservadores-exigen-definiciones\/","title":{"rendered":"Socialdem\u00f3cratas y verdes analizan una coalici\u00f3n y los conservadores exigen definiciones"},"content":{"rendered":"<div class=\"image\" id=\"image\" readability=\"7\"> <img src=\"http:\/\/cordobadirecto.com\/wp-content\/uploads\/2021\/09\/socialdemocratas-y-verdes-analizan-una-coalicion-y-los-conservadores-exigen-definiciones.jpg\" alt=\"Olaf Scholz encabeza los sondeos para ser el futuro canciller alem\u00e1n\" title=\"Olaf Scholz encabeza los sondeos para ser el futuro canciller alem\u00e1n\"><\/p>\n<p>Olaf Scholz encabeza los sondeos para ser el futuro canciller alem\u00e1n<\/p>\n<\/div>\n<p>El Partido Socialdem\u00f3crata (SPD) y Los Verdes se mostraron dispuestos este domingo en Alemania a formar gobierno juntos luego de las elecciones del 26 de septiembre que decidir\u00e1n qui\u00e9n suceder\u00e1 a Angela Merkel, tras 16 a\u00f1os en el poder, mientras que los conservadores alertaron sobre un giro a la izquierda y exigieron definiciones, inform\u00f3 la prensa local.<\/p>\n<p>Dirigentes de la Uni\u00f3n Dem\u00f3crata Cristiana (CDU) y de su aliada b\u00e1vara, la Uni\u00f3n Social Cristiana (CSU), exigieron al SPD que aclare que no va a gobernar con los poscomunistas del partido La Izquierda, lo que en su opini\u00f3n abocar\u00eda al pa\u00eds a un curso peligroso.<\/p>\n<p><strong>&#8220;Debemos dejar a\u00fan m\u00e1s claro que solo hay dos posibilidades: o un deslizamiento hacia la izquierda con el partido La Izquierda o con un sem\u00e1foro&#8221;,<\/strong> en referencia a los colores en caso de una coalici\u00f3n con el Partido Democr\u00e1tico Libre (FDP) y Los Verdes, <strong>expres\u00f3 el l\u00edder de CSU<\/strong>, Markus Soder, al peri\u00f3dico Welt am Sonntag.<\/p>\n<p>En su opini\u00f3n,<strong> una coalici\u00f3n de SPD y verdes con el FDP tambi\u00e9n ser\u00eda &#8220;un deslizamiento diluido hacia la izquierda&#8221;<\/strong>, ya que este \u00faltimo, como socio m\u00e1s peque\u00f1o, no podr\u00eda impedir &#8220;las pol\u00edticas de izquierda&#8221;.<\/p>\n<p>Por su parte, el candidato del SPD y favorito para suceder a Merkel en las encuestas, Olaf Scholz, asegur\u00f3 que est\u00e1 dispuesto a dirigir el pa\u00eds en una coalici\u00f3n con Los Verdes, y afirm\u00f3 que nunca hubo &#8220;ninguna duda&#8221; al respecto.<\/p>\n<p><strong>&#8220;Somos partidos diferentes, tenemos objetivos diferentes, pero tenemos muchas cosas en com\u00fan&#8221;, manifest\u00f3 el actual ministro de Finanzas en el gobierno de coalici\u00f3n<\/strong> liderado por Merkel, al diario Tagesspiegel, seg\u00fan la agencia de noticias DPA.<\/p>\n<div class=\"image\" id=\"image\" readability=\"8\"> <img src=\"http:\/\/cordobadirecto.com\/wp-content\/uploads\/2021\/09\/socialdemocratas-y-verdes-analizan-una-coalicion-y-los-conservadores-exigen-definiciones-1.jpg\" alt=\"El 26 de septiembre, los alemanes renovar\u00e1n la totalidad de las bancas del Bundestag\" title=\"El 26 de septiembre, los alemanes renovar\u00e1n la totalidad de las bancas del Bundestag\"><\/p>\n<p>El 26 de septiembre, los alemanes renovar\u00e1n la totalidad de las bancas del Bundestag<\/p>\n<\/div>\n<p><br font-size: open><br \/>\nAsimismo,<strong> Scholz<\/strong> critic\u00f3 al partido La Izquierda por rechazar recientemente en una votaci\u00f3n en el Parlamento la operaci\u00f3n de rescate de las fuerzas armadas alemanas en Afganist\u00e1n, aunque hasta el momento se ha negado a excluir la posibilidad de una alianza.<\/p>\n<p><strong>&#8220;Quien quiera asumir la responsabilidad de gobierno en Alemania debe comprometerse claramente con la cooperaci\u00f3n con Estados Unidos, con la asociaci\u00f3n transatl\u00e1ntica y con el hecho de que necesitamos a la OTAN para nuestra defensa y nuestra seguridad&#8221;<\/strong>, dijo.<\/p>\n<p>De este modo, respond\u00eda tambi\u00e9n a las acusaciones del candidato a canciller de la CDU de Merkel, <strong>Armin Laschet, quien hab\u00eda dicho el s\u00e1bado que si La Izquierda quiere disolver la OTAN y la Oficina para la Protecci\u00f3n de la Constituci\u00f3n (el servicio secreto interior de Alemania), estas eran razones &#8220;por las que no se deber\u00eda permitir a estas personas sentarse en un gobierno alem\u00e1n&#8221;.<\/strong><\/p>\n<p>En tanto, la candidata de Los Verdes, <strong>Annalena Baerbock, en una reuni\u00f3n con Scholz en la ciudad de Potsdam, se mostr\u00f3 favorable a un gobierno de ambos partidos<\/strong>, si bien ve grandes diferencias en la protecci\u00f3n del clima.<\/p>\n<p>Tambi\u00e9n atac\u00f3 a la <strong>CDU\/CSU y al FDP: &#8220;Se concentran sobre todo en aliviar la carga de los ricos y no tienen idea de c\u00f3mo van a realizar las inversiones necesarias para impulsar la modernizaci\u00f3n&#8221;<\/strong>, declar\u00f3 la dirigente al diario Frankfurter Rundschau.<\/p>\n<p>Las \u00faltimas encuestas muestran a Scholz como favorito para convertirse en canciller, por delante del democristiano Armin Laschet, sin embargo, como es probable que ning\u00fan partido consiga mayor\u00eda absoluta, los candidatos se ven presionados a decir con qui\u00e9nes est\u00e1n dispuestos a trabajar en una coalici\u00f3n de gobierno. <\/p>\n","protected":false},"excerpt":{"rendered":"<p>Olaf Scholz encabeza los sondeos para ser el futuro canciller alem\u00e1n El Partido Socialdem\u00f3crata (SPD) y Los Verdes se mostraron dispuestos este domingo en Alemania a formar gobierno juntos luego de las elecciones del 26 de septiembre que decidir\u00e1n qui\u00e9n suceder\u00e1 a Angela Merkel, tras 16 a\u00f1os en el poder, mientras que los conservadores alertaron [&hellip;]<\/p>\n","protected":false},"author":1,"featured_media":17198,"comment_status":"closed","ping_status":"closed","sticky":false,"template":"","format":"standard","meta":[],"categories":[24],"tags":[],"_links":{"self":[{"href":"http:\/\/cordobadirecto.com\/index.php\/wp-json\/wp\/v2\/posts\/17197"}],"collection":[{"href":"http:\/\/cordobadirecto.com\/index.php\/wp-json\/wp\/v2\/posts"}],"about":[{"href":"http:\/\/cordobadirecto.com\/index.php\/wp-json\/wp\/v2\/types\/post"}],"author":[{"embeddable":true,"href":"http:\/\/cordobadirecto.com\/index.php\/wp-json\/wp\/v2\/users\/1"}],"replies":[{"embeddable":true,"href":"http:\/\/cordobadirecto.com\/index.php\/wp-json\/wp\/v2\/comments?post=17197"}],"version-history":[{"count":0,"href":"http:\/\/cordobadirecto.com\/index.php\/wp-json\/wp\/v2\/posts\/17197\/revisions"}],"wp:featuredmedia":[{"embeddable":true,"href":"http:\/\/cordobadirecto.com\/index.php\/wp-json\/wp\/v2\/media\/17198"}],"wp:attachment":[{"href":"http:\/\/cordobadirecto.com\/index.php\/wp-json\/wp\/v2\/media?parent=17197"}],"wp:term":[{"taxonomy":"category","embeddable":true,"href":"http:\/\/cordobadirecto.com\/index.php\/wp-json\/wp\/v2\/categories?post=17197"},{"taxonomy":"post_tag","embeddable":true,"href":"http:\/\/cordobadirecto.com\/index.php\/wp-json\/wp\/v2\/tags?post=17197"}],"curies":[{"name":"wp","href":"https:\/\/api.w.org\/{rel}","templated":true}]}}