{"id":17201,"date":"2021-09-06T06:56:08","date_gmt":"2021-09-06T06:56:08","guid":{"rendered":"http:\/\/estaciontrip.com.ar\/?p=6161"},"modified":"2021-09-06T06:56:08","modified_gmt":"2021-09-06T06:56:08","slug":"desde-el-1-de-octubre-las-provincias-podran-autorizar-los-viajes-estudiantiles","status":"publish","type":"post","link":"http:\/\/cordobadirecto.com\/index.php\/2021\/09\/06\/desde-el-1-de-octubre-las-provincias-podran-autorizar-los-viajes-estudiantiles\/","title":{"rendered":"Desde el 1\u00b0 de octubre las provincias podr\u00e1n autorizar los viajes estudiantiles"},"content":{"rendered":"<div><img src=\"http:\/\/cordobadirecto.com\/wp-content\/uploads\/2021\/09\/desde-el-1-de-octubre-las-provincias-podran-autorizar-los-viajes-estudiantiles.jpg\" class=\"ff-og-image-inserted\"><\/div>\n<p><em>As\u00ed se decidi\u00f3 entre los ministerios de Turismo y Salud de la Naci\u00f3n y abarca a todo el pa\u00eds; cada jurisdicci\u00f3n tendr\u00e1 autonom\u00eda para decidir si flexibiliza la modalidad y a partir de cu\u00e1ndo.<\/em><\/p>\n<p>A partir del 1\u00b0 de octubre, cada provincia podr\u00e1 evaluar la posibilidad de autorizar los viajes de egresados y viajes de estudios en todo el territorio nacional.<\/p>\n<p>La decisi\u00f3n fue tomada entre los ministerios de Turismo y Salud de la Naci\u00f3n, en coordinaci\u00f3n con todas las jurisdicciones del pa\u00eds y los empresarios del sector, en virtud de la disminuci\u00f3n de casos de coronavirus.<\/p>\n<p>El retorno de la actividad tur\u00edstica en todo el territorio nacional se desarrolla en el marco del cumplimiento de protocolos sanitarios elaborados por el Ministerio de Turismo y Deportes de la Naci\u00f3n en conjunto con el Instituto de Calidad Tur\u00edstica (ICTA), la C\u00e1mara Argentina de Turismo (CAT) y las provincias, a trav\u00e9s del Consejo Federal de Turismo.<\/p>\n<p>Por eso, la reactivaci\u00f3n de la actividad tur\u00edstica estudiantil de forma responsable y segura se desarrollar\u00e1 bajo un&nbsp;<strong>estricto monitoreo de los indicadores epidemiol\u00f3gicos y del cumplimiento de los protocolos sanitarios vigentes<\/strong>. Teniendo en cuenta las lecciones aprendidas en la etapa previa, as\u00ed como tambi\u00e9n la particularidad de esta actividad, se implementar\u00e1n medidas complementarias por parte de las jurisdicciones con el acuerdo de la autoridad sanitaria nacional.<\/p>\n","protected":false},"excerpt":{"rendered":"<p>As\u00ed se decidi\u00f3 entre los ministerios de Turismo y Salud de la Naci\u00f3n y abarca a todo el pa\u00eds; cada jurisdicci\u00f3n tendr\u00e1 autonom\u00eda para decidir si flexibiliza la modalidad y a partir de cu\u00e1ndo. A partir del 1\u00b0 de octubre, cada provincia podr\u00e1 evaluar la posibilidad de autorizar los viajes de egresados y viajes de [&hellip;]<\/p>\n","protected":false},"author":1,"featured_media":17202,"comment_status":"closed","ping_status":"closed","sticky":false,"template":"","format":"standard","meta":[],"categories":[22],"tags":[],"_links":{"self":[{"href":"http:\/\/cordobadirecto.com\/index.php\/wp-json\/wp\/v2\/posts\/17201"}],"collection":[{"href":"http:\/\/cordobadirecto.com\/index.php\/wp-json\/wp\/v2\/posts"}],"about":[{"href":"http:\/\/cordobadirecto.com\/index.php\/wp-json\/wp\/v2\/types\/post"}],"author":[{"embeddable":true,"href":"http:\/\/cordobadirecto.com\/index.php\/wp-json\/wp\/v2\/users\/1"}],"replies":[{"embeddable":true,"href":"http:\/\/cordobadirecto.com\/index.php\/wp-json\/wp\/v2\/comments?post=17201"}],"version-history":[{"count":0,"href":"http:\/\/cordobadirecto.com\/index.php\/wp-json\/wp\/v2\/posts\/17201\/revisions"}],"wp:featuredmedia":[{"embeddable":true,"href":"http:\/\/cordobadirecto.com\/index.php\/wp-json\/wp\/v2\/media\/17202"}],"wp:attachment":[{"href":"http:\/\/cordobadirecto.com\/index.php\/wp-json\/wp\/v2\/media?parent=17201"}],"wp:term":[{"taxonomy":"category","embeddable":true,"href":"http:\/\/cordobadirecto.com\/index.php\/wp-json\/wp\/v2\/categories?post=17201"},{"taxonomy":"post_tag","embeddable":true,"href":"http:\/\/cordobadirecto.com\/index.php\/wp-json\/wp\/v2\/tags?post=17201"}],"curies":[{"name":"wp","href":"https:\/\/api.w.org\/{rel}","templated":true}]}}