{"id":17225,"date":"2021-09-06T08:08:07","date_gmt":"2021-09-06T08:08:07","guid":{"rendered":"https:\/\/puntoapunto.com.ar\/?p=315815"},"modified":"2021-09-06T08:08:07","modified_gmt":"2021-09-06T08:08:07","slug":"alquileres-vacancia-y-compra-venta-como-estan-los-numeros-del-mercado-inmobiliario","status":"publish","type":"post","link":"http:\/\/cordobadirecto.com\/index.php\/2021\/09\/06\/alquileres-vacancia-y-compra-venta-como-estan-los-numeros-del-mercado-inmobiliario\/","title":{"rendered":"Alquileres, vacancia y compra-venta: c\u00f3mo est\u00e1n los n\u00fameros del mercado inmobiliario"},"content":{"rendered":"<p>El <strong>Centro de Estad\u00edsticas Inmobiliarias del Colegio Profesional de Inmobiliarios de C\u00f3rdoba<\/strong> difundi\u00f3 un nuevo reporte sobre la evoluci\u00f3n de los pagos de alquileres, tanto para las referencias residenciales como las comerciales.<\/p>\n<p>De acuerdo con el relevamiento del CPI,&nbsp;agosto registr\u00f3 altos niveles en el pago de alquileres de inmuebles habitacionales. El <strong>96.2% abon\u00f3 el monto total del alquiler,<\/strong> mientras que el 0.5% realiz\u00f3 pago parcial y el 3.3% no pag\u00f3.<\/p>\n<p dir=\"ltr\">Se trata del <strong>segundo nivel de pago total m\u00e1s alto<\/strong> desde que comenz\u00f3 la medici\u00f3n de Monitor, en noviembre de 2020.<\/p>\n<p dir=\"ltr\"><img loading=\"lazy\" class=\"alignnone wp-image-315816\" src=\"http:\/\/cordobadirecto.com\/wp-content\/uploads\/2021\/09\/alquileres-vacancia-y-compra-venta-como-estan-los-numeros-del-mercado-inmobiliario.png\" alt width=\"682\" height=\"682\" srcset=\"http:\/\/cordobadirecto.com\/wp-content\/uploads\/2021\/09\/alquileres-vacancia-y-compra-venta-como-estan-los-numeros-del-mercado-inmobiliario.png 300w, http:\/\/cordobadirecto.com\/wp-content\/uploads\/2021\/09\/alquileres-vacancia-y-compra-venta-como-estan-los-numeros-del-mercado-inmobiliario-3.png 150w, http:\/\/cordobadirecto.com\/wp-content\/uploads\/2021\/09\/alquileres-vacancia-y-compra-venta-como-estan-los-numeros-del-mercado-inmobiliario-4.png 768w, http:\/\/cordobadirecto.com\/wp-content\/uploads\/2021\/09\/alquileres-vacancia-y-compra-venta-como-estan-los-numeros-del-mercado-inmobiliario-5.png 696w, http:\/\/cordobadirecto.com\/wp-content\/uploads\/2021\/09\/alquileres-vacancia-y-compra-venta-como-estan-los-numeros-del-mercado-inmobiliario-6.png 420w, http:\/\/cordobadirecto.com\/wp-content\/uploads\/2021\/09\/alquileres-vacancia-y-compra-venta-como-estan-los-numeros-del-mercado-inmobiliario-7.png 1000w\" sizes=\"(max-width: 682px) 100vw, 682px\"><\/p>\n<p dir=\"ltr\">Entre los inquilinos de<strong><a href=\"https:\/\/puntoapunto.com.ar\/inmuebles-cuanto-valen-todas-las-propiedades-de-cordoba\/\" target=\"_blank\" rel=\"noopener\"> inmuebles<\/a> comerciales<\/strong>, el <strong>93.3% realiz\u00f3 pago del monto total<\/strong> del alquiler, mientras que el 1.0% realiz\u00f3 pago parcial y el 5.7% no pag\u00f3. Implica el m\u00e1ximo porcentaje de pago total desde que comenz\u00f3 la medici\u00f3n del Monitor, en noviembre de 2020.<\/p>\n<p dir=\"ltr\">Las estad\u00edsticas de vacancia de inmuebles administrados por profesionales inmobiliarios de la provincia de C\u00f3rdoba volvieron a marcar durante agosto un<strong> nivel relativamente bajo de inmuebles habitacionales desalquilados<\/strong>, 6.8% del total de inmuebles administrados, el tercer menor valor desde el inicio del Monitor, en noviembre de 2020.<\/p>\n<p dir=\"ltr\">La estad\u00edstica de<strong> vacancia en el segmento de inmuebles comerciales<\/strong> alcanz\u00f3 en agosto de 2021 un nivel de <strong>9.1%<\/strong>. Dado que esta estad\u00edstica incluye la totalidad de los inmuebles comerciales administrados por profesionales inmobiliarios de la provincia de C\u00f3rdoba, el porcentaje refleja un promedio de vacancia entre las distintas zonas de la provincia, donde existen zonas de menor vacancia (localidades del interior provincial y barrios de la ciudad de C\u00f3rdoba) y zonas de mayor vacancia (\u00e1reas c\u00e9ntricas, especialmente de la ciudad de C\u00f3rdoba).<\/p>\n<p dir=\"ltr\">Un reciente documento de trabajo del Foro de An\u00e1lisis Econ\u00f3mico del Comercio y los Servicios de la C\u00e1mara de Comercio de C\u00f3rdoba muestra que, efectivamente,<strong> la vacancia es menor al promedio provincial en barrios de la ciudad de C\u00f3rdoba<\/strong>, mayor al promedio provincial en el \u00c1rea Central y mayor a\u00fan en galer\u00edas comerciales del \u00c1rea Central.<\/p>\n<p dir=\"ltr\"><img loading=\"lazy\" class=\"alignnone wp-image-315817\" src=\"http:\/\/cordobadirecto.com\/wp-content\/uploads\/2021\/09\/alquileres-vacancia-y-compra-venta-como-estan-los-numeros-del-mercado-inmobiliario-1.png\" alt width=\"675\" height=\"675\" srcset=\"http:\/\/cordobadirecto.com\/wp-content\/uploads\/2021\/09\/alquileres-vacancia-y-compra-venta-como-estan-los-numeros-del-mercado-inmobiliario-1.png 300w, http:\/\/cordobadirecto.com\/wp-content\/uploads\/2021\/09\/alquileres-vacancia-y-compra-venta-como-estan-los-numeros-del-mercado-inmobiliario-8.png 150w, http:\/\/cordobadirecto.com\/wp-content\/uploads\/2021\/09\/alquileres-vacancia-y-compra-venta-como-estan-los-numeros-del-mercado-inmobiliario-9.png 768w, http:\/\/cordobadirecto.com\/wp-content\/uploads\/2021\/09\/alquileres-vacancia-y-compra-venta-como-estan-los-numeros-del-mercado-inmobiliario-10.png 696w, http:\/\/cordobadirecto.com\/wp-content\/uploads\/2021\/09\/alquileres-vacancia-y-compra-venta-como-estan-los-numeros-del-mercado-inmobiliario-11.png 420w, http:\/\/cordobadirecto.com\/wp-content\/uploads\/2021\/09\/alquileres-vacancia-y-compra-venta-como-estan-los-numeros-del-mercado-inmobiliario-12.png 1000w\" sizes=\"(max-width: 675px) 100vw, 675px\"><\/p>\n<p dir=\"ltr\">La composici\u00f3n de las operaciones de<strong> compra-venta de inmuebles<\/strong> en la provincia de C\u00f3rdoba durante julio de 2021 fue la siguiente: <strong>40.0% de tierras, 27.5% de departamentos, 25.0% de casas, 5.0% de campos y 2.5% de cocheras.<\/strong><\/p>\n<p dir=\"ltr\">La composici\u00f3n de las<strong> operaciones de alquiler de inmuebles<\/strong> en la provincia de C\u00f3rdoba durante julio de 2021 fue la siguiente: <strong>49.3% de departamentos,<\/strong> 33.6% de casas, 10.4% de inmuebles comerciales e industriales, 4.5% de housing, 2.2% de cocheras.<\/p>\n<div class=\"saboxplugin-wrap\" itemtype=\"http:\/\/schema.org\/Person\" itemscope itemprop=\"author\">\n<div class=\"saboxplugin-tab\">\n<div class=\"saboxplugin-gravatar\"><img loading=\"lazy\" src=\"http:\/\/cordobadirecto.com\/wp-content\/uploads\/2021\/09\/alquileres-vacancia-y-compra-venta-como-estan-los-numeros-del-mercado-inmobiliario-2.png\" width=\"100\" height=\"100\" alt itemprop=\"image\"><\/div>\n<div class=\"saboxplugin-desc\" readability=\"3.6631355932203\">\n<div itemprop=\"description\" readability=\"4.5084745762712\">\n<p>Periodista y Lic. en Comunicaci\u00f3n Social \u2013 Egresada del Colegio Universitario de Periodismo. Redacci\u00f3n Revista Punto a Punto.&nbsp; <a href=\"https:\/\/puntoapunto.com.ar\/cdn-cgi\/l\/email-protection\" class=\"__cf_email__\" data-cfemail=\"186a7d76796c7968797479626271366b587f75797174367b7775\">[email&nbsp;protected]<\/a><\/p>\n<\/div>\n<\/div>\n<\/div>\n<\/div>\n","protected":false},"excerpt":{"rendered":"<p>El Centro de Estad\u00edsticas Inmobiliarias del Colegio Profesional de Inmobiliarios de C\u00f3rdoba difundi\u00f3 un nuevo reporte sobre la evoluci\u00f3n de los pagos de alquileres, tanto para las referencias residenciales como las comerciales. De acuerdo con el relevamiento del CPI,&nbsp;agosto registr\u00f3 altos niveles en el pago de alquileres de inmuebles habitacionales. El 96.2% abon\u00f3 el monto [&hellip;]<\/p>\n","protected":false},"author":1,"featured_media":17226,"comment_status":"closed","ping_status":"closed","sticky":false,"template":"","format":"standard","meta":[],"categories":[25],"tags":[],"_links":{"self":[{"href":"http:\/\/cordobadirecto.com\/index.php\/wp-json\/wp\/v2\/posts\/17225"}],"collection":[{"href":"http:\/\/cordobadirecto.com\/index.php\/wp-json\/wp\/v2\/posts"}],"about":[{"href":"http:\/\/cordobadirecto.com\/index.php\/wp-json\/wp\/v2\/types\/post"}],"author":[{"embeddable":true,"href":"http:\/\/cordobadirecto.com\/index.php\/wp-json\/wp\/v2\/users\/1"}],"replies":[{"embeddable":true,"href":"http:\/\/cordobadirecto.com\/index.php\/wp-json\/wp\/v2\/comments?post=17225"}],"version-history":[{"count":0,"href":"http:\/\/cordobadirecto.com\/index.php\/wp-json\/wp\/v2\/posts\/17225\/revisions"}],"wp:featuredmedia":[{"embeddable":true,"href":"http:\/\/cordobadirecto.com\/index.php\/wp-json\/wp\/v2\/media\/17226"}],"wp:attachment":[{"href":"http:\/\/cordobadirecto.com\/index.php\/wp-json\/wp\/v2\/media?parent=17225"}],"wp:term":[{"taxonomy":"category","embeddable":true,"href":"http:\/\/cordobadirecto.com\/index.php\/wp-json\/wp\/v2\/categories?post=17225"},{"taxonomy":"post_tag","embeddable":true,"href":"http:\/\/cordobadirecto.com\/index.php\/wp-json\/wp\/v2\/tags?post=17225"}],"curies":[{"name":"wp","href":"https:\/\/api.w.org\/{rel}","templated":true}]}}