{"id":172387,"date":"2025-08-01T12:52:44","date_gmt":"2025-08-01T12:52:44","guid":{"rendered":"https:\/\/www.bbc.com\/mundo\/articles\/ckgex454rqdo#6"},"modified":"2025-08-01T12:52:44","modified_gmt":"2025-08-01T12:52:44","slug":"este-dia-murio-la-democracia-las-reacciones-a-la-polemica-reforma-en-el-salvador-que-permitira-la-reeleccion-presidencial-indefinida","status":"publish","type":"post","link":"http:\/\/cordobadirecto.com\/index.php\/2025\/08\/01\/este-dia-murio-la-democracia-las-reacciones-a-la-polemica-reforma-en-el-salvador-que-permitira-la-reeleccion-presidencial-indefinida\/","title":{"rendered":"&#8220;Este d\u00eda muri\u00f3 la democracia&#8221;: las reacciones a la pol\u00e9mica reforma en El Salvador que permitir\u00e1 la reelecci\u00f3n presidencial indefinida"},"content":{"rendered":"<figure class=\"bbc-1qn0xuy\" readability=\"1.5\">\n<div class=\"bbc-17ytifv\" readability=\"8\"><img src=\"http:\/\/cordobadirecto.com\/wp-content\/uploads\/2025\/08\/este-dia-murio-la-democracia-las-reacciones-a-la-polemica-reforma-en-el-salvador-que-permitira-la-reeleccion-presidencial-indefinida.webp\" srcset=\"http:\/\/cordobadirecto.com\/wp-content\/uploads\/2025\/08\/este-dia-murio-la-democracia-las-reacciones-a-la-polemica-reforma-en-el-salvador-que-permitira-la-reeleccion-presidencial-indefinida-71.webp 240w, http:\/\/cordobadirecto.com\/wp-content\/uploads\/2025\/08\/este-dia-murio-la-democracia-las-reacciones-a-la-polemica-reforma-en-el-salvador-que-permitira-la-reeleccion-presidencial-indefinida-72.webp 320w, http:\/\/cordobadirecto.com\/wp-content\/uploads\/2025\/08\/este-dia-murio-la-democracia-las-reacciones-a-la-polemica-reforma-en-el-salvador-que-permitira-la-reeleccion-presidencial-indefinida-73.webp 480w, http:\/\/cordobadirecto.com\/wp-content\/uploads\/2025\/08\/este-dia-murio-la-democracia-las-reacciones-a-la-polemica-reforma-en-el-salvador-que-permitira-la-reeleccion-presidencial-indefinida-74.webp 624w, http:\/\/cordobadirecto.com\/wp-content\/uploads\/2025\/08\/este-dia-murio-la-democracia-las-reacciones-a-la-polemica-reforma-en-el-salvador-que-permitira-la-reeleccion-presidencial-indefinida-75.webp 800w\" sizes=\"(min-width: 1008px) 760px, 100vw\" alt=\"La diputada opositora de ARENA, Marcela Villatoro, con un cartel que dice &quot;Hoy muri\u00f3 la democracia&quot; durante una sesi\u00f3n plenaria del Congreso en San Salvador\" loading=\"eager\" width=\"1024\" height=\"576\" class=\"bbc-139onq\"><\/p>\n<p class=\"bbc-by8ykd\" role=\"text\"><span class=\"bbc-m04vo2\">Fuente de la imagen, <\/span><span lang=\"en-GB\">Getty Images<\/span><\/p>\n<\/div><figcaption class=\"bbc-15f1ujd\" dir=\"ltr\"><span role=\"text\"><span class=\"bbc-m04vo2\">Pie de foto, <\/span><span data-testid=\"caption-paragraph\">La diputada opositora de ARENA, Marcela Villatoro, con un cartel que dice &#8220;Hoy muri\u00f3 la democracia&#8221; durante una sesi\u00f3n plenaria del Congreso en San Salvador.<\/span><\/span><\/figcaption><\/figure>\n<section role=\"region\" aria-labelledby=\"article-byline\"><strong id=\"article-byline\" aria-hidden=\"true\" class=\"bbc-m04vo2\">Informaci\u00f3n del art\u00edculo<\/strong><\/p>\n<ul class=\"bbc-1rvtlej\">\n<li class=\"bbc-oe8da4\">\n<ul role=\"list\" class=\"bbc-r1yif8\">\n<li><span role=\"text\"><span class=\"bbc-m04vo2\">Autor, <\/span><span class=\"bbc-of1z6f\">Redacci\u00f3n<\/span><\/span><\/li>\n<li><span role=\"text\"><span class=\"bbc-m04vo2\">T\u00edtulo del autor, <!-- --> <\/span><span class=\"bbc-1y5sx98\">BBC News Mundo<\/span><\/span><\/li>\n<\/ul>\n<\/li>\n<li class=\"bbc-12x2qfl\">\n<p><time datetime=\"2025-08-01\" class=\"bbc-1dafq0j e1mklfmt0\">1 agosto 2025<\/time><\/p>\n<\/li>\n<\/ul>\n<\/section>\n<div dir=\"ltr\" class=\"bbc-19j92fr ebmt73l0\" readability=\"8\">\n<p dir=\"ltr\" class=\"bbc-hhl7in e17g058b0\"><b>El conjunto de reformas a la Constituci\u00f3n ratificadas por el Congreso de El Salvador este jueves sigue causando pol\u00e9mica. <\/b><\/p>\n<\/div>\n<div dir=\"ltr\" class=\"bbc-19j92fr ebmt73l0\" readability=\"9\">\n<p dir=\"ltr\" class=\"bbc-hhl7in e17g058b0\">Los cambios incluyen la reelecci\u00f3n presidencial indefinida en el pa\u00eds centroamericano, una extensi\u00f3n del per\u00edodo presidencial de cinco a seis a\u00f1os y elimina la segunda vuelta en las elecciones.<\/p>\n<\/div>\n<div dir=\"ltr\" class=\"bbc-19j92fr ebmt73l0\" readability=\"10\">\n<p dir=\"ltr\" class=\"bbc-hhl7in e17g058b0\">Esto le permitir\u00e1 al presidente Nayib Bukele, quien a sus 44 a\u00f1os ejerce su segundo mandato, postularse un n\u00famero ilimitado de veces.<\/p>\n<\/div>\n<div dir=\"ltr\" class=\"bbc-19j92fr ebmt73l0\" readability=\"10\">\n<p dir=\"ltr\" class=\"bbc-hhl7in e17g058b0\">El m\u00e1ximo tribunal de El Salvador, que est\u00e1 compuesto por jueces respaldados por Bukele, dictamin\u00f3 en 2021 que era un derecho humano del l\u00edder postularse nuevamente.<\/p>\n<\/div>\n<div dir=\"ltr\" class=\"bbc-19j92fr ebmt73l0\" readability=\"9\">\n<p dir=\"ltr\" class=\"bbc-hhl7in e17g058b0\">Tras la aprobaci\u00f3n de las reformas, el presidente salvadore\u00f1o no se ha pronunciado acerca de la posibilidad de que busque un tercer periodo presidencial.<\/p>\n<\/div>\n<section data-e2e=\"recommendations-heading\" role=\"region\" aria-labelledby=\"recommendations-heading\" class=\"bbc-1o3v5ug\"><\/section>\n<div dir=\"ltr\" class=\"bbc-19j92fr ebmt73l0\" readability=\"8\">\n<p dir=\"ltr\" class=\"bbc-hhl7in e17g058b0\">Pero un creciente n\u00famero de personas y organismos han criticado la votaci\u00f3n y la posterior ratificaci\u00f3n.<\/p>\n<\/div>\n<div dir=\"ltr\" class=\"bbc-19j92fr ebmt73l0\" readability=\"7\">\n<p dir=\"ltr\" class=\"bbc-hhl7in e17g058b0\">La diputada Marcela Villatoro (ARENA) expres\u00f3 su rechazo con contundencia. <\/p>\n<\/div>\n<div dir=\"ltr\" class=\"bbc-19j92fr ebmt73l0\" readability=\"8\">\n<p dir=\"ltr\" class=\"bbc-hhl7in e17g058b0\">&#8220;Hoy ha muerto la democracia en El Salvador&#8221;, afirm\u00f3. <\/p>\n<\/div>\n<div dir=\"ltr\" class=\"bbc-19j92fr ebmt73l0\" readability=\"10\">\n<p dir=\"ltr\" class=\"bbc-hhl7in e17g058b0\">En declaraciones a la prensa, la diputada asegur\u00f3 que la reforma &#8220;fue aprobada sin consulta, de forma burda y c\u00ednica&#8221;. <\/p>\n<\/div>\n<div dir=\"ltr\" class=\"bbc-19j92fr ebmt73l0\" readability=\"9\">\n<p dir=\"ltr\" class=\"bbc-hhl7in e17g058b0\">Adem\u00e1s, acus\u00f3 al oficialismo de concentrar el poder pol\u00edtico en el ejecutivo: &#8220;Se quitaron las m\u00e1scaras&#8221;.<\/p>\n<\/div>\n<p><h2 id=\"Abuso-de-poder\" tabindex=\"-1\" class=\"bbc-1lgzob2 eglt09e0\">&#8220;Abuso de poder&#8221;<\/h2>\n<\/p>\n<div dir=\"ltr\" class=\"bbc-19j92fr ebmt73l0\" readability=\"10\">\n<p dir=\"ltr\" class=\"bbc-hhl7in e17g058b0\">La pol\u00edtica opositora Claudia Ortiz, del partido Vamos, tambi\u00e9n critic\u00f3 la reforma como &#8220;un abuso de poder y una caricatura de la democracia&#8221;.<\/p>\n<\/div>\n<div dir=\"ltr\" class=\"bbc-19j92fr ebmt73l0\" readability=\"11\">\n<p dir=\"ltr\" class=\"bbc-hhl7in e17g058b0\">Previo a la aprobaci\u00f3n del proyecto, Juanita Goebertus, directora de Human Rights Watch (HRW), afirm\u00f3 con la reelecci\u00f3n presidencial indefinida El Salvador recorre &#8220;el mismo camino que Venezuela&#8221;. <\/p>\n<\/div>\n<figure class=\"bbc-1qn0xuy\" readability=\"1.5\">\n<div class=\"bbc-17ytifv\" readability=\"8\"><img src=\"http:\/\/cordobadirecto.com\/wp-content\/uploads\/2025\/08\/este-dia-murio-la-democracia-las-reacciones-a-la-polemica-reforma-en-el-salvador-que-permitira-la-reeleccion-presidencial-indefinida-69.webp\" srcset=\"http:\/\/cordobadirecto.com\/wp-content\/uploads\/2025\/08\/este-dia-murio-la-democracia-las-reacciones-a-la-polemica-reforma-en-el-salvador-que-permitira-la-reeleccion-presidencial-indefinida-76.webp 240w, http:\/\/cordobadirecto.com\/wp-content\/uploads\/2025\/08\/este-dia-murio-la-democracia-las-reacciones-a-la-polemica-reforma-en-el-salvador-que-permitira-la-reeleccion-presidencial-indefinida-77.webp 320w, http:\/\/cordobadirecto.com\/wp-content\/uploads\/2025\/08\/este-dia-murio-la-democracia-las-reacciones-a-la-polemica-reforma-en-el-salvador-que-permitira-la-reeleccion-presidencial-indefinida-78.webp 480w, http:\/\/cordobadirecto.com\/wp-content\/uploads\/2025\/08\/este-dia-murio-la-democracia-las-reacciones-a-la-polemica-reforma-en-el-salvador-que-permitira-la-reeleccion-presidencial-indefinida-79.webp 624w, http:\/\/cordobadirecto.com\/wp-content\/uploads\/2025\/08\/este-dia-murio-la-democracia-las-reacciones-a-la-polemica-reforma-en-el-salvador-que-permitira-la-reeleccion-presidencial-indefinida-80.webp 800w\" sizes=\"(min-width: 1008px) 760px, 100vw\" alt=\"El presidente de El Salvador, Nayib Bukele, sonr\u00ede durante la inauguraci\u00f3n del Instituto Key, una instituci\u00f3n privada de educaci\u00f3n superior especializada en ingenier\u00eda y ciencias en San Salvador, el 19 de marzo de 2025\" loading=\"lazy\" width=\"1024\" height=\"682\" class=\"bbc-139onq\"><\/p>\n<p class=\"bbc-by8ykd\" role=\"text\"><span class=\"bbc-m04vo2\">Fuente de la imagen, <\/span><span lang=\"en-GB\">Getty Images<\/span><\/p>\n<\/div><figcaption class=\"bbc-15f1ujd\" dir=\"ltr\"><span role=\"text\"><span class=\"bbc-m04vo2\">Pie de foto, <\/span><span data-testid=\"caption-paragraph\">Nayib Bukele se reeligi\u00f3 como presidente de El Salvador en febrero de 2024.<\/span><\/span><\/figcaption><\/figure>\n<div dir=\"ltr\" class=\"bbc-19j92fr ebmt73l0\" readability=\"10\">\n<p dir=\"ltr\" class=\"bbc-hhl7in e17g058b0\">&#8220;Empieza con un l\u00edder que usa su popularidad para concentrar poder, y termina en dictadura&#8221;, escribi\u00f3 en la red social X.<\/p>\n<\/div>\n<div dir=\"ltr\" class=\"bbc-19j92fr ebmt73l0\" readability=\"7\">\n<p dir=\"ltr\" class=\"bbc-hhl7in e17g058b0\">Los defensores de las reformas afirman que otorgan m\u00e1s poder al pueblo. <\/p>\n<\/div>\n<div dir=\"ltr\" class=\"bbc-19j92fr ebmt73l0\" readability=\"11\">\n<p dir=\"ltr\" class=\"bbc-hhl7in e17g058b0\">&#8220;El poder ha regresado al \u00fanico lugar al que verdaderamente pertenece\u2026 al pueblo salvadore\u00f1o&#8221;, dijo la vicepresidenta del Congreso, la diputada Suecy Callejas de Nuevas Ideas, <\/p>\n<\/div>\n<p><h2 id=\"Una-medida-que-puede-deteriorar-la-democracia\" tabindex=\"-1\" class=\"bbc-1lgzob2 eglt09e0\">Una medida que puede deteriorar la democracia<\/h2>\n<\/p>\n<div dir=\"ltr\" class=\"bbc-19j92fr ebmt73l0\" readability=\"10\">\n<p dir=\"ltr\" class=\"bbc-hhl7in e17g058b0\">La reelecci\u00f3n presidencial indefinida, para expertos en la materia, puede deteriorar la democracia en tanto pone en riesgo la alternancia en el poder.<\/p>\n<\/div>\n<div dir=\"ltr\" class=\"bbc-19j92fr ebmt73l0\" readability=\"10\">\n<p dir=\"ltr\" class=\"bbc-hhl7in e17g058b0\">Nayib Bukele se reeligi\u00f3 como presidente de El Salvador en febrero de 2024 con el 82,8% de los votos, a pesar de que la Constituci\u00f3n del pa\u00eds prohib\u00eda expresamente la reelecci\u00f3n.<\/p>\n<\/div>\n<div dir=\"ltr\" class=\"bbc-19j92fr ebmt73l0\" readability=\"12\">\n<p dir=\"ltr\" class=\"bbc-hhl7in e17g058b0\">Para ello, Bukele cont\u00f3 con el apoyo de la Sala de lo Constitucional de la Corte Suprema de Justicia, conformada en su mayor\u00eda por jueces favorables a \u00e9l, que dispuso que el mandatario s\u00ed pod\u00eda reelegirse.<\/p>\n<\/div>\n<div dir=\"ltr\" class=\"bbc-19j92fr ebmt73l0\" readability=\"8\">\n<p dir=\"ltr\" class=\"bbc-hhl7in e17g058b0\">A pesar de su popularidad, Bukele sigue siendo una figura controvertida.<\/p>\n<\/div>\n<div dir=\"ltr\" class=\"bbc-19j92fr ebmt73l0\" readability=\"10\">\n<p dir=\"ltr\" class=\"bbc-hhl7in e17g058b0\">Si bien su ofensiva contra la delincuencia ha provocado una disminuci\u00f3n de las tasas de homicidios, grupos de derechos humanos afirman que miles de personas han sido arrestadas arbitrariamente durante su campa\u00f1a antipandillas.<\/p>\n<\/div>\n<div dir=\"ltr\" class=\"bbc-19j92fr ebmt73l0\" readability=\"8\">\n<p dir=\"ltr\" class=\"bbc-hhl7in e17g058b0\">Se estima que unas 75.000 personas han sido detenidas en virtud de las medidas de excepci\u00f3n que se han prorrogado reiteradamente.<\/p>\n<\/div>\n<div dir=\"ltr\" class=\"bbc-19j92fr ebmt73l0\" readability=\"9\">\n<p dir=\"ltr\" class=\"bbc-hhl7in e17g058b0\">En un informe de diciembre, Amnist\u00eda Internacional critic\u00f3 la &#8220;reemplazo gradual de la violencia de las pandillas por la violencia estatal&#8221;.<\/p>\n<\/div>\n<figure class=\"bbc-1qn0xuy\">\n<div class=\"bbc-17ytifv\"><img src=\"http:\/\/cordobadirecto.com\/wp-content\/uploads\/2025\/08\/este-dia-murio-la-democracia-las-reacciones-a-la-polemica-reforma-en-el-salvador-que-permitira-la-reeleccion-presidencial-indefinida-70.webp\" srcset=\"http:\/\/cordobadirecto.com\/wp-content\/uploads\/2025\/08\/este-dia-murio-la-democracia-las-reacciones-a-la-polemica-reforma-en-el-salvador-que-permitira-la-reeleccion-presidencial-indefinida-81.webp 240w, http:\/\/cordobadirecto.com\/wp-content\/uploads\/2025\/08\/este-dia-murio-la-democracia-las-reacciones-a-la-polemica-reforma-en-el-salvador-que-permitira-la-reeleccion-presidencial-indefinida-82.webp 320w, http:\/\/cordobadirecto.com\/wp-content\/uploads\/2025\/08\/este-dia-murio-la-democracia-las-reacciones-a-la-polemica-reforma-en-el-salvador-que-permitira-la-reeleccion-presidencial-indefinida-83.webp 480w, http:\/\/cordobadirecto.com\/wp-content\/uploads\/2025\/08\/este-dia-murio-la-democracia-las-reacciones-a-la-polemica-reforma-en-el-salvador-que-permitira-la-reeleccion-presidencial-indefinida-84.webp 624w, http:\/\/cordobadirecto.com\/wp-content\/uploads\/2025\/08\/este-dia-murio-la-democracia-las-reacciones-a-la-polemica-reforma-en-el-salvador-que-permitira-la-reeleccion-presidencial-indefinida-85.webp 800w\" sizes=\"(min-width: 1008px) 760px, 100vw\" alt=\"L\u00ednea\" loading=\"lazy\" width=\"800\" height=\"100\" class=\"bbc-139onq\"><\/div>\n<\/figure>\n<div dir=\"ltr\" class=\"bbc-19j92fr ebmt73l0\" readability=\"6.9206349206349\">\n<p dir=\"ltr\" class=\"bbc-hhl7in e17g058b0\"><a href=\"https:\/\/www.bbc.com\/mundo\/send\/u184973209\" class=\"focusIndicatorReducedWidth bbc-n8oauk e1p3sufg0\"><i class=\"bbc-h1y5j7 eih42320\">Suscr\u00edbete aqu\u00ed<\/i><\/a><i class=\"bbc-h1y5j7 eih42320\"> a nuestro nuevo newsletter para recibir cada viernes una selecci\u00f3n de nuestro mejor contenido de la semana.<\/i><\/p>\n<\/div>\n<div dir=\"ltr\" class=\"bbc-19j92fr ebmt73l0\" readability=\"8\">\n<p dir=\"ltr\" class=\"bbc-hhl7in e17g058b0\"><i class=\"bbc-h1y5j7 eih42320\">Y recuerda que puedes recibir notificaciones en nuestra app. Descarga la \u00faltima versi\u00f3n y act\u00edvalas.<\/i><\/p>\n<\/div>\n","protected":false},"excerpt":{"rendered":"<p>Fuente de la imagen, Getty Images Pie de foto, La diputada opositora de ARENA, Marcela Villatoro, con un cartel que dice &#8220;Hoy muri\u00f3 la democracia&#8221; durante una sesi\u00f3n plenaria del Congreso en San Salvador. Informaci\u00f3n del art\u00edculo Autor, Redacci\u00f3n T\u00edtulo del autor, BBC News Mundo 1 agosto 2025 El conjunto de reformas a la Constituci\u00f3n [&hellip;]<\/p>\n","protected":false},"author":1,"featured_media":0,"comment_status":"closed","ping_status":"closed","sticky":false,"template":"","format":"standard","meta":[],"categories":[],"tags":[],"_links":{"self":[{"href":"http:\/\/cordobadirecto.com\/index.php\/wp-json\/wp\/v2\/posts\/172387"}],"collection":[{"href":"http:\/\/cordobadirecto.com\/index.php\/wp-json\/wp\/v2\/posts"}],"about":[{"href":"http:\/\/cordobadirecto.com\/index.php\/wp-json\/wp\/v2\/types\/post"}],"author":[{"embeddable":true,"href":"http:\/\/cordobadirecto.com\/index.php\/wp-json\/wp\/v2\/users\/1"}],"replies":[{"embeddable":true,"href":"http:\/\/cordobadirecto.com\/index.php\/wp-json\/wp\/v2\/comments?post=172387"}],"version-history":[{"count":0,"href":"http:\/\/cordobadirecto.com\/index.php\/wp-json\/wp\/v2\/posts\/172387\/revisions"}],"wp:attachment":[{"href":"http:\/\/cordobadirecto.com\/index.php\/wp-json\/wp\/v2\/media?parent=172387"}],"wp:term":[{"taxonomy":"category","embeddable":true,"href":"http:\/\/cordobadirecto.com\/index.php\/wp-json\/wp\/v2\/categories?post=172387"},{"taxonomy":"post_tag","embeddable":true,"href":"http:\/\/cordobadirecto.com\/index.php\/wp-json\/wp\/v2\/tags?post=172387"}],"curies":[{"name":"wp","href":"https:\/\/api.w.org\/{rel}","templated":true}]}}