{"id":172392,"date":"2025-08-09T16:32:16","date_gmt":"2025-08-09T16:32:16","guid":{"rendered":"https:\/\/www.ole.com.ar\/autos\/piloto-tc-franco-colapinto-suerte-facundo-ardusso-turismo-carretera_0_z0l0dsXaMl.html"},"modified":"2025-08-09T16:32:16","modified_gmt":"2025-08-09T16:32:16","slug":"el-piloto-de-tc-que-se-acordo-de-franco-colapinto-y-tuvo-suerte-al-dia-siguiente","status":"publish","type":"post","link":"http:\/\/cordobadirecto.com\/index.php\/2025\/08\/09\/el-piloto-de-tc-que-se-acordo-de-franco-colapinto-y-tuvo-suerte-al-dia-siguiente\/","title":{"rendered":"El piloto de TC que se acord\u00f3 de Franco Colapinto y tuvo suerte al d\u00eda siguiente"},"content":{"rendered":"<p><time class=\"createDate\" datetime=\"2025-08-09T13:32:16-03:00\">09\/08\/2025 13:32hs.<\/time><\/p>\n<div id=\"storyBody\">\n<div class=\"custom-text \" readability=\"37.230769230769\">\n<p>Este fin de semana no habr\u00e1 F\u00f3rmula 1, pero el nombre de <strong><a href=\"https:\/\/www.ole.com.ar\/tema\/franco-colapinto.html\" title=\"Franco Colapinto\" alt=\"Franco Colapinto\" class=\"slug\">Franco Colapinto<\/a><\/strong> sigue circulando. En esta oportunidad, el marco para que sonara fue <strong><a href=\"https:\/\/www.ole.com.ar\/tema\/turismo-carretera.html\" title=\"Turismo Carretera\" alt=\"Turismo Carretera\" class=\"slug\">el sorteo del TC en El Villicum<\/a><\/strong>, una fecha especial que no contar\u00e1 con clasificaci\u00f3n ni series dado que la grilla de partida se defini\u00f3 por medio de un bolillero. \u00bfQu\u00e9 pas\u00f3? En s\u00edntesis, <strong><a href=\"https:\/\/www.ole.com.ar\/tema\/facundo-ardusso.html\" title=\"Facundo Ardusso\" alt=\"Facundo Ardusso\" class=\"slug\">Facundo Ardusso<\/a> sac\u00f3 la bolilla 43, n\u00famero del corredor pilarense, y se acord\u00f3 de \u00e9l<\/strong>. Se ve que recibi\u00f3 una bendici\u00f3n a la distancia, porque al d\u00eda siguiente tuvo suerte y logr\u00f3 un tremendo resultado.<\/p>\n<\/div>\n<div class=\"custom-text \" readability=\"41\">\n<p>Est\u00e1 claro que, si se lo piensa fr\u00edamente, sacar el 43 no es ninguna buena noticia porque implica largar desde el fondo en la final dominical (habr\u00e1 un total de 48 autos). De todos modos, el Flaco de Las Parejas se march\u00f3 del escenario con una sonrisa y luego, en su cuenta de X (ex Twitter), sigui\u00f3 con la buena onda: <strong>&#8220;Hermoso P43, en honor a Franquito. Espero disfruten de la carrera el domingo&#8221;<\/strong>.<\/p>\n<\/div>\n<div class=\"custom-text \" readability=\"39\">\n<p>Con esa buena energ\u00eda, Ardusso se fue a dormir, se levant\u00f3 y se dirigi\u00f3 al Honda Civic de Turismo Carretera 2000 (a no confundirlo con el TC tradicional), al que sac\u00f3 del garaje para la clasificaci\u00f3n. Terminada la jornada, <strong>el corredor de 37 a\u00f1os se qued\u00f3 con la pole position tras haber firmado un tiempo de 1m43s268<\/strong>.<\/p>\n<\/div>\n<p><h2>Mazzacane fue el m\u00e1s afortunado en el sorteo del TC en El Villicum<\/h2>\n<\/p>\n<div class=\"custom-text \" readability=\"38.550106609808\">\n<p>En el sorteo del viernes, el m\u00e1s suertudo fue <strong><a href=\"https:\/\/www.ole.com.ar\/tema\/gaston-mazzacane.html\" title=\"Gast\u00f3n Mazzacane\" alt=\"Gast\u00f3n Mazzacane\" class=\"slug\">Gast\u00f3n Mazzacane<\/a><\/strong>, quien sac\u00f3 la bolilla 1 que le permitir\u00e1 largar desde el primer puesto en la carrera del Turismo Carretera. Igualmente, eso no quiere decir que tenga una mano en el trofeo, <strong>ya que ser\u00e1 una fecha con muchas variables<\/strong> (por ejemplo, las dos paradas obligatorias en boxes cuando no se acostumbra a parar en pits). <strong>La final se pondr\u00e1 en marcha a las 12.45 del domingo y ser\u00e1 transmitida por TV P\u00fablica.<\/strong><\/p>\n<\/div>\n<div class=\"sc-e7b891c4-0 ifHnQL image-embed\"><img alt=\"Gast\u00f3n Mazzacane sac\u00f3 la bolilla #1 en el sorteo del TC en El Villicum. (Prensa ACTC)\" loading=\"lazy\" width=\"720\" height=\"100\" decoding=\"async\" data-nimg=\"1\" src=\"http:\/\/cordobadirecto.com\/wp-content\/uploads\/2025\/08\/el-piloto-de-tc-que-se-acordo-de-franco-colapinto-y-tuvo-suerte-al-dia-siguiente.jpg\"><span class=\"epigraphe\">Gast\u00f3n Mazzacane sac\u00f3 la bolilla #1 en el sorteo del TC en El Villicum. (Prensa ACTC)<\/span><\/div>\n<div class=\"custom-text \" readability=\"42\">\n<p><strong>Detr\u00e1s, completando el top 10, quedaron<\/strong>: Augusto Carinelli, Mart\u00edn V\u00e1zquez, Marcos Quijada, Diego de Carlo, Norberto Fontana, Jer\u00f3nimo Teti, Diego Azar, Tob\u00edas Mart\u00ednez y Mart\u00edn Serrano.<\/p>\n<\/div>\n<div class=\"sc-a7166897-0 eoLsBE\" readability=\"6\">\n<section readability=\"2\"><picture><img alt=\"Lo que viene para Franco Colapinto y Alpine tras los tests de Pirelli en Hungr\u00eda\" loading=\"lazy\" width=\"290\" height=\"290\" decoding=\"async\" data-nimg=\"1\" src=\"http:\/\/cordobadirecto.com\/wp-content\/uploads\/2025\/08\/el-piloto-de-tc-que-se-acordo-de-franco-colapinto-y-tuvo-suerte-al-dia-siguiente-1.jpg\"><\/picture>\n<p><span>Mir\u00e1 tambi\u00e9n<\/span><\/p>\n<hr>\n<h3>Lo que viene para Franco Colapinto y Alpine tras los tests de Pirelli en Hungr\u00eda<\/h3>\n<\/p>\n<\/section>\n<\/div>\n<div class=\"sc-a7166897-0 eoLsBE\" readability=\"6\">\n<section readability=\"2\"><picture><img alt=\"Alpine necesita vacaciones\" loading=\"lazy\" width=\"290\" height=\"290\" decoding=\"async\" data-nimg=\"1\" src=\"http:\/\/cordobadirecto.com\/wp-content\/uploads\/2025\/08\/el-piloto-de-tc-que-se-acordo-de-franco-colapinto-y-tuvo-suerte-al-dia-siguiente-2.jpg\"><\/picture>\n<p><span>Mir\u00e1 tambi\u00e9n<\/span><\/p>\n<hr>\n<h3>Alpine necesita vacaciones<\/h3>\n<\/p>\n<\/section>\n<\/div>\n<div class=\"sc-a7166897-0 eoLsBE\" readability=\"6\">\n<section readability=\"2\"><picture><img alt=\"De la foto con Mike Tyson al t\u00edtulo mundial: el d\u00eda glorioso de Mirco Cuello\" loading=\"lazy\" width=\"290\" height=\"290\" decoding=\"async\" data-nimg=\"1\" src=\"http:\/\/cordobadirecto.com\/wp-content\/uploads\/2025\/08\/el-piloto-de-tc-que-se-acordo-de-franco-colapinto-y-tuvo-suerte-al-dia-siguiente-3.jpg\"><\/picture>\n<p><span>Mir\u00e1 tambi\u00e9n<\/span><\/p>\n<hr>\n<h3>De la foto con Mike Tyson al t\u00edtulo mundial: el d\u00eda glorioso de Mirco Cuello<\/h3>\n<\/p>\n<\/section>\n<\/div>\n<div class=\"sc-a7166897-0 eoLsBE\" readability=\"6.5\">\n<section readability=\"3\"><picture><img alt=\"Qui\u00e9n es Mirco Cuello, el 43\u00ba argentino en ser campe\u00f3n mundial de boxeo\" loading=\"lazy\" width=\"290\" height=\"290\" decoding=\"async\" data-nimg=\"1\" src=\"http:\/\/cordobadirecto.com\/wp-content\/uploads\/2025\/08\/el-piloto-de-tc-que-se-acordo-de-franco-colapinto-y-tuvo-suerte-al-dia-siguiente-4.jpg\"><\/picture>\n<p><span>Mir\u00e1 tambi\u00e9n<\/span><\/p>\n<hr>\n<h3>Qui\u00e9n es Mirco Cuello, el 43\u00ba argentino en ser campe\u00f3n mundial de boxeo<\/h3>\n<\/p>\n<\/section>\n<\/div>\n<\/div>\n","protected":false},"excerpt":{"rendered":"<p>09\/08\/2025 13:32hs. Este fin de semana no habr\u00e1 F\u00f3rmula 1, pero el nombre de Franco Colapinto sigue circulando. En esta oportunidad, el marco para que sonara fue el sorteo del TC en El Villicum, una fecha especial que no contar\u00e1 con clasificaci\u00f3n ni series dado que la grilla de partida se defini\u00f3 por medio de [&hellip;]<\/p>\n","protected":false},"author":1,"featured_media":172393,"comment_status":"closed","ping_status":"closed","sticky":false,"template":"","format":"standard","meta":[],"categories":[21],"tags":[],"_links":{"self":[{"href":"http:\/\/cordobadirecto.com\/index.php\/wp-json\/wp\/v2\/posts\/172392"}],"collection":[{"href":"http:\/\/cordobadirecto.com\/index.php\/wp-json\/wp\/v2\/posts"}],"about":[{"href":"http:\/\/cordobadirecto.com\/index.php\/wp-json\/wp\/v2\/types\/post"}],"author":[{"embeddable":true,"href":"http:\/\/cordobadirecto.com\/index.php\/wp-json\/wp\/v2\/users\/1"}],"replies":[{"embeddable":true,"href":"http:\/\/cordobadirecto.com\/index.php\/wp-json\/wp\/v2\/comments?post=172392"}],"version-history":[{"count":0,"href":"http:\/\/cordobadirecto.com\/index.php\/wp-json\/wp\/v2\/posts\/172392\/revisions"}],"wp:featuredmedia":[{"embeddable":true,"href":"http:\/\/cordobadirecto.com\/index.php\/wp-json\/wp\/v2\/media\/172393"}],"wp:attachment":[{"href":"http:\/\/cordobadirecto.com\/index.php\/wp-json\/wp\/v2\/media?parent=172392"}],"wp:term":[{"taxonomy":"category","embeddable":true,"href":"http:\/\/cordobadirecto.com\/index.php\/wp-json\/wp\/v2\/categories?post=172392"},{"taxonomy":"post_tag","embeddable":true,"href":"http:\/\/cordobadirecto.com\/index.php\/wp-json\/wp\/v2\/tags?post=172392"}],"curies":[{"name":"wp","href":"https:\/\/api.w.org\/{rel}","templated":true}]}}