{"id":172398,"date":"2025-08-10T08:23:21","date_gmt":"2025-08-10T08:23:21","guid":{"rendered":"https:\/\/puntoapunto.com.ar\/?p=375780"},"modified":"2025-08-10T08:23:21","modified_gmt":"2025-08-10T08:23:21","slug":"cordoba-apuesta-a-la-innovacion-ceos-cordobeses-se-reunen-para-transformar-sus-empresas","status":"publish","type":"post","link":"http:\/\/cordobadirecto.com\/index.php\/2025\/08\/10\/cordoba-apuesta-a-la-innovacion-ceos-cordobeses-se-reunen-para-transformar-sus-empresas\/","title":{"rendered":"C\u00f3rdoba apuesta a la innovaci\u00f3n: CEOs cordobeses se re\u00fanen para transformar sus empresas"},"content":{"rendered":"<p data-start=\"374\" data-end=\"660\">En un nuevo encuentro del Club de Innovaci\u00f3n de UVITEC, veinte CEOs y directivos de empresas cordobesas participaron de una jornada de trabajo colaborativo para reflexionar sobre un desaf\u00edo com\u00fan: c\u00f3mo impulsar la innovaci\u00f3n en organizaciones con estructuras y procesos tradicionales.<\/p>\n<p data-start=\"662\" data-end=\"1103\">La actividad, organizada por UVITEC \u2014fundaci\u00f3n creada por la C\u00e1mara de Comercio Exterior de C\u00f3rdoba (CaCEC), la Uni\u00f3n Industrial de C\u00f3rdoba (UIC) y la Bolsa de Comercio de C\u00f3rdoba (BCC)\u2014, cont\u00f3 con el apoyo de Bancor, que ofici\u00f3 de anfitri\u00f3n en su Edificio Corporativo Inteligente. El desayuno comenz\u00f3 con las palabras de bienvenida de <strong data-start=\"998\" data-end=\"1015\">Ra\u00fal Paolasso<\/strong>, presidente de Bancor, y <strong data-start=\"1041\" data-end=\"1063\">Sebasti\u00e1n Santiago<\/strong>, presidente de UVITEC y CEO de Grido.<\/p>\n<p data-start=\"662\" data-end=\"1103\"><img decoding=\"async\" class=\"aligncenter size-full wp-image-375781\" src=\"http:\/\/cordobadirecto.com\/wp-content\/uploads\/2025\/08\/cordoba-apuesta-a-la-innovacion-ceos-cordobeses-se-reunen-para-transformar-sus-empresas.jpg\" alt width=\"2560\" height=\"1703\" srcset=\"http:\/\/cordobadirecto.com\/wp-content\/uploads\/2025\/08\/cordoba-apuesta-a-la-innovacion-ceos-cordobeses-se-reunen-para-transformar-sus-empresas.jpg 2560w, http:\/\/cordobadirecto.com\/wp-content\/uploads\/2025\/08\/cordoba-apuesta-a-la-innovacion-ceos-cordobeses-se-reunen-para-transformar-sus-empresas-2.jpg 300w, http:\/\/cordobadirecto.com\/wp-content\/uploads\/2025\/08\/cordoba-apuesta-a-la-innovacion-ceos-cordobeses-se-reunen-para-transformar-sus-empresas-3.jpg 1024w, http:\/\/cordobadirecto.com\/wp-content\/uploads\/2025\/08\/cordoba-apuesta-a-la-innovacion-ceos-cordobeses-se-reunen-para-transformar-sus-empresas-4.jpg 768w, http:\/\/cordobadirecto.com\/wp-content\/uploads\/2025\/08\/cordoba-apuesta-a-la-innovacion-ceos-cordobeses-se-reunen-para-transformar-sus-empresas-5.jpg 1536w, http:\/\/cordobadirecto.com\/wp-content\/uploads\/2025\/08\/cordoba-apuesta-a-la-innovacion-ceos-cordobeses-se-reunen-para-transformar-sus-empresas-6.jpg 2048w, http:\/\/cordobadirecto.com\/wp-content\/uploads\/2025\/08\/cordoba-apuesta-a-la-innovacion-ceos-cordobeses-se-reunen-para-transformar-sus-empresas-7.jpg 750w, http:\/\/cordobadirecto.com\/wp-content\/uploads\/2025\/08\/cordoba-apuesta-a-la-innovacion-ceos-cordobeses-se-reunen-para-transformar-sus-empresas-8.jpg 1140w\" sizes=\"(max-width: 2560px) 100vw, 2560px\" loading=\"lazy\"><\/p>\n<p data-start=\"1107\" data-end=\"1326\">\u201cCelebro el impulso de las c\u00e1maras por fomentar la innovaci\u00f3n entre empresas. Poder encontrarnos quienes estamos liderando procesos de transformaci\u00f3n es clave para acelerar el aprendizaje colectivo\u201d, destac\u00f3 Paolasso.<\/p>\n<p data-start=\"1328\" data-end=\"1372\"><strong data-start=\"1332\" data-end=\"1370\">Un caso real como punto de partida<\/strong><\/p>\n<p data-start=\"1373\" data-end=\"1716\">El eje de la jornada fue el estudio de caso presentado por <strong data-start=\"1432\" data-end=\"1449\">Jorge Fagiani<\/strong>, CEO de Akapol, quien comparti\u00f3 la experiencia de crear un equipo aut\u00f3nomo, interdisciplinario y sin jerarqu\u00edas dentro de una empresa de estructura tradicional. El relato incluy\u00f3 los aprendizajes y tensiones surgidas al intentar escalar esta iniciativa innovadora.<\/p>\n<p data-start=\"1718\" data-end=\"1917\">La din\u00e1mica estuvo moderada por <strong data-start=\"1750\" data-end=\"1767\">Fausto Garc\u00eda<\/strong>, Director del Centro de Emprendimiento del IAE Business School, quien gui\u00f3 el debate con preguntas estrat\u00e9gicas y ejercicios de reflexi\u00f3n conjunta.<\/p>\n<p data-start=\"1921\" data-end=\"2134\">\u201cLos estudios de caso son una din\u00e1mica que han agregado mucho valor a nuestra comunidad. No solo se lleva aprendizajes quien presenta el desaf\u00edo; todos nos vamos con ideas y preguntas valiosas\u201d, se\u00f1al\u00f3 Santiago.<\/p>\n<p data-start=\"2136\" data-end=\"2183\"><strong data-start=\"2140\" data-end=\"2181\">Reflexiones y aprendizajes colectivos<\/strong><\/p>\n<p data-start=\"2184\" data-end=\"2458\">Durante el trabajo en grupo surgieron temas clave como la gesti\u00f3n de equipos aut\u00f3nomos, el rol del liderazgo en procesos de cambio, la construcci\u00f3n de una cultura innovadora y la necesidad de modelos duales que equilibren la operaci\u00f3n actual con la exploraci\u00f3n del futuro.<\/p>\n<p data-start=\"2460\" data-end=\"2516\">Al cierre, Fagiani resalt\u00f3 el valor de la experiencia:<\/p>\n<p data-start=\"2519\" data-end=\"2697\">\u201cMe voy con una gran conversaci\u00f3n que me enriquece como profesional. Tener 20 directores acompa\u00f1ando tu desaf\u00edo es un privilegio. El esp\u00edritu de colaboraci\u00f3n fue sorprendente\u201d.<\/p>\n<p data-start=\"2519\" data-end=\"2697\"><img loading=\"lazy\" decoding=\"async\" class=\"aligncenter size-full wp-image-375782\" src=\"http:\/\/cordobadirecto.com\/wp-content\/uploads\/2025\/08\/cordoba-apuesta-a-la-innovacion-ceos-cordobeses-se-reunen-para-transformar-sus-empresas-1.jpg\" alt width=\"2560\" height=\"1703\" srcset=\"http:\/\/cordobadirecto.com\/wp-content\/uploads\/2025\/08\/cordoba-apuesta-a-la-innovacion-ceos-cordobeses-se-reunen-para-transformar-sus-empresas-1.jpg 2560w, http:\/\/cordobadirecto.com\/wp-content\/uploads\/2025\/08\/cordoba-apuesta-a-la-innovacion-ceos-cordobeses-se-reunen-para-transformar-sus-empresas-9.jpg 300w, http:\/\/cordobadirecto.com\/wp-content\/uploads\/2025\/08\/cordoba-apuesta-a-la-innovacion-ceos-cordobeses-se-reunen-para-transformar-sus-empresas-10.jpg 1024w, http:\/\/cordobadirecto.com\/wp-content\/uploads\/2025\/08\/cordoba-apuesta-a-la-innovacion-ceos-cordobeses-se-reunen-para-transformar-sus-empresas-11.jpg 768w, http:\/\/cordobadirecto.com\/wp-content\/uploads\/2025\/08\/cordoba-apuesta-a-la-innovacion-ceos-cordobeses-se-reunen-para-transformar-sus-empresas-12.jpg 1536w, http:\/\/cordobadirecto.com\/wp-content\/uploads\/2025\/08\/cordoba-apuesta-a-la-innovacion-ceos-cordobeses-se-reunen-para-transformar-sus-empresas-13.jpg 2048w, http:\/\/cordobadirecto.com\/wp-content\/uploads\/2025\/08\/cordoba-apuesta-a-la-innovacion-ceos-cordobeses-se-reunen-para-transformar-sus-empresas-14.jpg 750w, http:\/\/cordobadirecto.com\/wp-content\/uploads\/2025\/08\/cordoba-apuesta-a-la-innovacion-ceos-cordobeses-se-reunen-para-transformar-sus-empresas-15.jpg 1140w\" sizes=\"auto, (max-width: 2560px) 100vw, 2560px\"><\/p>\n<p data-start=\"2699\" data-end=\"2734\"><strong data-start=\"2703\" data-end=\"2732\">Una red activa de l\u00edderes<\/strong><\/p>\n<p data-start=\"2735\" data-end=\"3012\">El Club de Innovaci\u00f3n de UVITEC funciona desde hace m\u00e1s de una d\u00e9cada como una comunidad que hoy re\u00fane a m\u00e1s de 30 empresas l\u00edderes del ecosistema productivo cordob\u00e9s, con el objetivo de promover la confianza, el aprendizaje entre pares y la generaci\u00f3n de redes estrat\u00e9gicas.<\/p>\n<p data-start=\"3014\" data-end=\"3487\">En esta edici\u00f3n participaron: Ra\u00fal Paolasso, Guillermo Zolezzi y Juan Pablo Mon (Bancor); Sebasti\u00e1n Santiago (Helacor); Jorge Fagiani (Akapol); Jorge Riba (Dulcor); Horacio Parga (Edisur); Silvina Parra (Familia Parra); Iv\u00e1n Morero (Konekta); Silvina Grasso (Leistung); Ercole Felippa (Manfrey); Nicol\u00e1s De Biasi (Pritty); Marcelo Olmedo (Promedon); Lorena Piazze (Vidpia); Agust\u00edn \u00c1lvarez (Jemer); Leonela Ferraresi (UCC); Marcos Gasch (Iscot) y Gast\u00f3n Ceballos (Nobis).<\/p>\n","protected":false},"excerpt":{"rendered":"<p>En un nuevo encuentro del Club de Innovaci\u00f3n de UVITEC, veinte CEOs y directivos de empresas cordobesas participaron de una jornada de trabajo colaborativo para reflexionar sobre un desaf\u00edo com\u00fan: c\u00f3mo impulsar la innovaci\u00f3n en organizaciones con estructuras y procesos tradicionales. La actividad, organizada por UVITEC \u2014fundaci\u00f3n creada por la C\u00e1mara de Comercio Exterior de [&hellip;]<\/p>\n","protected":false},"author":1,"featured_media":172399,"comment_status":"closed","ping_status":"closed","sticky":false,"template":"","format":"standard","meta":[],"categories":[25],"tags":[],"_links":{"self":[{"href":"http:\/\/cordobadirecto.com\/index.php\/wp-json\/wp\/v2\/posts\/172398"}],"collection":[{"href":"http:\/\/cordobadirecto.com\/index.php\/wp-json\/wp\/v2\/posts"}],"about":[{"href":"http:\/\/cordobadirecto.com\/index.php\/wp-json\/wp\/v2\/types\/post"}],"author":[{"embeddable":true,"href":"http:\/\/cordobadirecto.com\/index.php\/wp-json\/wp\/v2\/users\/1"}],"replies":[{"embeddable":true,"href":"http:\/\/cordobadirecto.com\/index.php\/wp-json\/wp\/v2\/comments?post=172398"}],"version-history":[{"count":0,"href":"http:\/\/cordobadirecto.com\/index.php\/wp-json\/wp\/v2\/posts\/172398\/revisions"}],"wp:featuredmedia":[{"embeddable":true,"href":"http:\/\/cordobadirecto.com\/index.php\/wp-json\/wp\/v2\/media\/172399"}],"wp:attachment":[{"href":"http:\/\/cordobadirecto.com\/index.php\/wp-json\/wp\/v2\/media?parent=172398"}],"wp:term":[{"taxonomy":"category","embeddable":true,"href":"http:\/\/cordobadirecto.com\/index.php\/wp-json\/wp\/v2\/categories?post=172398"},{"taxonomy":"post_tag","embeddable":true,"href":"http:\/\/cordobadirecto.com\/index.php\/wp-json\/wp\/v2\/tags?post=172398"}],"curies":[{"name":"wp","href":"https:\/\/api.w.org\/{rel}","templated":true}]}}