{"id":172459,"date":"2025-08-10T22:49:13","date_gmt":"2025-08-10T22:49:13","guid":{"rendered":"http:\/\/cordobadirecto.com\/index.php\/2025\/08\/10\/tercer-aumento-del-ano-en-el-agua-de-cordoba-los-nuevos-valores-la-voz\/"},"modified":"2025-08-10T22:49:13","modified_gmt":"2025-08-10T22:49:13","slug":"tercer-aumento-del-ano-en-el-agua-de-cordoba-los-nuevos-valores-la-voz","status":"publish","type":"post","link":"http:\/\/cordobadirecto.com\/index.php\/2025\/08\/10\/tercer-aumento-del-ano-en-el-agua-de-cordoba-los-nuevos-valores-la-voz\/","title":{"rendered":"Tercer aumento del a\u00f1o en el agua de <b>C\u00f3rdoba<\/b>: los nuevos valores &#8211; La Voz"},"content":{"rendered":"<p>&#8230; econ\u00f3mico y social\u201d actual. Peralta tambi\u00e9n rechaz\u00f3 el ajuste y vincul\u00f3 la decisi\u00f3n con el contexto econ\u00f3mico general. Se\u00f1al\u00f3 que, aun en un&nbsp;&#8230; <\/p>\n","protected":false},"excerpt":{"rendered":"<p>&#8230; econ\u00f3mico y social\u201d actual. Peralta tambi\u00e9n rechaz\u00f3 el ajuste y vincul\u00f3 la decisi\u00f3n con el contexto econ\u00f3mico general. Se\u00f1al\u00f3 que, aun en un&nbsp;&#8230;<\/p>\n","protected":false},"author":1,"featured_media":0,"comment_status":"closed","ping_status":"closed","sticky":false,"template":"","format":"standard","meta":[],"categories":[40],"tags":[],"_links":{"self":[{"href":"http:\/\/cordobadirecto.com\/index.php\/wp-json\/wp\/v2\/posts\/172459"}],"collection":[{"href":"http:\/\/cordobadirecto.com\/index.php\/wp-json\/wp\/v2\/posts"}],"about":[{"href":"http:\/\/cordobadirecto.com\/index.php\/wp-json\/wp\/v2\/types\/post"}],"author":[{"embeddable":true,"href":"http:\/\/cordobadirecto.com\/index.php\/wp-json\/wp\/v2\/users\/1"}],"replies":[{"embeddable":true,"href":"http:\/\/cordobadirecto.com\/index.php\/wp-json\/wp\/v2\/comments?post=172459"}],"version-history":[{"count":0,"href":"http:\/\/cordobadirecto.com\/index.php\/wp-json\/wp\/v2\/posts\/172459\/revisions"}],"wp:attachment":[{"href":"http:\/\/cordobadirecto.com\/index.php\/wp-json\/wp\/v2\/media?parent=172459"}],"wp:term":[{"taxonomy":"category","embeddable":true,"href":"http:\/\/cordobadirecto.com\/index.php\/wp-json\/wp\/v2\/categories?post=172459"},{"taxonomy":"post_tag","embeddable":true,"href":"http:\/\/cordobadirecto.com\/index.php\/wp-json\/wp\/v2\/tags?post=172459"}],"curies":[{"name":"wp","href":"https:\/\/api.w.org\/{rel}","templated":true}]}}