{"id":172460,"date":"2025-08-11T02:43:37","date_gmt":"2025-08-11T02:43:37","guid":{"rendered":"https:\/\/puntoapunto.com.ar\/?p=375743"},"modified":"2025-08-11T02:43:37","modified_gmt":"2025-08-11T02:43:37","slug":"que-piensan-y-que-proyectan-los-ceos-de-las-principales-automotrices-argentinas","status":"publish","type":"post","link":"http:\/\/cordobadirecto.com\/index.php\/2025\/08\/11\/que-piensan-y-que-proyectan-los-ceos-de-las-principales-automotrices-argentinas\/","title":{"rendered":"Qu\u00e9 piensan y qu\u00e9 proyectan los CEOs de las principales automotrices argentinas"},"content":{"rendered":"<p data-start=\"916\" data-end=\"1542\"><strong data-start=\"916\" data-end=\"1057\">En el marco del <a href=\"https:\/\/www.fiac.com.ar\/\">Foro Internacional Automotriz<\/a> que se desarroll\u00f3 en C\u00f3rdoba, <\/strong>los l\u00edderes de la industria automotriz argentina coincidieron en algo m\u00e1s que diagn\u00f3sticos:<strong data-start=\"916\" data-end=\"1057\"> la urgencia en la toma de decisiones.<\/strong> Mart\u00edn Zuppi (Stellantis y ADEFA), Pablo Sibilla (Renault), Ricardo Cardozo (Iveco), Marcellus Puig (Volkswagen) y Daniel Herrero (Prestige Auto) compartieron en un panel sobre el futuro de la movilidad un an\u00e1lisis profundo sobre el presente y el porvenir del sector automotriz. Todos coincidieron en que la Argentina atraviesa un <strong data-start=\"1378\" data-end=\"1412\">\u201cmomento de cambio importante\u201d<\/strong>, en una industria que ya lleva m\u00e1s de 70 a\u00f1os de historia, pero que necesita proyectarse hacia las pr\u00f3ximas d\u00e9cadas.<!-- \u00a1O bien no hay banners, estan desactivados o no estan programados para esta ubicaci\u00f3n! -->\n<\/p>\n<p data-start=\"1546\" data-end=\"1763\">\u201c<strong>No podemos quedarnos atr\u00e1s: si no acompa\u00f1amos el cambio tecnol\u00f3gico, especialmente frente a China, vamos a perder protagonismo<\/strong>\u201d, advirti\u00f3 Zuppi, quien tambi\u00e9n preside la Asociaci\u00f3n de F\u00e1bricas de Automotores (ADEFA).\n<\/p>\n<p data-start=\"1546\" data-end=\"1763\"><img decoding=\"async\" class=\"aligncenter size-full wp-image-375745\" src=\"http:\/\/cordobadirecto.com\/wp-content\/uploads\/2025\/08\/que-piensan-y-que-proyectan-los-ceos-de-las-principales-automotrices-argentinas.jpg\" alt width=\"1620\" height=\"1080\" srcset=\"http:\/\/cordobadirecto.com\/wp-content\/uploads\/2025\/08\/que-piensan-y-que-proyectan-los-ceos-de-las-principales-automotrices-argentinas.jpg 1620w, http:\/\/cordobadirecto.com\/wp-content\/uploads\/2025\/08\/que-piensan-y-que-proyectan-los-ceos-de-las-principales-automotrices-argentinas-3.jpg 300w, http:\/\/cordobadirecto.com\/wp-content\/uploads\/2025\/08\/que-piensan-y-que-proyectan-los-ceos-de-las-principales-automotrices-argentinas-4.jpg 1024w, http:\/\/cordobadirecto.com\/wp-content\/uploads\/2025\/08\/que-piensan-y-que-proyectan-los-ceos-de-las-principales-automotrices-argentinas-5.jpg 768w, http:\/\/cordobadirecto.com\/wp-content\/uploads\/2025\/08\/que-piensan-y-que-proyectan-los-ceos-de-las-principales-automotrices-argentinas-6.jpg 1536w, http:\/\/cordobadirecto.com\/wp-content\/uploads\/2025\/08\/que-piensan-y-que-proyectan-los-ceos-de-las-principales-automotrices-argentinas-7.jpg 750w, http:\/\/cordobadirecto.com\/wp-content\/uploads\/2025\/08\/que-piensan-y-que-proyectan-los-ceos-de-las-principales-automotrices-argentinas-8.jpg 1140w\" sizes=\"(max-width: 1620px) 100vw, 1620px\" loading=\"lazy\">\n<\/p>\n<p data-start=\"1809\" data-end=\"2189\">El sector <a href=\"https:\/\/puntoapunto.com.ar\/el-foro-internacional-automotriz-y-auto-show-2025-ponen-primera-en-cordoba\/\">automotor<\/a> mundial est\u00e1 en plena transformaci\u00f3n. El avance hacia la electrificaci\u00f3n, la conectividad, la automatizaci\u00f3n y nuevos modelos de negocio est\u00e1n redefiniendo no solo el producto, sino todo el ecosistema industrial. <strong data-start=\"2042\" data-end=\"2135\">Argentina, como uno de los 30 pa\u00edses que producen m\u00e1s de medio mill\u00f3n de veh\u00edculos al a\u00f1o<\/strong>, debe decidir si se suma a esta ola o queda rezagada.\n<\/p>\n<p data-start=\"2191\" data-end=\"2422\">Zuppi destac\u00f3 la necesidad de inversi\u00f3n, infraestructura, adaptaci\u00f3n tecnol\u00f3gica y previsibilidad macroecon\u00f3mica. \u201c<strong>El ecosistema automotor est\u00e1 cambiando en todo el mundo. Si no nos enganchamos, nos vamos a quedar afuera<\/strong>\u201d, remarc\u00f3.<!-- \u00a1O bien no hay banners, estan desactivados o no estan programados para esta ubicaci\u00f3n! -->\n<\/p>\n<p data-start=\"2424\" data-end=\"2471\"><strong>Competitividad: el gran objetivo compartido<\/strong><\/p>\n<p data-start=\"2473\" data-end=\"2678\"><strong data-start=\"2473\" data-end=\"2494\">La competitividad<\/strong> fue el concepto que m\u00e1s se repiti\u00f3. Desde diferentes perspectivas, todos los oradores coincidieron en que lograr una industria competitiva requiere esfuerzos coordinados y sostenidos.\n<\/p>\n<p data-start=\"2680\" data-end=\"3083\">Pablo Sibilla puso el foco en <strong data-start=\"2710\" data-end=\"2742\">la infraestructura log\u00edstica<\/strong>, particularmente en la recuperaci\u00f3n del tren para exportar veh\u00edculos desde C\u00f3rdoba, lo que reducir\u00eda costos y mejorar\u00eda el acceso a los puertos. Marcellus Puig, por su parte, destac\u00f3 la importancia de <strong data-start=\"2944\" data-end=\"2986\">una pol\u00edtica industrial de largo plazo<\/strong>, con reglas claras e incentivos sostenidos como los programas Inovar Auto o Rota 2030 de Brasil.\n<\/p>\n<p data-start=\"2680\" data-end=\"3083\"><img loading=\"lazy\" decoding=\"async\" class=\"aligncenter size-full wp-image-375746\" src=\"http:\/\/cordobadirecto.com\/wp-content\/uploads\/2025\/08\/que-piensan-y-que-proyectan-los-ceos-de-las-principales-automotrices-argentinas-1.jpg\" alt width=\"1620\" height=\"1080\" srcset=\"http:\/\/cordobadirecto.com\/wp-content\/uploads\/2025\/08\/que-piensan-y-que-proyectan-los-ceos-de-las-principales-automotrices-argentinas-1.jpg 1620w, http:\/\/cordobadirecto.com\/wp-content\/uploads\/2025\/08\/que-piensan-y-que-proyectan-los-ceos-de-las-principales-automotrices-argentinas-9.jpg 300w, http:\/\/cordobadirecto.com\/wp-content\/uploads\/2025\/08\/que-piensan-y-que-proyectan-los-ceos-de-las-principales-automotrices-argentinas-10.jpg 1024w, http:\/\/cordobadirecto.com\/wp-content\/uploads\/2025\/08\/que-piensan-y-que-proyectan-los-ceos-de-las-principales-automotrices-argentinas-11.jpg 768w, http:\/\/cordobadirecto.com\/wp-content\/uploads\/2025\/08\/que-piensan-y-que-proyectan-los-ceos-de-las-principales-automotrices-argentinas-12.jpg 1536w, http:\/\/cordobadirecto.com\/wp-content\/uploads\/2025\/08\/que-piensan-y-que-proyectan-los-ceos-de-las-principales-automotrices-argentinas-13.jpg 750w, http:\/\/cordobadirecto.com\/wp-content\/uploads\/2025\/08\/que-piensan-y-que-proyectan-los-ceos-de-las-principales-automotrices-argentinas-14.jpg 1140w\" sizes=\"auto, (max-width: 1620px) 100vw, 1620px\">\n<\/p>\n<p data-start=\"3085\" data-end=\"3282\">Daniel Herrero fue claro: \u201c<strong>La competitividad no es un problema s\u00f3lo de las terminales. Es una estrategia compartida. Necesitamos orden en lo urgente, pero tambi\u00e9n transformaci\u00f3n en lo estructural<\/strong>\u201d.\n<\/p>\n<p data-start=\"3284\" data-end=\"3319\"><strong>Inversiones que marcan el rumbo<\/strong>\n<\/p>\n<p data-start=\"3321\" data-end=\"3424\">A pesar de los desaf\u00edos, las automotrices siguen apostando por el pa\u00eds con <strong data-start=\"3396\" data-end=\"3423\">inversiones millonarias<\/strong>:\n<\/p>\n<ul data-start=\"3426\" data-end=\"4115\" readability=\"4.5\">\n<li data-start=\"3426\" data-end=\"3612\" readability=\"1\">\n<p data-start=\"3428\" data-end=\"3612\"><strong data-start=\"3428\" data-end=\"3466\">Renault invertir\u00e1 US$ 350 millones<\/strong> en el desarrollo de una pickup mediana, proyecto que transformar\u00e1 la f\u00e1brica de Santa Isabel en un hub de veh\u00edculos utilitarios para exportaci\u00f3n.\n<\/p>\n<\/li>\n<li data-start=\"3613\" data-end=\"3748\" readability=\"1\">\n<p data-start=\"3615\" data-end=\"3748\"><strong data-start=\"3615\" data-end=\"3656\">Volkswagen destinar\u00e1 US$ 580 millones<\/strong> para una nueva Amarok en Pacheco, con lanzamiento en 2027 y fuerte orientaci\u00f3n exportadora.\n<\/p>\n<\/li>\n<li data-start=\"3749\" data-end=\"3896\" readability=\"1\">\n<p data-start=\"3751\" data-end=\"3896\"><strong data-start=\"3751\" data-end=\"3780\">Iveco lanz\u00f3 motores a gas<\/strong> para exportaci\u00f3n desde C\u00f3rdoba, aprovechando el potencial de Vaca Muerta y la tendencia hacia energ\u00edas m\u00e1s limpias.\n<\/p>\n<\/li>\n<li data-start=\"3897\" data-end=\"4019\" readability=\"0\">\n<p data-start=\"3899\" data-end=\"4019\"><strong data-start=\"3899\" data-end=\"3942\">Stellantis desarroll\u00f3 un hub de pickups<\/strong> con la Fiat Titano y tiene planes de nuevos modelos y producci\u00f3n de motores.\n<\/p>\n<\/li>\n<\/ul>\n<p data-start=\"4117\" data-end=\"4153\"><strong>Exportaci\u00f3n como eje estrat\u00e9gico<\/strong>\n<\/p>\n<p data-start=\"4155\" data-end=\"4428\">La <strong data-start=\"4158\" data-end=\"4173\">exportaci\u00f3n<\/strong> aparece como la \u00fanica v\u00eda sostenible para que las terminales argentinas mantengan su escala y competitividad. Sin embargo, las trabas estructurales persisten: <strong data-start=\"4333\" data-end=\"4427\">retenciones, carga fiscal, falta de acuerdos comerciales y ausencia de estrategia nacional<\/strong>.\n<\/p>\n<p data-start=\"4155\" data-end=\"4428\"><img loading=\"lazy\" decoding=\"async\" class=\"aligncenter size-full wp-image-375747\" src=\"http:\/\/cordobadirecto.com\/wp-content\/uploads\/2025\/08\/que-piensan-y-que-proyectan-los-ceos-de-las-principales-automotrices-argentinas-2.jpg\" alt width=\"1620\" height=\"1080\" srcset=\"http:\/\/cordobadirecto.com\/wp-content\/uploads\/2025\/08\/que-piensan-y-que-proyectan-los-ceos-de-las-principales-automotrices-argentinas-2.jpg 1620w, http:\/\/cordobadirecto.com\/wp-content\/uploads\/2025\/08\/que-piensan-y-que-proyectan-los-ceos-de-las-principales-automotrices-argentinas-15.jpg 300w, http:\/\/cordobadirecto.com\/wp-content\/uploads\/2025\/08\/que-piensan-y-que-proyectan-los-ceos-de-las-principales-automotrices-argentinas-16.jpg 1024w, http:\/\/cordobadirecto.com\/wp-content\/uploads\/2025\/08\/que-piensan-y-que-proyectan-los-ceos-de-las-principales-automotrices-argentinas-17.jpg 768w, http:\/\/cordobadirecto.com\/wp-content\/uploads\/2025\/08\/que-piensan-y-que-proyectan-los-ceos-de-las-principales-automotrices-argentinas-18.jpg 1536w, http:\/\/cordobadirecto.com\/wp-content\/uploads\/2025\/08\/que-piensan-y-que-proyectan-los-ceos-de-las-principales-automotrices-argentinas-19.jpg 750w, http:\/\/cordobadirecto.com\/wp-content\/uploads\/2025\/08\/que-piensan-y-que-proyectan-los-ceos-de-las-principales-automotrices-argentinas-20.jpg 1140w\" sizes=\"auto, (max-width: 1620px) 100vw, 1620px\">\n<\/p>\n<p data-start=\"4430\" data-end=\"4732\">\u201cLa industria automotriz argentina exporta con una carga impositiva del 13 al 16%, mientras que M\u00e9xico lo hace con cero. Es muy dif\u00edcil competir as\u00ed\u201d, se\u00f1al\u00f3 Zuppi. La comparaci\u00f3n con Brasil es inevitable: mientras all\u00ed se protege y estimula a la industria, en Argentina a\u00fan no se ha definido un rumbo.\n<\/p>\n<p data-start=\"4736\" data-end=\"4875\">\u201c<strong>Exportar no puede ser una odisea\u201d<\/strong>, resumi\u00f3 Herrero. \u201cNecesitamos un pa\u00eds que piense su estrategia productiva como una pol\u00edtica de Estado\u201d.\n<\/p>\n<p data-start=\"4877\" data-end=\"4919\"><strong>Competencia china: \u00bfdesaf\u00edo o amenaza?<\/strong>\n<\/p>\n<p data-start=\"4921\" data-end=\"5165\">La llegada masiva de marcas chinas genera preocupaci\u00f3n en el sector. \u201cCompetimos contra un Estado, no contra una empresa\u201d, alert\u00f3 Herrero, destacando el nivel de subsidios, escalas y dumping tecnol\u00f3gico que caracteriza a los fabricantes chinos.\n<\/p>\n<p data-start=\"5167\" data-end=\"5432\">Frente a eso, la industria local propone <strong data-start=\"5208\" data-end=\"5247\">reglas de juego claras y sim\u00e9tricas<\/strong>. \u201cEstamos listos para competir, pero con las mismas condiciones\u201d, remarcaron todos los oradores. El desarrollo de proveedores locales y la previsibilidad regulatoria son fundamentales.\n<\/p>\n<p data-start=\"5434\" data-end=\"5494\"><strong>Energ\u00edas del futuro: un camino incierto, pero inevitable<\/strong>\n<\/p>\n<p data-start=\"5496\" data-end=\"5825\">El panel tambi\u00e9n abord\u00f3 la <strong data-start=\"5523\" data-end=\"5548\">transici\u00f3n energ\u00e9tica<\/strong>. Coinciden en que el futuro ser\u00e1 multienerg\u00e9tico, con coexistencia de tecnolog\u00edas: gas natural como energ\u00eda de transici\u00f3n (clave para el transporte de cargas y pasajeros), veh\u00edculos el\u00e9ctricos para la \u00faltima milla y eventualmente h\u00edbridos, hidr\u00f3geno y combustibles sint\u00e9ticos.\n<\/p>\n<p data-start=\"5829\" data-end=\"5970\">\u201cHoy estamos como cuando ten\u00edas casetes, CDs y vinilos al mismo tiempo. A\u00fan no est\u00e1 claro qu\u00e9 tecnolog\u00eda ser\u00e1 la dominante\u201d, grafic\u00f3 Sibilla.\n<\/p>\n<p data-start=\"5972\" data-end=\"6160\">Argentina, con gas abundante, mano de obra calificada y una industria con capacidad ociosa, podr\u00eda ocupar un lugar estrat\u00e9gico si se acelera la inversi\u00f3n en infraestructura y capacitaci\u00f3n.\n<\/p>\n<p data-start=\"6196\" data-end=\"6499\">Los empresarios coinciden en que la industria automotriz argentina tiene una oportunidad real de reposicionarse regionalmente. Las inversiones est\u00e1n, la capacidad tambi\u00e9n. Pero sin un <strong data-start=\"6347\" data-end=\"6376\">plan estrat\u00e9gico nacional<\/strong>, con incentivos, marco fiscal competitivo y di\u00e1logo p\u00fablico-privado sostenido, el riesgo de perder relevancia es concreto.\n<\/p>\n<div class=\"g g-38\">\n<div class=\"g-dyn a-12 c-1\"><a class=\"gofollow\" data-track=\"MTIsMzgsMSw2MA==\" href=\"https:\/\/hospitalprivado.com.ar\/\" target=\"_blank\" rel=\"noopener\"><img src=\"http:\/\/cordobadirecto.com\/wp-content\/uploads\/2025\/08\/que-piensan-y-que-proyectan-los-ceos-de-las-principales-automotrices-argentinas.gif\" loading=\"lazy\"><\/a><\/div>\n<\/div>\n","protected":false},"excerpt":{"rendered":"<p>En el marco del Foro Internacional Automotriz que se desarroll\u00f3 en C\u00f3rdoba, los l\u00edderes de la industria automotriz argentina coincidieron en algo m\u00e1s que diagn\u00f3sticos: la urgencia en la toma de decisiones. Mart\u00edn Zuppi (Stellantis y ADEFA), Pablo Sibilla (Renault), Ricardo Cardozo (Iveco), Marcellus Puig (Volkswagen) y Daniel Herrero (Prestige Auto) compartieron en un panel [&hellip;]<\/p>\n","protected":false},"author":1,"featured_media":172461,"comment_status":"closed","ping_status":"closed","sticky":false,"template":"","format":"standard","meta":[],"categories":[25],"tags":[],"_links":{"self":[{"href":"http:\/\/cordobadirecto.com\/index.php\/wp-json\/wp\/v2\/posts\/172460"}],"collection":[{"href":"http:\/\/cordobadirecto.com\/index.php\/wp-json\/wp\/v2\/posts"}],"about":[{"href":"http:\/\/cordobadirecto.com\/index.php\/wp-json\/wp\/v2\/types\/post"}],"author":[{"embeddable":true,"href":"http:\/\/cordobadirecto.com\/index.php\/wp-json\/wp\/v2\/users\/1"}],"replies":[{"embeddable":true,"href":"http:\/\/cordobadirecto.com\/index.php\/wp-json\/wp\/v2\/comments?post=172460"}],"version-history":[{"count":0,"href":"http:\/\/cordobadirecto.com\/index.php\/wp-json\/wp\/v2\/posts\/172460\/revisions"}],"wp:featuredmedia":[{"embeddable":true,"href":"http:\/\/cordobadirecto.com\/index.php\/wp-json\/wp\/v2\/media\/172461"}],"wp:attachment":[{"href":"http:\/\/cordobadirecto.com\/index.php\/wp-json\/wp\/v2\/media?parent=172460"}],"wp:term":[{"taxonomy":"category","embeddable":true,"href":"http:\/\/cordobadirecto.com\/index.php\/wp-json\/wp\/v2\/categories?post=172460"},{"taxonomy":"post_tag","embeddable":true,"href":"http:\/\/cordobadirecto.com\/index.php\/wp-json\/wp\/v2\/tags?post=172460"}],"curies":[{"name":"wp","href":"https:\/\/api.w.org\/{rel}","templated":true}]}}