{"id":172470,"date":"2025-08-11T13:42:08","date_gmt":"2025-08-11T13:42:08","guid":{"rendered":"http:\/\/cordobadirecto.com\/index.php\/2025\/08\/11\/las-ventas-minoristas-siguen-en-caida-en-julio-disminuyeron-un-2-frente-a-junio-y-un-57\/"},"modified":"2025-08-11T13:42:08","modified_gmt":"2025-08-11T13:42:08","slug":"las-ventas-minoristas-siguen-en-caida-en-julio-disminuyeron-un-2-frente-a-junio-y-un-57","status":"publish","type":"post","link":"http:\/\/cordobadirecto.com\/index.php\/2025\/08\/11\/las-ventas-minoristas-siguen-en-caida-en-julio-disminuyeron-un-2-frente-a-junio-y-un-57\/","title":{"rendered":"Las ventas minoristas siguen en ca\u00edda: en julio disminuyeron un 2% frente a junio y un 5,7 &#8230;"},"content":{"rendered":"<p>El aguinaldo y el turismo de invierno no alteraron la tendencia. <b>Econom\u00eda<\/b>11\/08\/2025 Redacci\u00f3n La <b>Nueva<\/b> Ma\u00f1ana &#8230; Provincia de <b>C\u00f3rdoba<\/b>&nbsp;&#8230; <\/p>\n","protected":false},"excerpt":{"rendered":"<p>El aguinaldo y el turismo de invierno no alteraron la tendencia. Econom\u00eda11\/08\/2025 Redacci\u00f3n La Nueva Ma\u00f1ana &#8230; Provincia de C\u00f3rdoba&nbsp;&#8230;<\/p>\n","protected":false},"author":1,"featured_media":0,"comment_status":"closed","ping_status":"closed","sticky":false,"template":"","format":"standard","meta":[],"categories":[40],"tags":[],"_links":{"self":[{"href":"http:\/\/cordobadirecto.com\/index.php\/wp-json\/wp\/v2\/posts\/172470"}],"collection":[{"href":"http:\/\/cordobadirecto.com\/index.php\/wp-json\/wp\/v2\/posts"}],"about":[{"href":"http:\/\/cordobadirecto.com\/index.php\/wp-json\/wp\/v2\/types\/post"}],"author":[{"embeddable":true,"href":"http:\/\/cordobadirecto.com\/index.php\/wp-json\/wp\/v2\/users\/1"}],"replies":[{"embeddable":true,"href":"http:\/\/cordobadirecto.com\/index.php\/wp-json\/wp\/v2\/comments?post=172470"}],"version-history":[{"count":0,"href":"http:\/\/cordobadirecto.com\/index.php\/wp-json\/wp\/v2\/posts\/172470\/revisions"}],"wp:attachment":[{"href":"http:\/\/cordobadirecto.com\/index.php\/wp-json\/wp\/v2\/media?parent=172470"}],"wp:term":[{"taxonomy":"category","embeddable":true,"href":"http:\/\/cordobadirecto.com\/index.php\/wp-json\/wp\/v2\/categories?post=172470"},{"taxonomy":"post_tag","embeddable":true,"href":"http:\/\/cordobadirecto.com\/index.php\/wp-json\/wp\/v2\/tags?post=172470"}],"curies":[{"name":"wp","href":"https:\/\/api.w.org\/{rel}","templated":true}]}}