{"id":172471,"date":"2025-08-11T14:28:33","date_gmt":"2025-08-11T14:28:33","guid":{"rendered":"https:\/\/cordoba.gob.ar\/?p=80057"},"modified":"2025-08-11T14:28:33","modified_gmt":"2025-08-11T14:28:33","slug":"los-cpc-mercantil-ruta-20-capdevila-chalet-san-felipe-y-general-paz-abriran-de-lunes-a-jueves-con-horario-extendido","status":"publish","type":"post","link":"http:\/\/cordobadirecto.com\/index.php\/2025\/08\/11\/los-cpc-mercantil-ruta-20-capdevila-chalet-san-felipe-y-general-paz-abriran-de-lunes-a-jueves-con-horario-extendido\/","title":{"rendered":"Los CPC Mercantil, Ruta 20, Capdevila, Chalet San Felipe y General Paz abrir\u00e1n de lunes a jueves con horario extendido"},"content":{"rendered":"<div><img src=\"http:\/\/cordobadirecto.com\/wp-content\/uploads\/2025\/08\/los-cpc-mercantil-ruta-20-capdevila-chalet-san-felipe-y-general-paz-abriran-de-lunes-a-jueves-con-horario-extendido.jpg\" class=\"ff-og-image-inserted\"><\/div>\n<ul>\n<li><strong>El viernes y s\u00e1bado no habr\u00e1 atenci\u00f3n debido al feriado por el Paso a la Inmortalidad del General Jos\u00e9 de San Mart\u00edn.<\/strong><\/li>\n<\/ul>\n<hr>\n<p>Esta semana cinco Centros de Participaci\u00f3n Comunal ampliar\u00e1n su horario de atenci\u00f3n para realizar tr\u00e1mites de lunes a jueves de 8:00 a 18:00 horas.<\/p>\n<p>Se trata de los CPC Mercantil, Ruta 20, Capdevila, Chalet San Felipe y General Paz, mientras que el resto de los CPC funcionar\u00e1 en su horario habitual de 8:00 a 14:00 horas de lunes a jueves.<\/p>\n<p>De esta manera, quienes no puedan asistir al CPC por la ma\u00f1ana tendr\u00e1n la posibilidad de realizar sus tr\u00e1mites habituales durante la tarde.<\/p>\n<p>Este viernes y s\u00e1bado no habr\u00e1 atenci\u00f3n debido al feriado por el Paso a la Inmortalidad del General Jos\u00e9 de San Mart\u00edn.<\/p>\n<p>Ubicaci\u00f3n de los Centros de Participaci\u00f3n Comunal con horario extendido:<\/p>\n<p>CPC Capdevila: Federico Rauch 2708.<\/p>\n<p>CPC Chalet San Felipe: Diego de Torres 2731.<\/p>\n<p>CPC General Paz: Catamarca 1251,<\/p>\n<p>CPC Mercantil: Onofre Marimon y C. Buchardo.<\/p>\n<p>CPC Ruta 20: Av. Fuerza A\u00e9rea Argentina&nbsp;4363.<\/p>\n","protected":false},"excerpt":{"rendered":"<p>El viernes y s\u00e1bado no habr\u00e1 atenci\u00f3n debido al feriado por el Paso a la Inmortalidad del General Jos\u00e9 de San Mart\u00edn. Esta semana cinco Centros de Participaci\u00f3n Comunal ampliar\u00e1n su horario de atenci\u00f3n para realizar tr\u00e1mites de lunes a jueves de 8:00 a 18:00 horas. Se trata de los CPC Mercantil, Ruta 20, Capdevila, [&hellip;]<\/p>\n","protected":false},"author":1,"featured_media":172472,"comment_status":"closed","ping_status":"closed","sticky":false,"template":"","format":"standard","meta":[],"categories":[44],"tags":[],"_links":{"self":[{"href":"http:\/\/cordobadirecto.com\/index.php\/wp-json\/wp\/v2\/posts\/172471"}],"collection":[{"href":"http:\/\/cordobadirecto.com\/index.php\/wp-json\/wp\/v2\/posts"}],"about":[{"href":"http:\/\/cordobadirecto.com\/index.php\/wp-json\/wp\/v2\/types\/post"}],"author":[{"embeddable":true,"href":"http:\/\/cordobadirecto.com\/index.php\/wp-json\/wp\/v2\/users\/1"}],"replies":[{"embeddable":true,"href":"http:\/\/cordobadirecto.com\/index.php\/wp-json\/wp\/v2\/comments?post=172471"}],"version-history":[{"count":0,"href":"http:\/\/cordobadirecto.com\/index.php\/wp-json\/wp\/v2\/posts\/172471\/revisions"}],"wp:featuredmedia":[{"embeddable":true,"href":"http:\/\/cordobadirecto.com\/index.php\/wp-json\/wp\/v2\/media\/172472"}],"wp:attachment":[{"href":"http:\/\/cordobadirecto.com\/index.php\/wp-json\/wp\/v2\/media?parent=172471"}],"wp:term":[{"taxonomy":"category","embeddable":true,"href":"http:\/\/cordobadirecto.com\/index.php\/wp-json\/wp\/v2\/categories?post=172471"},{"taxonomy":"post_tag","embeddable":true,"href":"http:\/\/cordobadirecto.com\/index.php\/wp-json\/wp\/v2\/tags?post=172471"}],"curies":[{"name":"wp","href":"https:\/\/api.w.org\/{rel}","templated":true}]}}