{"id":172475,"date":"2025-08-11T21:12:55","date_gmt":"2025-08-11T21:12:55","guid":{"rendered":"https:\/\/puntoapunto.com.ar\/?p=375856"},"modified":"2025-08-11T21:12:55","modified_gmt":"2025-08-11T21:12:55","slug":"orgullosamente-manisera-la-publicidad-de-wanda-nara-junto-a-la-cordobesa-mani-king","status":"publish","type":"post","link":"http:\/\/cordobadirecto.com\/index.php\/2025\/08\/11\/orgullosamente-manisera-la-publicidad-de-wanda-nara-junto-a-la-cordobesa-mani-king\/","title":{"rendered":"\u201cOrgullosamente Manisera\u201d: la publicidad de Wanda Nara junto a la cordobesa Man\u00ed King"},"content":{"rendered":"<p data-start=\"233\" data-end=\"487\">La modelo, empresaria y figura medi\u00e1tica <strong>Wanda Nara protagoniza la nueva campa\u00f1a publicitaria de Man\u00ed King<\/strong>, la marca cordobesa de snacks y man\u00ed. Bajo el lema <strong data-start=\"502\" data-end=\"531\">\u201cOrgullosamente Manisera\u201d<\/strong>, la campa\u00f1a busca conectar con un p\u00fablico joven y diverso.<\/p>\n<p data-start=\"233\" data-end=\"487\">\u201cEstoy feliz de sumarme a un proyecto tan divertido y popular como Man\u00ed King. Es una marca con mucho arraigo en Argentina y me encanta la idea de aportar mi energ\u00eda para llegar a m\u00e1s personas\u201d, expres\u00f3.<\/p>\n<p data-start=\"923\" data-end=\"1216\">La estrategia publicitaria fue dise\u00f1ada y ejecutada por Infinity Media, agencia integrante del ecosistema TogetherWith, y representa para Wanda un paso estrat\u00e9gico para ampliar su imagen m\u00e1s all\u00e1 del mundo del entretenimiento y el deporte, diversificando su presencia en el \u00e1mbito empresarial.<\/p>\n<p data-start=\"923\" data-end=\"1216\"><img decoding=\"async\" class=\"aligncenter size-full wp-image-375859\" src=\"http:\/\/cordobadirecto.com\/wp-content\/uploads\/2025\/08\/orgullosamente-manisera-la-publicidad-de-wanda-nara-junto-a-la-cordobesa-mani-king.jpg\" alt width=\"832\" height=\"400\" srcset=\"http:\/\/cordobadirecto.com\/wp-content\/uploads\/2025\/08\/orgullosamente-manisera-la-publicidad-de-wanda-nara-junto-a-la-cordobesa-mani-king.jpg 832w, http:\/\/cordobadirecto.com\/wp-content\/uploads\/2025\/08\/orgullosamente-manisera-la-publicidad-de-wanda-nara-junto-a-la-cordobesa-mani-king-1.jpg 300w, http:\/\/cordobadirecto.com\/wp-content\/uploads\/2025\/08\/orgullosamente-manisera-la-publicidad-de-wanda-nara-junto-a-la-cordobesa-mani-king-2.jpg 768w, http:\/\/cordobadirecto.com\/wp-content\/uploads\/2025\/08\/orgullosamente-manisera-la-publicidad-de-wanda-nara-junto-a-la-cordobesa-mani-king-3.jpg 750w\" sizes=\"(max-width: 832px) 100vw, 832px\" loading=\"lazy\"><\/p>\n<p data-start=\"1218\" data-end=\"1528\">El impacto de la campa\u00f1a fue inmediato: en solo una hora, el video publicitario super\u00f3 los 2 millones de visualizaciones y, a las 18 horas, hab\u00eda alcanzado m\u00e1s de 10 millones de vistas. Las redes sociales de Man\u00ed King experimentaron un crecimiento notable, con m\u00e1s de 10.000 seguidores nuevos en tiempo r\u00e9cord.<\/p>\n<p data-start=\"1218\" data-end=\"1528\">Adem\u00e1s, la activaci\u00f3n gener\u00f3 miles de menciones, reacciones y r\u00e9plicas en plataformas como X (Twitter), Instagram, TikTok, Twitch, medios digitales y programas de streaming, convirti\u00e9ndose en uno de los temas m\u00e1s comentados del momento.<\/p>\n<p><iframe loading=\"lazy\" title=\"\u201cOrgullosamente Manisera\u201d: la publicidad de Wanda Nara junto a la cordobesa Man\u00ed King\" width=\"500\" height=\"281\" src=\"https:\/\/www.youtube.com\/embed\/dBLjhdHfJI8?feature=oembed\" frameborder=\"0\" allow=\"accelerometer; autoplay; clipboard-write; encrypted-media; gyroscope; picture-in-picture; web-share\" referrerpolicy=\"strict-origin-when-cross-origin\" allowfullscreen>[embedded content]<\/iframe><\/p>\n<p data-start=\"1768\" data-end=\"2138\">En el comercial, Wanda aparece en la cocina de su hogar, degustando diferentes productos elaborados a base de man\u00ed y transmitiendo su fanatismo por esta semilla tan caracter\u00edstica de la gastronom\u00eda argentina.<br data-start=\"1976\" data-end=\"1979\">\u201cCuando me ofrecieron sumarme a esta campa\u00f1a no dud\u00e9 ni un segundo. Soy fan\u00e1tica desde siempre, y ahora oficialmente\u201d, afirma la conductora y modelo medi\u00e1tica.<\/p>\n<p data-start=\"2140\" data-end=\"2461\">La campa\u00f1a tambi\u00e9n tuvo un toque de humor y actualidad, cuando Wanda se refiri\u00f3 en tono ir\u00f3nico a un video \u00edntimo viral de su ex pareja y padre de sus hijas, Mauro Icardi, mencionando que pronto har\u00eda una publicidad de \u00abman\u00ed\u00bb. Esta referencia caus\u00f3 revuelo y a\u00f1adi\u00f3 un matiz pol\u00e9mico que potenci\u00f3 a\u00fan m\u00e1s la viralizaci\u00f3n.<\/p>\n","protected":false},"excerpt":{"rendered":"<p>La modelo, empresaria y figura medi\u00e1tica Wanda Nara protagoniza la nueva campa\u00f1a publicitaria de Man\u00ed King, la marca cordobesa de snacks y man\u00ed. Bajo el lema \u201cOrgullosamente Manisera\u201d, la campa\u00f1a busca conectar con un p\u00fablico joven y diverso. \u201cEstoy feliz de sumarme a un proyecto tan divertido y popular como Man\u00ed King. Es una marca [&hellip;]<\/p>\n","protected":false},"author":1,"featured_media":172476,"comment_status":"closed","ping_status":"closed","sticky":false,"template":"","format":"standard","meta":[],"categories":[25],"tags":[],"_links":{"self":[{"href":"http:\/\/cordobadirecto.com\/index.php\/wp-json\/wp\/v2\/posts\/172475"}],"collection":[{"href":"http:\/\/cordobadirecto.com\/index.php\/wp-json\/wp\/v2\/posts"}],"about":[{"href":"http:\/\/cordobadirecto.com\/index.php\/wp-json\/wp\/v2\/types\/post"}],"author":[{"embeddable":true,"href":"http:\/\/cordobadirecto.com\/index.php\/wp-json\/wp\/v2\/users\/1"}],"replies":[{"embeddable":true,"href":"http:\/\/cordobadirecto.com\/index.php\/wp-json\/wp\/v2\/comments?post=172475"}],"version-history":[{"count":0,"href":"http:\/\/cordobadirecto.com\/index.php\/wp-json\/wp\/v2\/posts\/172475\/revisions"}],"wp:featuredmedia":[{"embeddable":true,"href":"http:\/\/cordobadirecto.com\/index.php\/wp-json\/wp\/v2\/media\/172476"}],"wp:attachment":[{"href":"http:\/\/cordobadirecto.com\/index.php\/wp-json\/wp\/v2\/media?parent=172475"}],"wp:term":[{"taxonomy":"category","embeddable":true,"href":"http:\/\/cordobadirecto.com\/index.php\/wp-json\/wp\/v2\/categories?post=172475"},{"taxonomy":"post_tag","embeddable":true,"href":"http:\/\/cordobadirecto.com\/index.php\/wp-json\/wp\/v2\/tags?post=172475"}],"curies":[{"name":"wp","href":"https:\/\/api.w.org\/{rel}","templated":true}]}}