{"id":172615,"date":"2025-08-13T01:51:34","date_gmt":"2025-08-13T01:51:34","guid":{"rendered":"http:\/\/cordobadirecto.com\/index.php\/2025\/08\/13\/la-provincia-firmo-un-historico-acuerdo-con-mutuales-y-cooperativas-para-impulsar-el-desarrollo-local\/"},"modified":"2025-08-13T01:51:34","modified_gmt":"2025-08-13T01:51:34","slug":"la-provincia-firmo-un-historico-acuerdo-con-mutuales-y-cooperativas-para-impulsar-el-desarrollo-local","status":"publish","type":"post","link":"http:\/\/cordobadirecto.com\/index.php\/2025\/08\/13\/la-provincia-firmo-un-historico-acuerdo-con-mutuales-y-cooperativas-para-impulsar-el-desarrollo-local\/","title":{"rendered":"La Provincia firm\u00f3 un hist\u00f3rico acuerdo con mutuales y cooperativas para impulsar el desarrollo local"},"content":{"rendered":"<p>&#8230; <b>econom\u00eda<\/b> social y el arraigo territorial en <b>C\u00f3rdoba<\/b>. El acuerdo establece lineamientos para promover la <b>econom\u00eda<\/b> local, la educaci\u00f3n cooperativa y&nbsp;&#8230; <\/p>\n","protected":false},"excerpt":{"rendered":"<p>&#8230; econom\u00eda social y el arraigo territorial en C\u00f3rdoba. El acuerdo establece lineamientos para promover la econom\u00eda local, la educaci\u00f3n cooperativa y&nbsp;&#8230;<\/p>\n","protected":false},"author":1,"featured_media":0,"comment_status":"closed","ping_status":"closed","sticky":false,"template":"","format":"standard","meta":[],"categories":[40],"tags":[],"_links":{"self":[{"href":"http:\/\/cordobadirecto.com\/index.php\/wp-json\/wp\/v2\/posts\/172615"}],"collection":[{"href":"http:\/\/cordobadirecto.com\/index.php\/wp-json\/wp\/v2\/posts"}],"about":[{"href":"http:\/\/cordobadirecto.com\/index.php\/wp-json\/wp\/v2\/types\/post"}],"author":[{"embeddable":true,"href":"http:\/\/cordobadirecto.com\/index.php\/wp-json\/wp\/v2\/users\/1"}],"replies":[{"embeddable":true,"href":"http:\/\/cordobadirecto.com\/index.php\/wp-json\/wp\/v2\/comments?post=172615"}],"version-history":[{"count":0,"href":"http:\/\/cordobadirecto.com\/index.php\/wp-json\/wp\/v2\/posts\/172615\/revisions"}],"wp:attachment":[{"href":"http:\/\/cordobadirecto.com\/index.php\/wp-json\/wp\/v2\/media?parent=172615"}],"wp:term":[{"taxonomy":"category","embeddable":true,"href":"http:\/\/cordobadirecto.com\/index.php\/wp-json\/wp\/v2\/categories?post=172615"},{"taxonomy":"post_tag","embeddable":true,"href":"http:\/\/cordobadirecto.com\/index.php\/wp-json\/wp\/v2\/tags?post=172615"}],"curies":[{"name":"wp","href":"https:\/\/api.w.org\/{rel}","templated":true}]}}