{"id":172618,"date":"2025-08-11T19:30:58","date_gmt":"2025-08-11T19:30:58","guid":{"rendered":"https:\/\/www.ole.com.ar\/autos\/gano-cuarto-titulo-indycar-amigo-canapino-tc-alex-palou_0_YZRAcpkgn3.html"},"modified":"2025-08-11T19:30:58","modified_gmt":"2025-08-11T19:30:58","slug":"gano-su-cuarto-titulo-de-indycar-es-amigo-de-canapino-y-le-gustaria-subirse-a-un-tc","status":"publish","type":"post","link":"http:\/\/cordobadirecto.com\/index.php\/2025\/08\/11\/gano-su-cuarto-titulo-de-indycar-es-amigo-de-canapino-y-le-gustaria-subirse-a-un-tc\/","title":{"rendered":"Gan\u00f3 su cuarto t\u00edtulo de IndyCar, es amigo de Canapino y le gustar\u00eda subirse a un TC"},"content":{"rendered":"<p><time class=\"createDate\" datetime=\"2025-08-11T16:30:58-03:00\">11\/08\/2025 16:30hs.<\/time><\/p>\n<div id=\"storyBody\">\n<div class=\"custom-text \" readability=\"39.905465288035\">\n<p>La <strong><a href=\"https:\/\/www.ole.com.ar\/tema\/indycar.html\" title=\"Indycar\" alt=\"Indycar\" class=\"slug\">IndyCar<\/a><\/strong>, una de las categor\u00edas reinas de Estados Unidos (<a href=\"https:\/\/www.ole.com.ar\/tema\/\/autos\/quiso-festejar-victoria-cayo-auto-fracturo-connor-zilisch-nascar_0_ySSaNPMvu3.html\" target=\"_self\" title=\"justo por debajo del NASCAR\" alt=\"justo por debajo del NASCAR\" rel=\"noopener\">justo por debajo del NASCAR<\/a>), le queda algo lejana al argentino. Por eso, m\u00e1s de uno habr\u00e1 pasado por alto que este domingo, en Portland, se defini\u00f3 al campe\u00f3n del certamen. Para quienes est\u00e1n al tanto, <strong>no fue una sorpresa que \u00c1lex Palou se haya quedado con la corona<\/strong>, su cuarta en total y tercera de manera consecutiva. \u00bfQui\u00e9n es este espa\u00f1ol de 28 a\u00f1os? Al margen de un gran piloto, raz\u00f3n por la que coquete\u00f3 con la <a href=\"https:\/\/www.ole.com.ar\/tema\/formula-1.html\" title=\"F\u00f3rmula 1\" alt=\"F\u00f3rmula 1\" class=\"slug\">F\u00f3rmula 1<\/a> -lleg\u00f3 a ser reserva de McLaren- y sigue siendo pedido, alguien ligado a la Argentina por medio de <strong>su amistad con <a href=\"https:\/\/www.ole.com.ar\/tema\/agustin-canapino.html\" title=\"Agust\u00edn Canapino\" alt=\"Agust\u00edn Canapino\" class=\"slug\">Agust\u00edn Canapino<\/a> y su deseo de alg\u00fan d\u00eda subirse a un <a href=\"https:\/\/www.ole.com.ar\/autos\/turismo-carretera.html\" title=\"Turismo Carretera\" alt=\"Turismo Carretera\" class=\"slug\">TC<\/a>.<\/strong><\/p>\n<\/div>\n<div class=\"custom-text \" readability=\"35.03743315508\">\n<p>La historia de Palou con nuestro pa\u00eds comenz\u00f3 hace tiempo, cuando el Tit\u00e1n de Arrecifes no paraba de ganar y viaj\u00f3 a Norteam\u00e9rica para afrontar un desaf\u00edo sin precedentes junto al Juncos Hollinger Racing (por empezar, jam\u00e1s se hab\u00eda subido a un monoplaza). En ese a\u00f1o y pico que estuvo, <strong>Canapino peg\u00f3 onda con el ib\u00e9rico<\/strong>, <a href=\"https:\/\/www.ole.com.ar\/autos\/agustin-canapino-ole-division-tc2000-turismo-carretera-2000-ruido-indycar-tc_0_tK84ure6kB.html\" target=\"_self\" title=\"como le cont\u00f3 a Ol\u00e9 hace algunos meses\" alt=\"como le cont\u00f3 a Ol\u00e9 hace algunos meses\" rel=\"noopener\">como le cont\u00f3 a <\/a><strong><a href=\"https:\/\/www.ole.com.ar\/autos\/agustin-canapino-ole-division-tc2000-turismo-carretera-2000-ruido-indycar-tc_0_tK84ure6kB.html\" target=\"_self\" title=\"como le cont\u00f3 a Ol\u00e9 hace algunos meses\" alt=\"como le cont\u00f3 a Ol\u00e9 hace algunos meses\" rel=\"noopener\">Ol\u00e9 <\/a><\/strong><a href=\"https:\/\/www.ole.com.ar\/autos\/agustin-canapino-ole-division-tc2000-turismo-carretera-2000-ruido-indycar-tc_0_tK84ure6kB.html\" target=\"_self\" title=\"como le cont\u00f3 a Ol\u00e9 hace algunos meses\" alt=\"como le cont\u00f3 a Ol\u00e9 hace algunos meses\" rel=\"noopener\">hace algunos meses<\/a>.<\/p>\n<\/div>\n<div class=\"sc-e7b891c4-0 ifHnQL image-embed\"><img alt=\"\u00c1lex Palou festejando su cuarta corona en Portland. (EFE\/ Taylor Balkom)\" loading=\"lazy\" width=\"720\" height=\"100\" decoding=\"async\" data-nimg=\"1\" src=\"http:\/\/cordobadirecto.com\/wp-content\/uploads\/2025\/08\/gano-su-cuarto-titulo-de-indycar-es-amigo-de-canapino-y-le-gustaria-subirse-a-un-tc.jpg\"><span class=\"epigraphe\">\u00c1lex Palou festejando su cuarta corona en Portland. (EFE\/ Taylor Balkom)<\/span><\/div>\n<p><h2>La ilusi\u00f3n es mutua: Canapino, de darle un TC, y Palou, de correrlo<\/h2>\n<\/p>\n<div class=\"custom-text \" readability=\"41\">\n<p>&#8220;Ojal\u00e1 tengamos la oportunidad de tenerlo, terminamos formando una gran relaci\u00f3n. Josefina, mi se\u00f1ora, es muy amiga de la suya. <strong>Me prometi\u00f3 que va a venir a ver una carrera y a probar un TC.<\/strong> Que venga a dar unas vueltas y acompa\u00f1arnos un fin de semana&#8221;, fue el comentario de Canapa. Seguro que fue una expresi\u00f3n de deseo, porque es dif\u00edcil que se acoplen los calendarios y que el tetracampe\u00f3n se haga un espacio, <strong>pero el propio \u00c1lex dijo que quiere vivir la experiencia<\/strong>.<\/p>\n<\/div>\n<div class=\"custom-text \" readability=\"35.344827586207\">\n<p>En julio del a\u00f1o pasado, durante la visita de Hugo Mazzacane, presidente de la ACTC, a una carrera de IndyCar, <a href=\"https:\/\/www.ole.com.ar\/autos\/alex-palou-interes-correr-turismo-carretera-indycar-ofrecimiento-canapino_0_9Oxpi1h65J.html\" target=\"_self\" title=\"el espa\u00f1ol se candidate\u00f3 y hasta eligi\u00f3 marca\" alt=\"el espa\u00f1ol se candidate\u00f3 y hasta eligi\u00f3 marca\" rel=\"noopener\">el espa\u00f1ol se candidate\u00f3 y hasta eligi\u00f3 marca<\/a>: &#8220;<strong>Me gustar\u00eda subirme a un Mustang<\/strong>, seguramente para un test privado, para dar unas vueltas y despu\u00e9s quedarme como espectador. Creo que no habr\u00eda problema. <strong>Me gustar\u00eda probar un TC<\/strong>&#8220;.<\/p>\n<\/div>\n<div class=\"sc-e7b891c4-0 ifHnQL image-embed\"><img alt=\"Canapino y Palou en las 500 Millas de Indian\u00e1polis de 2023. (AP Photo\/Darron Cummings)\" loading=\"lazy\" width=\"720\" height=\"100\" decoding=\"async\" data-nimg=\"1\" src=\"http:\/\/cordobadirecto.com\/wp-content\/uploads\/2025\/08\/gano-su-cuarto-titulo-de-indycar-es-amigo-de-canapino-y-le-gustaria-subirse-a-un-tc-1.jpg\"><span class=\"epigraphe\">Canapino y Palou en las 500 Millas de Indian\u00e1polis de 2023. (AP Photo\/Darron Cummings)<\/span><\/div>\n<div class=\"custom-text \" readability=\"41\">\n<p>En su momento, al ver la pasi\u00f3n que hab\u00eda por los Chevy, Falcon, GTX y Torino (ya se pas\u00f3 a los modelos de nueva generaci\u00f3n, se sum\u00f3 el Camry y pronto lo har\u00e1 Mercedes-Benz), <strong>varios pilotos de la categor\u00eda estadounidense se ilusionaron con correr como invitados<\/strong>. Aunque la idea no prosper\u00f3, a no perder la fe con Palou&#8230;<\/p>\n<\/div>\n<div class=\"sc-a7166897-0 eoLsBE\" readability=\"6.5\">\n<section readability=\"3\"><picture><img alt=\"Quiso festejar una victoria, se cay\u00f3 del auto y se fractur\u00f3\" loading=\"lazy\" width=\"290\" height=\"290\" decoding=\"async\" data-nimg=\"1\" src=\"http:\/\/cordobadirecto.com\/wp-content\/uploads\/2025\/08\/gano-su-cuarto-titulo-de-indycar-es-amigo-de-canapino-y-le-gustaria-subirse-a-un-tc-2.jpg\"><\/picture>\n<p><span>Mir\u00e1 tambi\u00e9n<\/span><\/p>\n<hr>\n<h3>Quiso festejar una victoria, se cay\u00f3 del auto y se fractur\u00f3<\/h3>\n<\/p>\n<\/section>\n<\/div>\n<div class=\"sc-a7166897-0 eoLsBE\" readability=\"6.5\">\n<section readability=\"3\"><picture><img alt=\"El equipo de TC que picante\u00f3 a Alpine: &quot;Colapinto, cualquier cosa nos escrib\u00eds&quot;\" loading=\"lazy\" width=\"290\" height=\"290\" decoding=\"async\" data-nimg=\"1\" src=\"http:\/\/cordobadirecto.com\/wp-content\/uploads\/2025\/08\/gano-su-cuarto-titulo-de-indycar-es-amigo-de-canapino-y-le-gustaria-subirse-a-un-tc-3.jpg\"><\/picture>\n<p><span>Mir\u00e1 tambi\u00e9n<\/span><\/p>\n<hr>\n<h3>El equipo de TC que picante\u00f3 a Alpine: &#8220;Colapinto, cualquier cosa nos escrib\u00eds&#8221;<\/h3>\n<\/p>\n<\/section>\n<\/div>\n<div class=\"sc-a7166897-0 eoLsBE\" readability=\"6\">\n<section readability=\"2\"><picture><img alt=\"El palito del director de Ferrari para Lewis Hamilton por su rendimiento\" loading=\"lazy\" width=\"290\" height=\"290\" decoding=\"async\" data-nimg=\"1\" src=\"http:\/\/cordobadirecto.com\/wp-content\/uploads\/2025\/08\/gano-su-cuarto-titulo-de-indycar-es-amigo-de-canapino-y-le-gustaria-subirse-a-un-tc-4.jpg\"><\/picture>\n<p><span>Mir\u00e1 tambi\u00e9n<\/span><\/p>\n<hr>\n<h3>El palito del director de Ferrari para Lewis Hamilton por su rendimiento<\/h3>\n<\/p>\n<\/section>\n<\/div>\n<div class=\"sc-a7166897-0 eoLsBE\" readability=\"7\">\n<section readability=\"4\"><picture><img alt=\"Franco Colapinto cambi\u00f3 de deporte, hizo dupla con Bizarrap y parece que no les fue muy bien\" loading=\"lazy\" width=\"290\" height=\"290\" decoding=\"async\" data-nimg=\"1\" src=\"http:\/\/cordobadirecto.com\/wp-content\/uploads\/2025\/08\/gano-su-cuarto-titulo-de-indycar-es-amigo-de-canapino-y-le-gustaria-subirse-a-un-tc-5.jpg\"><\/picture>\n<p><span>Mir\u00e1 tambi\u00e9n<\/span><\/p>\n<hr>\n<h3>Franco Colapinto cambi\u00f3 de deporte, hizo dupla con Bizarrap y parece que no les fue muy bien<\/h3>\n<\/p>\n<\/section>\n<\/div>\n<div class=\"sc-a7166897-0 eoLsBE\" readability=\"6.5\">\n<section readability=\"3\"><picture><img alt=\"La F\u00f3rmula 1 public\u00f3 la lista de pilotos para 2026: \u00bfcu\u00e1l es la situaci\u00f3n de Franco Colapinto?\" loading=\"lazy\" width=\"290\" height=\"290\" decoding=\"async\" data-nimg=\"1\" src=\"http:\/\/cordobadirecto.com\/wp-content\/uploads\/2025\/08\/gano-su-cuarto-titulo-de-indycar-es-amigo-de-canapino-y-le-gustaria-subirse-a-un-tc-6.jpg\"><\/picture>\n<p><span>Mir\u00e1 tambi\u00e9n<\/span><\/p>\n<hr>\n<h3>La F\u00f3rmula 1 public\u00f3 la lista de pilotos para 2026: \u00bfcu\u00e1l es la situaci\u00f3n de Franco Colapinto?<\/h3>\n<\/p>\n<\/section>\n<\/div>\n<\/div>\n","protected":false},"excerpt":{"rendered":"<p>11\/08\/2025 16:30hs. La IndyCar, una de las categor\u00edas reinas de Estados Unidos (justo por debajo del NASCAR), le queda algo lejana al argentino. Por eso, m\u00e1s de uno habr\u00e1 pasado por alto que este domingo, en Portland, se defini\u00f3 al campe\u00f3n del certamen. Para quienes est\u00e1n al tanto, no fue una sorpresa que \u00c1lex Palou [&hellip;]<\/p>\n","protected":false},"author":1,"featured_media":172619,"comment_status":"closed","ping_status":"closed","sticky":false,"template":"","format":"standard","meta":[],"categories":[21],"tags":[],"_links":{"self":[{"href":"http:\/\/cordobadirecto.com\/index.php\/wp-json\/wp\/v2\/posts\/172618"}],"collection":[{"href":"http:\/\/cordobadirecto.com\/index.php\/wp-json\/wp\/v2\/posts"}],"about":[{"href":"http:\/\/cordobadirecto.com\/index.php\/wp-json\/wp\/v2\/types\/post"}],"author":[{"embeddable":true,"href":"http:\/\/cordobadirecto.com\/index.php\/wp-json\/wp\/v2\/users\/1"}],"replies":[{"embeddable":true,"href":"http:\/\/cordobadirecto.com\/index.php\/wp-json\/wp\/v2\/comments?post=172618"}],"version-history":[{"count":0,"href":"http:\/\/cordobadirecto.com\/index.php\/wp-json\/wp\/v2\/posts\/172618\/revisions"}],"wp:featuredmedia":[{"embeddable":true,"href":"http:\/\/cordobadirecto.com\/index.php\/wp-json\/wp\/v2\/media\/172619"}],"wp:attachment":[{"href":"http:\/\/cordobadirecto.com\/index.php\/wp-json\/wp\/v2\/media?parent=172618"}],"wp:term":[{"taxonomy":"category","embeddable":true,"href":"http:\/\/cordobadirecto.com\/index.php\/wp-json\/wp\/v2\/categories?post=172618"},{"taxonomy":"post_tag","embeddable":true,"href":"http:\/\/cordobadirecto.com\/index.php\/wp-json\/wp\/v2\/tags?post=172618"}],"curies":[{"name":"wp","href":"https:\/\/api.w.org\/{rel}","templated":true}]}}