{"id":172624,"date":"2025-08-13T09:54:54","date_gmt":"2025-08-13T09:54:54","guid":{"rendered":"https:\/\/puntoapunto.com.ar\/?p=375911"},"modified":"2025-08-13T09:54:54","modified_gmt":"2025-08-13T09:54:54","slug":"edicion-semanal-digitalizarse-o-caer-la-advertencia-de-telecom","status":"publish","type":"post","link":"http:\/\/cordobadirecto.com\/index.php\/2025\/08\/13\/edicion-semanal-digitalizarse-o-caer-la-advertencia-de-telecom\/","title":{"rendered":"Edici\u00f3n semanal: digitalizarse o caer, la advertencia de Telecom"},"content":{"rendered":"<p>&nbsp;<!-- \u00a1O bien no hay banners, estan desactivados o no estan programados para esta ubicaci\u00f3n! -->\n<\/p>\n<p>&nbsp;\n<\/p>\n<p>En el marco de una fuerte apuesta por la renovaci\u00f3n tecnol\u00f3gica, la incorporaci\u00f3n de IA y la expansi\u00f3n del 5G, desde <strong>Telecom advierten que las grandes corporaciones, las pymes y los gobiernos deben sumarse al salto tecnol\u00f3gico si no quieren quedar en el camino.<\/strong> La importaci\u00f3n de la gesti\u00f3n de los \u201cdatos\u201d como materia prima y el escenario 2030 que ser\u00e1 bisagra.\n<\/p>\n<h5><strong>Le\u00e9 la revista haciendo clic aqu\u00ed \u2b07<\/strong><\/h5>\n<p><a href=\"http:\/\/indd.adobe.com\/view\/58fd8521-b8a7-47e3-afd1-0ec4d2e43ebd\" target=\"_blank\" rel=\"noopener\"><img decoding=\"async\" class=\"aligncenter wp-image-341569 size-full\" src=\"http:\/\/cordobadirecto.com\/wp-content\/uploads\/2025\/08\/edicion-semanal-digitalizarse-o-caer-la-advertencia-de-telecom.jpg\" alt width=\"300\" height=\"80\" loading=\"lazy\"><\/a>\n<\/p>\n<ul>\n<li><strong>Schiaretti se acomoda para dirigir la orquesta del PJ, Mestre Meti\u00f3 un pleno y hay un gran enigma sobre lo que har\u00e1 Juez<\/strong><\/li>\n<\/ul>\n<p>Terminada la incertidumbre sobre la postulaci\u00f3n del exgobernador, el PJ quiere seguir jugando a las escondidas con la candidata n\u00famero dos. El senador ha dicho que colaborar\u00e1 pero que no se sumar\u00e1. En su momento avis\u00f3 que s\u00f3lo ser\u00eda parte de una boleta \u00abs\u00f3lo si Schiaretti se presenta\u201d. Para sacar conclusiones.<!-- \u00a1O bien no hay banners, estan desactivados o no estan programados para esta ubicaci\u00f3n! -->\n<\/p>\n<ul>\n<li><strong>Prestige Argentina acelera: m\u00e1s producci\u00f3n, nuevos mercados y una apuesta por la competitividad<\/strong><\/li>\n<\/ul>\n<p>Daniel Herrero y Alfonso Prat-Gay, presidente y vicepresidente de Prestige Argentina \u2014la firma que produce y comercializa Mercedes-Benz en el pa\u00eds\u2014 explican por qu\u00e9 proyectan un 15% m\u00e1s de producci\u00f3n en 2025, c\u00f3mo enfrentan la competencia global y qu\u00e9 cambios estructurales necesita la industria automotriz para ganar competitividad.<\/p>\n<ul>\n<li><strong>Disensa refuerza su presencia en C\u00f3rdoba y proyecta cerrar el a\u00f1o con 600 puntos en el pa\u00eds<\/strong><\/li>\n<\/ul>\n<p>La red de materiales para la construcci\u00f3n m\u00e1s grande de Latinoam\u00e9rica, parte del grupo Holcim, inaugur\u00f3 un nuevo punto \u201cDisensa MAX\u201d junto al Corral\u00f3n San Miguel. Con este local, la compa\u00f1\u00eda suma 560 en el pa\u00eds. \u201cQueremos que nuestros socios crezcan profesionalmente y mejoren su rentabilidad\u201d, asegura Soledad Rodr\u00edguez, gerente general de Disensa en Argentina.\n<\/p>\n<ul>\n<li><strong>La e-bike que se hackea: c\u00f3mo C\u00f3rdoba impulsa la movilidad el\u00e9ctrica personalizada<\/strong><\/li>\n<\/ul>\n<p>Mostro y TP3D presentan una bicicleta el\u00e9ctrica que invita a usuarios y dise\u00f1adores a imprimir, intercambiar y vender piezas personalizadas, cambiando el paradigma de la producci\u00f3n.\n<\/p>\n<ul>\n<li><strong>ARB evoluciona a boutique creativa y busca potenciar marcas con equipos de marketing in-house<\/strong><\/li>\n<\/ul>\n<p>La empresa liderada por Juan Arruabarrena abandona el formato tradicional de agencia de publicidad para consolidarse como una boutique creativa para adoptar un modelo que priorice la calidad, la personalizaci\u00f3n y el branding como eje.\n<\/p>\n<div class=\"g g-38\">\n<div class=\"g-dyn a-12 c-1\"><a class=\"gofollow\" data-track=\"MTIsMzgsNjA=\" href=\"https:\/\/hospitalprivado.com.ar\/\" target=\"_blank\" rel=\"noopener\"><img src=\"http:\/\/cordobadirecto.com\/wp-content\/uploads\/2025\/08\/edicion-semanal-digitalizarse-o-caer-la-advertencia-de-telecom.gif\" loading=\"lazy\"><\/a><\/div>\n<\/div>\n","protected":false},"excerpt":{"rendered":"<p>&nbsp; &nbsp; En el marco de una fuerte apuesta por la renovaci\u00f3n tecnol\u00f3gica, la incorporaci\u00f3n de IA y la expansi\u00f3n del 5G, desde Telecom advierten que las grandes corporaciones, las pymes y los gobiernos deben sumarse al salto tecnol\u00f3gico si no quieren quedar en el camino. La importaci\u00f3n de la gesti\u00f3n de los \u201cdatos\u201d como [&hellip;]<\/p>\n","protected":false},"author":1,"featured_media":172625,"comment_status":"closed","ping_status":"closed","sticky":false,"template":"","format":"standard","meta":[],"categories":[25],"tags":[],"_links":{"self":[{"href":"http:\/\/cordobadirecto.com\/index.php\/wp-json\/wp\/v2\/posts\/172624"}],"collection":[{"href":"http:\/\/cordobadirecto.com\/index.php\/wp-json\/wp\/v2\/posts"}],"about":[{"href":"http:\/\/cordobadirecto.com\/index.php\/wp-json\/wp\/v2\/types\/post"}],"author":[{"embeddable":true,"href":"http:\/\/cordobadirecto.com\/index.php\/wp-json\/wp\/v2\/users\/1"}],"replies":[{"embeddable":true,"href":"http:\/\/cordobadirecto.com\/index.php\/wp-json\/wp\/v2\/comments?post=172624"}],"version-history":[{"count":0,"href":"http:\/\/cordobadirecto.com\/index.php\/wp-json\/wp\/v2\/posts\/172624\/revisions"}],"wp:featuredmedia":[{"embeddable":true,"href":"http:\/\/cordobadirecto.com\/index.php\/wp-json\/wp\/v2\/media\/172625"}],"wp:attachment":[{"href":"http:\/\/cordobadirecto.com\/index.php\/wp-json\/wp\/v2\/media?parent=172624"}],"wp:term":[{"taxonomy":"category","embeddable":true,"href":"http:\/\/cordobadirecto.com\/index.php\/wp-json\/wp\/v2\/categories?post=172624"},{"taxonomy":"post_tag","embeddable":true,"href":"http:\/\/cordobadirecto.com\/index.php\/wp-json\/wp\/v2\/tags?post=172624"}],"curies":[{"name":"wp","href":"https:\/\/api.w.org\/{rel}","templated":true}]}}