{"id":172631,"date":"2025-08-13T20:24:36","date_gmt":"2025-08-13T20:24:36","guid":{"rendered":"http:\/\/estaciontrip.com.ar\/?p=10668"},"modified":"2025-08-13T20:24:36","modified_gmt":"2025-08-13T20:24:36","slug":"villa-carlos-paz-celebra-los-30-anos-de-la-primavera-de-todos","status":"publish","type":"post","link":"http:\/\/cordobadirecto.com\/index.php\/2025\/08\/13\/villa-carlos-paz-celebra-los-30-anos-de-la-primavera-de-todos\/","title":{"rendered":"Villa Carlos Paz celebra los 30 a\u00f1os de \u201cLa Primavera de todos\u201d"},"content":{"rendered":"<p><em>Ser\u00e1 una fiesta hist\u00f3rica, sin alcohol, gratuita y los mejores artistas del pa\u00eds<\/em>.<\/p>\n<p>Villa Carlos Paz se prepara para vivir una edici\u00f3n muy especial de la tradicional Fiesta de la Primavera, que este 2025 cumple 30 a\u00f1os de historia.<\/p>\n<p>Bajo el lema \u201c30 A\u00f1os de la Primavera de todos\u201d, el evento promete ser mucho m\u00e1s que un espect\u00e1culo musical: ser\u00e1 una celebraci\u00f3n de la juventud, el encuentro y el trabajo colectivo de toda una ciudad.<\/p>\n<p>Con la presencia del intendente Esteban Avil\u00e9s; el secretario de Turismo, Sebasti\u00e1n Boldrini; y representantes de las discos y boliches de la ciudad, se presentaron los detalles de la Fiesta de la Primavera 2025 de Villa Carlos Paz.<\/p>\n<p>El evento tendr\u00e1 su jornada central el s\u00e1bado 20 de septiembre en el ya cl\u00e1sico predio del Parque de Asistencia, junto al lago San Roque con el objetivo de tener un fin de semana tur\u00edstico pleno de actividades.<\/p>\n<p>DesaKTa2y Ecko son dos de los artistas principales ya confirmados hasta el momento, a los cuales se agregar\u00e1n nuevas bandas con el transcurso de los pr\u00f3ximos d\u00edas.<\/p>\n<p>Adem\u00e1s, se llevar\u00e1n a cabo distintas fiestas tem\u00e1ticas en los boliches m\u00e1s reconocidos de la ciudad tanto el viernes como el s\u00e1bado a la noche y se dispondr\u00e1n distintas promociones en alojamientos y late chek out para el d\u00eda domingo.<\/p>\n<p>Por otra parte, la Direcci\u00f3n de Deportes coordinar\u00e1 distintas actividades deportivas en el predio durante el fin de semana, para los chicos que visiten la ciudad como as\u00ed tambi\u00e9n distintas actividades culturales previstas para esos d\u00edas.<\/p>\n<p>\u201cHoy estamos presentando una fiesta que se nacionaliz\u00f3 y cumple 30 a\u00f1os. Una fiesta \u00fanica en el pa\u00eds, sin alcohol, con car\u00e1cter gratuito, y que forma parte de nuestra identidad carlospacense, que con el esfuerzo de las familias de la ciudad se ha consolidado. En esta oportunidad vamos a tener un fin de semana muy especial para todos los j\u00f3venes que nos eligen\u201d, detall\u00f3 el intendente Esteban Avil\u00e9s.<\/p>\n<p><strong>Un escenario por donde pas\u00f3 la historia de todos los g\u00e9neros musicales<\/strong><\/p>\n<p>Desde su origen en 1995, la Fiesta de la Primavera de Villa Carlos Paz se consolid\u00f3 como el evento juvenil gratuito m\u00e1s importante del pa\u00eds, convocando a\u00f1o tras a\u00f1o a miles de j\u00f3venes de toda Argentina.<\/p>\n<p>Durante tres d\u00e9cadas, la Fiesta de la Primavera ha sido testigo del paso de las bandas y artistas m\u00e1s reconocidos del pa\u00eds. Desde los grandes \u00edconos del rock nacional, el pop, el cuarteto y la cumbia, hasta las nuevas voces de la m\u00fasica urbana, todos han compartido escenario en Carlos Paz, dejando huella en una generaci\u00f3n tras otra.<\/p>\n<p><strong>Una fiesta pensada para todos, con un mensaje claro:&nbsp;gratuita, sin alcohol y con seguridad<\/strong><\/p>\n<p>Una de las caracter\u00edsticas que hace \u00fanica a esta fiesta es su compromiso con la prevenci\u00f3n y el cuidado de los j\u00f3venes. Desde hace a\u00f1os, el evento promueve un modelo sin venta ni consumo de alcohol, con fuerte presencia de equipos de salud, seguridad, asistencia y contenci\u00f3n.<\/p>\n<p>Gracias al trabajo articulado entre el sector p\u00fablico y privado, las fuerzas de seguridad, organismos provinciales y organizaciones civiles, Carlos Paz logr\u00f3 posicionarse como la fiesta juvenil m\u00e1s segura de Argentina, siendo reconocida por su enfoque preventivo y su log\u00edstica cuidada.<\/p>\n<p><strong>El sector privado: un pilar fundamental del \u00e9xito<\/strong><\/p>\n<p>El aniversario 30 tambi\u00e9n es una oportunidad para destacar el rol clave del sector privado, en especial de las discotecas, locales gastron\u00f3micos, alojamientos, empresas de transporte y prestadores tur\u00edsticos de Carlos Paz, que todos los a\u00f1os se suman a la organizaci\u00f3n y garantizan una experiencia \u00fanica para quienes visitan la ciudad.<br \/>Las discos, en particular, han sido parte central de esta fiesta desde sus comienzos, generando propuestas nocturnas adaptadas al p\u00fablico juvenil, promoviendo espacios cuidados y sum\u00e1ndose activamente a la campa\u00f1a sin alcohol.<\/p>\n<p>La Fiesta de la Primavera es mucho m\u00e1s que un d\u00eda: es un fen\u00f3meno social y cultural que mueve a toda la ciudad. Comercios, vecinos, instituciones educativas, artistas locales y visitantes forman parte de este evento.<\/p>\n<p>Con una agenda de actividades previas, intervenciones urbanas, actividades para estudiantes, propuestas culturales y una fuerte campa\u00f1a de comunicaci\u00f3n, los festejos por los 30 a\u00f1os ya comenzaron y tendr\u00e1n su punto culmine el fin de semana del 20 y 21 de setiembre con una jornada inolvidable a orillas del lago San Roque.<\/p>\n<figure class=\"wp-block-image size-large\"><a href=\"http:\/\/estaciontrip.com.ar\/wp-content\/uploads\/2025\/08\/Presentacion-Fiesta-de-la-Primavera-en-Carlos-Paz-scaled.jpg\"><img loading=\"lazy\" decoding=\"async\" width=\"1024\" height=\"800\" src=\"http:\/\/cordobadirecto.com\/wp-content\/uploads\/2025\/08\/villa-carlos-paz-celebra-los-30-anos-de-la-primavera-de-todos.jpg\" alt class=\"wp-image-10669\" srcset=\"http:\/\/cordobadirecto.com\/wp-content\/uploads\/2025\/08\/villa-carlos-paz-celebra-los-30-anos-de-la-primavera-de-todos.jpg 1024w, http:\/\/cordobadirecto.com\/wp-content\/uploads\/2025\/08\/villa-carlos-paz-celebra-los-30-anos-de-la-primavera-de-todos-1.jpg 300w, http:\/\/cordobadirecto.com\/wp-content\/uploads\/2025\/08\/villa-carlos-paz-celebra-los-30-anos-de-la-primavera-de-todos-2.jpg 768w, http:\/\/cordobadirecto.com\/wp-content\/uploads\/2025\/08\/villa-carlos-paz-celebra-los-30-anos-de-la-primavera-de-todos-3.jpg 1536w, http:\/\/cordobadirecto.com\/wp-content\/uploads\/2025\/08\/villa-carlos-paz-celebra-los-30-anos-de-la-primavera-de-todos-4.jpg 2048w\" sizes=\"(max-width: 1024px) 100vw, 1024px\"><\/a><\/figure>\n","protected":false},"excerpt":{"rendered":"<p>Ser\u00e1 una fiesta hist\u00f3rica, sin alcohol, gratuita y los mejores artistas del pa\u00eds. Villa Carlos Paz se prepara para vivir una edici\u00f3n muy especial de la tradicional Fiesta de la Primavera, que este 2025 cumple 30 a\u00f1os de historia. Bajo el lema \u201c30 A\u00f1os de la Primavera de todos\u201d, el evento promete ser mucho m\u00e1s [&hellip;]<\/p>\n","protected":false},"author":1,"featured_media":172632,"comment_status":"closed","ping_status":"closed","sticky":false,"template":"","format":"standard","meta":[],"categories":[22],"tags":[],"_links":{"self":[{"href":"http:\/\/cordobadirecto.com\/index.php\/wp-json\/wp\/v2\/posts\/172631"}],"collection":[{"href":"http:\/\/cordobadirecto.com\/index.php\/wp-json\/wp\/v2\/posts"}],"about":[{"href":"http:\/\/cordobadirecto.com\/index.php\/wp-json\/wp\/v2\/types\/post"}],"author":[{"embeddable":true,"href":"http:\/\/cordobadirecto.com\/index.php\/wp-json\/wp\/v2\/users\/1"}],"replies":[{"embeddable":true,"href":"http:\/\/cordobadirecto.com\/index.php\/wp-json\/wp\/v2\/comments?post=172631"}],"version-history":[{"count":0,"href":"http:\/\/cordobadirecto.com\/index.php\/wp-json\/wp\/v2\/posts\/172631\/revisions"}],"wp:featuredmedia":[{"embeddable":true,"href":"http:\/\/cordobadirecto.com\/index.php\/wp-json\/wp\/v2\/media\/172632"}],"wp:attachment":[{"href":"http:\/\/cordobadirecto.com\/index.php\/wp-json\/wp\/v2\/media?parent=172631"}],"wp:term":[{"taxonomy":"category","embeddable":true,"href":"http:\/\/cordobadirecto.com\/index.php\/wp-json\/wp\/v2\/categories?post=172631"},{"taxonomy":"post_tag","embeddable":true,"href":"http:\/\/cordobadirecto.com\/index.php\/wp-json\/wp\/v2\/tags?post=172631"}],"curies":[{"name":"wp","href":"https:\/\/api.w.org\/{rel}","templated":true}]}}