{"id":172698,"date":"2025-08-10T17:46:45","date_gmt":"2025-08-10T17:46:45","guid":{"rendered":"https:\/\/www.ole.com.ar\/autos\/quedo-campeonato-desafio-estrellas-villicum-san-juan_0_TE4u2yiwtW.html"},"modified":"2025-08-10T17:46:45","modified_gmt":"2025-08-10T17:46:45","slug":"como-quedo-el-campeonato-del-tc-tras-el-desafio-de-las-estrellas-en-villicum","status":"publish","type":"post","link":"http:\/\/cordobadirecto.com\/index.php\/2025\/08\/10\/como-quedo-el-campeonato-del-tc-tras-el-desafio-de-las-estrellas-en-villicum\/","title":{"rendered":"C\u00f3mo qued\u00f3 el campeonato del TC tras el Desaf\u00edo de las Estrellas en Villicum"},"content":{"rendered":"<p><span class=\"createDate\">10\/08\/2025 14:46hs.<\/span><time class=\"modificatedDate\" datetime=\"2025-08-10T15:25:02-03:00\"> Actualizado al 10\/08\/2025 15:25hs.<\/time><\/p>\n<div id=\"storyBody\">\n<div class=\"custom-text \" readability=\"42\">\n<p><strong>Consumada la novena fecha del Turismo Carretera en San Juan Villicum, correspondiente al Desaf\u00edo de las Estrellas, Mart\u00edn V\u00e1zquez se qued\u00f3 con la victoria.<\/strong> El piloto de Dodge y su equipo gestionaron de forma impecable la estrategia de carga de combustible. Juan Jos\u00e9 Ebarl\u00edn, con Chevrolet, y Facundo Chapur, con Torino, completaron el podio. <strong>Tras esta competencia a 50 vueltas, as\u00ed quedaron las posiciones en la general.<\/strong><\/p>\n<\/div>\n<div class=\"custom-text \" readability=\"49\">\n<p><strong>Fue el primer triunfo en el TC para el #123, oriundo de Pilar, en su carrera n\u00famero 39 en la categor\u00eda. <\/strong>Nunca hab\u00eda subido a ning\u00fan escal\u00f3n del podio y, cuando lo hizo, fue directo al m\u00e1s alto. Con esta victoria, qued\u00f3 23\u00b0 en la tabla general. Tras cruzar la meta y festejar con los cl\u00e1sicos trompos, grit\u00f3 por radio: <strong>\u201c\u00a1Vamos, carajo, vamos!\u201d, <\/strong>a lo que el equipo respondi\u00f3: \u201c\u00a1Grande, Mart\u00edn, carajo!&#8221;. <strong>Ya abajo del coche, el ganador expres\u00f3: \u201cIncre\u00edble haberlo logrado. \u00a1Vamos, carajo, gracias a todos!\u201d. <\/strong><\/p>\n<\/div>\n<div class=\"sc-e7b891c4-0 ifHnQL image-embed\"><img alt=\"Mart\u00edn V\u00e1zquez, piloto de Turismo Carretera, gan\u00f3 la carrera del Desaf\u00edo de las Estrellas en Villicum.\n(@mv.racingteam)\" loading=\"lazy\" width=\"720\" height=\"100\" decoding=\"async\" data-nimg=\"1\" src=\"http:\/\/cordobadirecto.com\/wp-content\/uploads\/2025\/08\/como-quedo-el-campeonato-del-tc-tras-el-desafio-de-las-estrellas-en-villicum.jpg\"><span class=\"epigraphe\">Mart\u00edn V\u00e1zquez, piloto de Turismo Carretera, gan\u00f3 la carrera del Desaf\u00edo de las Estrellas en Villicum.<br \/>\n(@mv.racingteam)<\/span><\/div>\n<div class=\"custom-text \" readability=\"36\">\n<p><strong>La pr\u00f3xima, la d\u00e9cima fecha, <\/strong>se correr\u00e1 en Buenos Aires el fin de semana del<strong> 24 de agosto, en el G\u00e1lvez. El puntero <\/strong>del certamen <strong>Juli\u00e1n Santero <\/strong>cruz\u00f3 la bandera de cuadros<strong> en la quinta plaza.<\/strong><\/p>\n<\/div>\n<p><h2><strong>As\u00ed qued\u00f3 el campeonato del TC despu\u00e9s del Desaf\u00edo de las Estrellas en Villicum<\/strong><\/h2>\n<\/p>\n<div class=\"custom-text \">\n<ol>\n<li><strong>Juli\u00e1n Santero (Ford) &#8211; 251.5 puntos.<\/strong><\/li>\n<li>Marcelo Agrelo (Toyota) &#8211; 233 puntos.<\/li>\n<li>Maurticio Lamiris (Ford) &#8211; 216 puntos + 1 final ganada.<\/li>\n<li>Juan Mart\u00edn Trucco (Dodge) &#8211; 215 puntos.<\/li>\n<li>Agust\u00edn Canapino (Chevrolet) &#8211; 211.5 puntos + 1 final ganada.<\/li>\n<li>Germ\u00e1n Todino (Ford) &#8211; 186.5 puntos.<\/li>\n<li>Santiago Mangoni (Chevrolet) &#8211; 175 puntos.<\/li>\n<li>Jerem\u00edas Olmedo (Ford) &#8211; 166 puntos.<\/li>\n<li>Jos\u00e9 Manuel Urcera (Ford) &#8211; 162.5 puntos.<\/li>\n<li>Valent\u00edn Aguirre (Chevrolet) &#8211; 162 puntos.<\/li>\n<li>Facundo Chapur (Torino) &#8211; 161.5 puntos + 1 final ganada.<\/li>\n<li>Otto Fritzler (Toyota) &#8211; 158.5 puntos + 1 final ganada.<\/li>\n<li>Mat\u00edas Rossi (Toyota) &#8211; 156 puntos.<\/li>\n<li>Juan Bautista De Benedictis (Ford) &#8211; 154.5 puntos + 1 final ganada.<\/li>\n<li>Facundo Ardusso (Chevrolet) &#8211; 148.5 puntos.<\/li>\n<li>Nicol\u00e1s Bonelli (Ford) &#8211; 147 puntos.<\/li>\n<li>Marcos Landa (Chevrolet) &#8211; 144 puntos.<\/li>\n<li>Mariano Werner (Ford) &#8211; 142 puntos + 1 final ganada.<\/li>\n<li>Hern\u00e1n Palazzo (Toyota) &#8211; 141.5 puntos.<\/li>\n<li>Christian Ledesma (Chevrolet) -141 puntos.<\/li>\n<li>Juan Jos\u00e9 Ebarl\u00edn (Chevrolet) &#8211; 139 puntos.<\/li>\n<li>Agust\u00edn Mart\u00ednez (Ford) &#8211; 130.5 puntos.<\/li>\n<li>Mart\u00edn V\u00e1zquez (Dodge) &#8211; 120.5 puntos + 1 final ganada.<\/li>\n<li>Ignacio Fa\u00edn (Torino) &#8211; 114 puntos.<\/li>\n<li>Nicol\u00e1s Trosset (Ford) &#8211; puntos.<\/li>\n<li>Luis Jos\u00e9 Di Palma (Chevrolet) &#8211; 108.5 puntos.<\/li>\n<li>Kevin Candela (Torino) &#8211; 107.5 puntos.<\/li>\n<li>Elio Craparo (Dodge) &#8211; 105.5 puntos.<\/li>\n<li>Emiliano Spataro (Ford) &#8211; 100 puntos.<\/li>\n<li>Andr\u00e9s Jakos (Toyota) &#8211; 100 puntos.<\/li>\n<\/ol>\n<\/div>\n<div class=\"sc-e7b891c4-0 ifHnQL image-embed\"><img alt=\"Agust\u00edn Canapino corri\u00f3 el Desaf\u00edo de las Estrellas y finaliz\u00f3 21\u00b0. (Prensa ACTC)\" loading=\"lazy\" width=\"720\" height=\"100\" decoding=\"async\" data-nimg=\"1\" src=\"http:\/\/cordobadirecto.com\/wp-content\/uploads\/2025\/08\/como-quedo-el-campeonato-del-tc-tras-el-desafio-de-las-estrellas-en-villicum-1.jpg\"><span class=\"epigraphe\">Agust\u00edn Canapino corri\u00f3 el Desaf\u00edo de las Estrellas y finaliz\u00f3 21\u00b0. (Prensa ACTC)<\/span><\/div>\n<div class=\"sc-a7166897-0 eoLsBE\" readability=\"7\">\n<section readability=\"4\"><picture><img alt=\"Franco Colapinto cambi\u00f3 de deporte, hizo dupla con Bizarrap y parece que no les fue muy bien\" loading=\"lazy\" width=\"290\" height=\"290\" decoding=\"async\" data-nimg=\"1\" src=\"http:\/\/cordobadirecto.com\/wp-content\/uploads\/2025\/08\/como-quedo-el-campeonato-del-tc-tras-el-desafio-de-las-estrellas-en-villicum-2.jpg\"><\/picture>\n<p><span>Mir\u00e1 tambi\u00e9n<\/span><\/p>\n<hr>\n<h3>Franco Colapinto cambi\u00f3 de deporte, hizo dupla con Bizarrap y parece que no les fue muy bien<\/h3>\n<\/p>\n<\/section>\n<\/div>\n<div class=\"sc-a7166897-0 eoLsBE\" readability=\"6.5\">\n<section readability=\"3\"><picture><img alt=\"La F\u00f3rmula 1 public\u00f3 la lista de pilotos para 2026: \u00bfcu\u00e1l es la situaci\u00f3n de Franco Colapinto?\" loading=\"lazy\" width=\"290\" height=\"290\" decoding=\"async\" data-nimg=\"1\" src=\"http:\/\/cordobadirecto.com\/wp-content\/uploads\/2025\/08\/como-quedo-el-campeonato-del-tc-tras-el-desafio-de-las-estrellas-en-villicum-3.jpg\"><\/picture>\n<p><span>Mir\u00e1 tambi\u00e9n<\/span><\/p>\n<hr>\n<h3>La F\u00f3rmula 1 public\u00f3 la lista de pilotos para 2026: \u00bfcu\u00e1l es la situaci\u00f3n de Franco Colapinto?<\/h3>\n<\/p>\n<\/section>\n<\/div>\n<div class=\"sc-a7166897-0 eoLsBE\" readability=\"6\">\n<section readability=\"2\"><picture><img alt=\"El piloto de TC que se acord\u00f3 de Franco Colapinto y tuvo suerte al d\u00eda siguiente\" loading=\"lazy\" width=\"290\" height=\"290\" decoding=\"async\" data-nimg=\"1\" src=\"http:\/\/cordobadirecto.com\/wp-content\/uploads\/2025\/08\/como-quedo-el-campeonato-del-tc-tras-el-desafio-de-las-estrellas-en-villicum-4.jpg\"><\/picture>\n<p><span>Mir\u00e1 tambi\u00e9n<\/span><\/p>\n<hr>\n<h3>El piloto de TC que se acord\u00f3 de Franco Colapinto y tuvo suerte al d\u00eda siguiente<\/h3>\n<\/p>\n<\/section>\n<\/div>\n<\/div>\n","protected":false},"excerpt":{"rendered":"<p>10\/08\/2025 14:46hs. Actualizado al 10\/08\/2025 15:25hs. Consumada la novena fecha del Turismo Carretera en San Juan Villicum, correspondiente al Desaf\u00edo de las Estrellas, Mart\u00edn V\u00e1zquez se qued\u00f3 con la victoria. El piloto de Dodge y su equipo gestionaron de forma impecable la estrategia de carga de combustible. Juan Jos\u00e9 Ebarl\u00edn, con Chevrolet, y Facundo Chapur, [&hellip;]<\/p>\n","protected":false},"author":1,"featured_media":172699,"comment_status":"closed","ping_status":"closed","sticky":false,"template":"","format":"standard","meta":[],"categories":[21],"tags":[],"_links":{"self":[{"href":"http:\/\/cordobadirecto.com\/index.php\/wp-json\/wp\/v2\/posts\/172698"}],"collection":[{"href":"http:\/\/cordobadirecto.com\/index.php\/wp-json\/wp\/v2\/posts"}],"about":[{"href":"http:\/\/cordobadirecto.com\/index.php\/wp-json\/wp\/v2\/types\/post"}],"author":[{"embeddable":true,"href":"http:\/\/cordobadirecto.com\/index.php\/wp-json\/wp\/v2\/users\/1"}],"replies":[{"embeddable":true,"href":"http:\/\/cordobadirecto.com\/index.php\/wp-json\/wp\/v2\/comments?post=172698"}],"version-history":[{"count":0,"href":"http:\/\/cordobadirecto.com\/index.php\/wp-json\/wp\/v2\/posts\/172698\/revisions"}],"wp:featuredmedia":[{"embeddable":true,"href":"http:\/\/cordobadirecto.com\/index.php\/wp-json\/wp\/v2\/media\/172699"}],"wp:attachment":[{"href":"http:\/\/cordobadirecto.com\/index.php\/wp-json\/wp\/v2\/media?parent=172698"}],"wp:term":[{"taxonomy":"category","embeddable":true,"href":"http:\/\/cordobadirecto.com\/index.php\/wp-json\/wp\/v2\/categories?post=172698"},{"taxonomy":"post_tag","embeddable":true,"href":"http:\/\/cordobadirecto.com\/index.php\/wp-json\/wp\/v2\/tags?post=172698"}],"curies":[{"name":"wp","href":"https:\/\/api.w.org\/{rel}","templated":true}]}}