{"id":172700,"date":"2025-08-10T15:49:23","date_gmt":"2025-08-10T15:49:23","guid":{"rendered":"https:\/\/www.ole.com.ar\/autos\/franco-colapinto-cambio-deporte-dupla-bizarrap-belasteguin-padel_0_oQjPiqUSR4.html"},"modified":"2025-08-10T15:49:23","modified_gmt":"2025-08-10T15:49:23","slug":"franco-colapinto-cambio-de-deporte-hizo-dupla-con-bizarrap-y-parece-que-no-les-fue-muy-bien","status":"publish","type":"post","link":"http:\/\/cordobadirecto.com\/index.php\/2025\/08\/10\/franco-colapinto-cambio-de-deporte-hizo-dupla-con-bizarrap-y-parece-que-no-les-fue-muy-bien\/","title":{"rendered":"Franco Colapinto cambi\u00f3 de deporte, hizo dupla con Bizarrap y parece que no les fue muy bien"},"content":{"rendered":"<p><time class=\"createDate\" datetime=\"2025-08-10T12:49:23-03:00\">10\/08\/2025 12:49hs.<\/time><\/p>\n<div id=\"storyBody\">\n<div class=\"custom-text \" readability=\"34.218947368421\">\n<p><strong> La <a href=\"https:\/\/www.ole.com.ar\/tema\/formula-1.html\" title=\"F\u00f3rmula 1\" alt=\"F\u00f3rmula 1\" class=\"slug\">F\u00f3rmula 1<\/a> est\u00e1 de vacaciones<\/strong> y no ser\u00e1 hasta el 29 de agosto, en Pa\u00edses Bajos, cuando vuelva a enfocarse en la pista. A la espera de que llegue ese d\u00eda, <strong><a href=\"https:\/\/www.ole.com.ar\/tema\/franco-colapinto.html\" title=\"Franco Colapinto\" alt=\"Franco Colapinto\" class=\"slug\">Franco Colapinto<\/a><\/strong> se est\u00e1 encargando de recargar energ\u00edas, descansar y divertirse. <a href=\"https:\/\/www.ole.com.ar\/autos\/video-franco-colapinto-vacaciones-salio-andar-bicicleta_0_7P4aWfU15R.html\" target=\"_self\" title=\"Ya se lo vio andando en bicicleta\" alt=\"Ya se lo vio andando en bicicleta\" rel=\"noopener\">Ya se lo vio andando en bicicleta<\/a>, una de sus actividades favoritas, y este domingo cambi\u00f3 de deporte: <strong>hizo dupla de p\u00e1del con <a href=\"https:\/\/www.ole.com.ar\/tema\/bizarrap.html\" title=\"Bizarrap\" alt=\"Bizarrap\" class=\"slug\">Bizarrap<\/a><\/strong> y no parece que les haya ido muy bien contra <strong><a href=\"https:\/\/www.ole.com.ar\/tema\/fernando-belasteguin.html\" title=\"Fernando Belastegu\u00edn\" alt=\"Fernando Belastegu\u00edn\" class=\"slug\">Fernando Belastegu\u00edn<\/a><\/strong>, leyenda de la actividad. <\/p>\n<\/div>\n<div class=\"custom-text \" readability=\"39\">\n<p>El DJ y productor canchere\u00f3 en sus redes sociales, donde subi\u00f3 una imagen de los cuatro (se les sum\u00f3 un amigo, \u00c1lvaro Conde) y escribi\u00f3: <strong>&#8220;D\u00e1ndoles clases de p\u00e1del&#8221;<\/strong>. No obstante, Bela, figura hist\u00f3rica de la paleta -tanto en el pa\u00eds como mundialmente-, tuvo otra versi\u00f3n de los hechos&#8230;<\/p>\n<\/div>\n<div class=\"sc-e7b891c4-0 ifHnQL image-embed\"><img alt=\"El comentario de Belastegu\u00edn acerca del partido que jug\u00f3 contra Colapinto y Bizarrap. (IG)\" loading=\"lazy\" width=\"720\" height=\"100\" decoding=\"async\" data-nimg=\"1\" src=\"http:\/\/cordobadirecto.com\/wp-content\/uploads\/2025\/08\/franco-colapinto-cambio-de-deporte-hizo-dupla-con-bizarrap-y-parece-que-no-les-fue-muy-bien.jpg\"><span class=\"epigraphe\">El comentario de Belastegu\u00edn acerca del partido que jug\u00f3 contra Colapinto y Bizarrap. (IG)<\/span><\/div>\n<div class=\"custom-text \" readability=\"37\">\n<p><strong>&#8220;\u00c1lvaro, qu\u00e9 cenita nos ganamos&#8230; Los chicos no dejaron ni un cent\u00edmetro de la cancha sin pisar. \u00a1Por un momento casi funden biela!&#8221;<\/strong>, fue el comentario de Belastegu\u00edn, quien meti\u00f3 un chistecito fierrero para bromear con Franco.<\/p>\n<\/div>\n<div class=\"custom-text \" readability=\"36\">\n<p>Por el lado de Colapinto, se limit\u00f3 a postear la foto de los cuatro en el <strong>Bela Padel Center<\/strong> ubicado en Barcelona, que a\u00fan no abri\u00f3 sus puertas al p\u00fablico pero ya fue testeado por el piloto de Alpine y compa\u00f1\u00eda.<\/p>\n<\/div>\n<p><h2>As\u00ed ser\u00e1 la vuelta de la F\u00f3rmula 1 en Pa\u00edses Bajos<\/h2>\n<\/p>\n<div class=\"custom-text \" readability=\"38\">\n<p><strong>La F1 volver\u00e1 a la actividad el viernes 29 de agosto<\/strong>, d\u00eda en el que el que se realizar\u00e1n las dos sesiones de pr\u00e1cticas libres: la primera ser\u00e1 a las 07.30hs y la segunda a las 11.00hs. El s\u00e1bado, se llevar\u00e1n a cabo la FP3 a partir de las 06.30hs y la qualy desde las 10.00hs. <strong>Y el domingo, la carrera dar\u00e1 inicio a las 10.00hs<\/strong> (todas las horas corresponden a Argentina).<\/p>\n<\/div>\n<div class=\"custom-text \" readability=\"34\">\n<p>Toda la acci\u00f3n de ese Gran Premio se podr\u00e1 ver en vivo a trav\u00e9s de las pantallas de<strong> Fox Sports <\/strong>y <strong>Disney+ Premium<\/strong>. Y por supuesto, vas a poder seguir el minuto a minuto en Ol\u00e9.<\/p>\n<\/div>\n<div class=\"sc-e7b891c4-0 ifHnQL image-embed\"><img alt=\"Unos d\u00edas antes, Colapinto se mostr\u00f3 andando en bicicleta.\" loading=\"lazy\" width=\"720\" height=\"100\" decoding=\"async\" data-nimg=\"1\" src=\"http:\/\/cordobadirecto.com\/wp-content\/uploads\/2025\/08\/franco-colapinto-cambio-de-deporte-hizo-dupla-con-bizarrap-y-parece-que-no-les-fue-muy-bien-1.jpg\"><span class=\"epigraphe\">Unos d\u00edas antes, Colapinto se mostr\u00f3 andando en bicicleta.<\/span><\/div>\n<div class=\"sc-a7166897-0 eoLsBE\" readability=\"6.5\">\n<section readability=\"3\"><picture><img alt=\"La F\u00f3rmula 1 public\u00f3 la lista de pilotos para 2026: \u00bfcu\u00e1l es la situaci\u00f3n de Franco Colapinto?\" loading=\"lazy\" width=\"290\" height=\"290\" decoding=\"async\" data-nimg=\"1\" src=\"http:\/\/cordobadirecto.com\/wp-content\/uploads\/2025\/08\/franco-colapinto-cambio-de-deporte-hizo-dupla-con-bizarrap-y-parece-que-no-les-fue-muy-bien-2.jpg\"><\/picture>\n<p><span>Mir\u00e1 tambi\u00e9n<\/span><\/p>\n<hr>\n<h3>La F\u00f3rmula 1 public\u00f3 la lista de pilotos para 2026: \u00bfcu\u00e1l es la situaci\u00f3n de Franco Colapinto?<\/h3>\n<\/p>\n<\/section>\n<\/div>\n<div class=\"sc-a7166897-0 eoLsBE\" readability=\"6.5\">\n<section readability=\"3\"><picture><img alt=\"TC en El Villicum: Mart\u00edn V\u00e1zquez gan\u00f3 un Desaf\u00edo de las Estrellas que tuvo de todo\" loading=\"lazy\" width=\"290\" height=\"290\" decoding=\"async\" data-nimg=\"1\" src=\"http:\/\/cordobadirecto.com\/wp-content\/uploads\/2025\/08\/franco-colapinto-cambio-de-deporte-hizo-dupla-con-bizarrap-y-parece-que-no-les-fue-muy-bien-3.jpg\"><\/picture>\n<p><span>Mir\u00e1 tambi\u00e9n<\/span><\/p>\n<hr>\n<h3>TC en El Villicum: Mart\u00edn V\u00e1zquez gan\u00f3 un Desaf\u00edo de las Estrellas que tuvo de todo<\/h3>\n<\/p>\n<\/section>\n<\/div>\n<div class=\"sc-a7166897-0 eoLsBE\" readability=\"6\">\n<section readability=\"2\"><picture><img alt=\"El piloto de TC que se acord\u00f3 de Franco Colapinto y tuvo suerte al d\u00eda siguiente\" loading=\"lazy\" width=\"290\" height=\"290\" decoding=\"async\" data-nimg=\"1\" src=\"http:\/\/cordobadirecto.com\/wp-content\/uploads\/2025\/08\/franco-colapinto-cambio-de-deporte-hizo-dupla-con-bizarrap-y-parece-que-no-les-fue-muy-bien-4.jpg\"><\/picture>\n<p><span>Mir\u00e1 tambi\u00e9n<\/span><\/p>\n<hr>\n<h3>El piloto de TC que se acord\u00f3 de Franco Colapinto y tuvo suerte al d\u00eda siguiente<\/h3>\n<\/p>\n<\/section>\n<\/div>\n<div class=\"sc-a7166897-0 eoLsBE\" readability=\"7\">\n<section readability=\"4\"><picture><img alt=\"Video: ya de vacaciones y sin F\u00f3rmula 1, Franco Colapinto sali\u00f3 a andar en bicicleta\" loading=\"lazy\" width=\"290\" height=\"290\" decoding=\"async\" data-nimg=\"1\" src=\"http:\/\/cordobadirecto.com\/wp-content\/uploads\/2025\/08\/franco-colapinto-cambio-de-deporte-hizo-dupla-con-bizarrap-y-parece-que-no-les-fue-muy-bien-5.jpg\"><\/picture>\n<p><span>Mir\u00e1 tambi\u00e9n<\/span><\/p>\n<hr>\n<h3>Video: ya de vacaciones y sin F\u00f3rmula 1, Franco Colapinto sali\u00f3 a andar en bicicleta<\/h3>\n<\/p>\n<\/section>\n<\/div>\n<\/div>\n","protected":false},"excerpt":{"rendered":"<p>10\/08\/2025 12:49hs. La F\u00f3rmula 1 est\u00e1 de vacaciones y no ser\u00e1 hasta el 29 de agosto, en Pa\u00edses Bajos, cuando vuelva a enfocarse en la pista. A la espera de que llegue ese d\u00eda, Franco Colapinto se est\u00e1 encargando de recargar energ\u00edas, descansar y divertirse. Ya se lo vio andando en bicicleta, una de sus [&hellip;]<\/p>\n","protected":false},"author":1,"featured_media":172701,"comment_status":"closed","ping_status":"closed","sticky":false,"template":"","format":"standard","meta":[],"categories":[21],"tags":[],"_links":{"self":[{"href":"http:\/\/cordobadirecto.com\/index.php\/wp-json\/wp\/v2\/posts\/172700"}],"collection":[{"href":"http:\/\/cordobadirecto.com\/index.php\/wp-json\/wp\/v2\/posts"}],"about":[{"href":"http:\/\/cordobadirecto.com\/index.php\/wp-json\/wp\/v2\/types\/post"}],"author":[{"embeddable":true,"href":"http:\/\/cordobadirecto.com\/index.php\/wp-json\/wp\/v2\/users\/1"}],"replies":[{"embeddable":true,"href":"http:\/\/cordobadirecto.com\/index.php\/wp-json\/wp\/v2\/comments?post=172700"}],"version-history":[{"count":0,"href":"http:\/\/cordobadirecto.com\/index.php\/wp-json\/wp\/v2\/posts\/172700\/revisions"}],"wp:featuredmedia":[{"embeddable":true,"href":"http:\/\/cordobadirecto.com\/index.php\/wp-json\/wp\/v2\/media\/172701"}],"wp:attachment":[{"href":"http:\/\/cordobadirecto.com\/index.php\/wp-json\/wp\/v2\/media?parent=172700"}],"wp:term":[{"taxonomy":"category","embeddable":true,"href":"http:\/\/cordobadirecto.com\/index.php\/wp-json\/wp\/v2\/categories?post=172700"},{"taxonomy":"post_tag","embeddable":true,"href":"http:\/\/cordobadirecto.com\/index.php\/wp-json\/wp\/v2\/tags?post=172700"}],"curies":[{"name":"wp","href":"https:\/\/api.w.org\/{rel}","templated":true}]}}